{"id":8704,"date":"2011-06-06T14:31:45","date_gmt":"2011-06-06T14:31:45","guid":{"rendered":"https:\/\/www.carlofrancio.net\/?p=8704"},"modified":"2011-06-06T14:31:45","modified_gmt":"2011-06-06T14:31:45","slug":"messina-roma-2%c2%b0-anniversario-06-06-2009-memoria-del-prof-antonio-casile-presidente-m-o-v","status":"publish","type":"post","link":"https:\/\/www.carlofrancio.net\/?p=8704","title":{"rendered":"Messina &#8211; Roma 2\u00b0 Anniversario (06-06-2009)- Memoria del Prof. Antonio Casile &#8211; &#8220;Presidente M.O.V.&#8221;"},"content":{"rendered":"<p>\u00a0 <a href=\"https:\/\/www.carlofrancio.net\/wp-content\/uploads\/2011\/06\/CCI06062011_00000.jpg\"><img loading=\"lazy\" decoding=\"async\" class=\"size-medium wp-image-8705 alignright\" title=\"CCI06062011_00000\" src=\"https:\/\/www.carlofrancio.net\/wp-content\/uploads\/2011\/06\/CCI06062011_00000-216x300.jpg\" alt=\"\" width=\"216\" height=\"300\" srcset=\"https:\/\/www.carlofrancio.net\/wp-content\/uploads\/2011\/06\/CCI06062011_00000-216x300.jpg 216w, https:\/\/www.carlofrancio.net\/wp-content\/uploads\/2011\/06\/CCI06062011_00000.jpg 577w\" sizes=\"auto, (max-width: 216px) 100vw, 216px\" \/><\/a><\/p>\n<p><a href=\"https:\/\/www.carlofrancio.net\/wp-content\/uploads\/2011\/06\/MLO-1997-LAICI_con_Don_ORIONE.jpg\"><img loading=\"lazy\" decoding=\"async\" class=\"size-medium wp-image-8706 alignleft\" title=\"MLO-1997-LAICI_con_Don_ORIONE\" src=\"https:\/\/www.carlofrancio.net\/wp-content\/uploads\/2011\/06\/MLO-1997-LAICI_con_Don_ORIONE-300x204.jpg\" alt=\"\" width=\"300\" height=\"204\" srcset=\"https:\/\/www.carlofrancio.net\/wp-content\/uploads\/2011\/06\/MLO-1997-LAICI_con_Don_ORIONE-300x204.jpg 300w, https:\/\/www.carlofrancio.net\/wp-content\/uploads\/2011\/06\/MLO-1997-LAICI_con_Don_ORIONE.jpg 498w\" sizes=\"auto, (max-width: 300px) 100vw, 300px\" \/><\/a><\/p>\n<p>L&#8217;estate scorsa 2010,\u00a0rivedendo, dopo molti anni,\u00a0Silvana, ho ancor pi\u00f9 capito la grandezza umile e profonda di Antonio. Ha seminato, gioia, serenit\u00e0 e pace; nella famiglia, nella scuola e nella societ\u00e0. La moglie e le tre figlie Emilia, Cecilia e Livia; possono essere fiere del lascito morale e spirituale del loro congiunto. Gli amici tutti ed in particolare quelli del Don Orione, gli rendono omaggio non solo perch\u00e8 era un profondo conoscitore diel santo Luigi Orione e della sua Opera Orionina, ma anche e sopratutto perch\u00e8 nell&#8217;ambito laicale ha, con il sostegno di Don Domenico Crucitti, realizzato\u00a0comportamenti volti alla ricerca dell&#8217;unitariet\u00e0 nella diversit\u00e0 dei compiti.<\/p>\n<p>\u00abCerto che lo Spirito da a ciascuno, in ogni tempo,\u00a0carismi differenti e complementari, e\u00a0che le azioni degli Uomini Buoni si saldano in una armonia \u00a0misteriosa. Gesti uguali, in contesti e tempi diversi, assumono lo stesso significato, il Bene vince sempre perch\u00e8 lascia eredit\u00e0. Qualche giorno fa,\u00a0stretta di mano ad Umberto Ambrosoli, fiero di un padre Giorgio che ha servito fedelmente le Istituzioni pur essendo &#8220;Laico&#8221;. L&#8217;anno scorso stretta di mano a Cecilia figlia di Antonio Casile\u00a0fiera di un Padre, che ha messo le sue grandi doti di saggezza ed umanit\u00e0 \u00a0al servizio della cultura Religiosa e Sociale- con un occhio particolare &#8220;&#8230;per i fanciulli abbandonati o poveri e alle umili classe operarie&#8221;. Abbiamo conosciuto due Uomini di FEDE SPERANZA<\/p>\n<h2><a title=\"Don Orione\" href=\"https:\/\/www.carlofrancio.net\/wp-content\/uploads\/2011\/06\/Antonio-Casile-DonOrioneGenioIntegrazione.pdf\" target=\"_blank\"><img loading=\"lazy\" decoding=\"async\" class=\"alignleft size-medium wp-image-8707\" title=\"MLO-1997-LAICI_con_Don_ORIONE (2)\" src=\"https:\/\/www.carlofrancio.net\/wp-content\/uploads\/2011\/06\/MLO-1997-LAICI_con_Don_ORIONE-2-300x190.jpg\" alt=\"\" width=\"300\" height=\"190\" srcset=\"https:\/\/www.carlofrancio.net\/wp-content\/uploads\/2011\/06\/MLO-1997-LAICI_con_Don_ORIONE-2-300x190.jpg 300w, https:\/\/www.carlofrancio.net\/wp-content\/uploads\/2011\/06\/MLO-1997-LAICI_con_Don_ORIONE-2.jpg 800w\" sizes=\"auto, (max-width: 300px) 100vw, 300px\" \/><\/a><\/p>\n<p><a title=\"Don Orione\" href=\"https:\/\/www.carlofrancio.net\/wp-content\/uploads\/2011\/06\/Antonio-Casile-DonOrioneGenioIntegrazione.pdf\" target=\"_blank\"><span style=\"font-size: medium;\"><strong>Don Orione: <\/strong><\/span><span style=\"font-size: medium;\"><strong>il &#8220;genio&#8221; dell&#8217;integrazione<\/strong><\/span><\/a><\/h2>\n<p>\u00ab<span style=\"color: #800000;\">Nello spirito di Don Orione, noi laici orionini, singoli e variamente associati, oggi tutti impegnati nella conversione all&#8217;unit\u00e0 del medesimo spirito e nella convergenza verso la comunione organica del Movimento Laicale Orionino, noi sentiamo di dover essere e vogliamo essere &#8220;una forza nelle mani della Chiesa&#8221; (SdO 1, 74), vogliamo essere &#8220;un lievito, una pacifica forza di cristiano rinnovamento: fidati in Dio noi vogliamo tutto restaurare in Cristo&#8221;\u00bb<\/span><\/p>\n<p><strong><span style=\"font-family: TimesNewRomanPS-BoldMT; color: #000081;\"><strong><span style=\"font-family: TimesNewRomanPS-BoldMT; color: #000081;\">Prof Antonio Casile<\/p>\n<p><\/span><\/strong><\/span><\/strong><span style=\"font-family: TimesNewRomanPSMT; color: #810000; font-size: x-small;\"><span style=\"font-family: TimesNewRomanPSMT; color: #810000; font-size: x-small;\"><span style=\"font-family: TimesNewRomanPSMT; color: #810000; font-size: x-small;\">(Ex allievo, professore, Presidente del Movimento Orionino di Volontariato. Relazione tenuta al Convegno del MLO, il<\/p>\n<p>10.10.1997.)<\/p>\n<p><\/span><\/span><\/span><\/p>\n<p><a href=\"https:\/\/www.carlofrancio.net\/wp-content\/uploads\/2011\/06\/MLO-1997-LAICI_con_Don_ORIONE-2.jpg\"><\/a><\/p>\n","protected":false},"excerpt":{"rendered":"<p>\u00a0 L&#8217;estate scorsa 2010,\u00a0rivedendo, dopo molti anni,\u00a0Silvana, ho ancor pi\u00f9 capito la grandezza umile e profonda di Antonio. Ha seminato, gioia, serenit\u00e0 e pace; nella famiglia, nella scuola e nella &hellip; <\/p>\n","protected":false},"author":1,"featured_media":8705,"comment_status":"open","ping_status":"open","sticky":false,"template":"","format":"standard","meta":{"footnotes":""},"categories":[3,16,22,63,57,46,1,48],"tags":[426,430,431,97,52],"class_list":["post-8704","post","type-post","status-publish","format-standard","has-post-thumbnail","hentry","category-asso","category-eventi","category-mlo","category-promozione-umana","category-protagonisti","category-scuola","category-senza-categoria","category-sociale","tag-cultura","tag-scuola","tag-sociale","tag-solidarieta","tag-volontariato"],"_links":{"self":[{"href":"https:\/\/www.carlofrancio.net\/index.php?rest_route=\/wp\/v2\/posts\/8704","targetHints":{"allow":["GET"]}}],"collection":[{"href":"https:\/\/www.carlofrancio.net\/index.php?rest_route=\/wp\/v2\/posts"}],"about":[{"href":"https:\/\/www.carlofrancio.net\/index.php?rest_route=\/wp\/v2\/types\/post"}],"author":[{"embeddable":true,"href":"https:\/\/www.carlofrancio.net\/index.php?rest_route=\/wp\/v2\/users\/1"}],"replies":[{"embeddable":true,"href":"https:\/\/www.carlofrancio.net\/index.php?rest_route=%2Fwp%2Fv2%2Fcomments&post=8704"}],"version-history":[{"count":5,"href":"https:\/\/www.carlofrancio.net\/index.php?rest_route=\/wp\/v2\/posts\/8704\/revisions"}],"predecessor-version":[{"id":8713,"href":"https:\/\/www.carlofrancio.net\/index.php?rest_route=\/wp\/v2\/posts\/8704\/revisions\/8713"}],"wp:featuredmedia":[{"embeddable":true,"href":"https:\/\/www.carlofrancio.net\/index.php?rest_route=\/wp\/v2\/media\/8705"}],"wp:attachment":[{"href":"https:\/\/www.carlofrancio.net\/index.php?rest_route=%2Fwp%2Fv2%2Fmedia&parent=8704"}],"wp:term":[{"taxonomy":"category","embeddable":true,"href":"https:\/\/www.carlofrancio.net\/index.php?rest_route=%2Fwp%2Fv2%2Fcategories&post=8704"},{"taxonomy":"post_tag","embeddable":true,"href":"https:\/\/www.carlofrancio.net\/index.php?rest_route=%2Fwp%2Fv2%2Ftags&post=8704"}],"curies":[{"name":"wp","href":"https:\/\/api.w.org\/{rel}","templated":true}]}}