{"id":8482,"date":"2011-05-06T21:17:33","date_gmt":"2011-05-06T21:17:33","guid":{"rendered":"https:\/\/www.carlofrancio.net\/?p=8482"},"modified":"2012-11-05T08:33:07","modified_gmt":"2012-11-05T08:33:07","slug":"messina-%c2%abuna-grande-testimonianza-di-umilta-coerenza-ed-impegno-%c2%abunire-il-cielo-alla-terra%c2%bb","status":"publish","type":"post","link":"https:\/\/www.carlofrancio.net\/?p=8482","title":{"rendered":"Messina &#8211; \u00abUna grande Testimonianza di umilt\u00e0 coerenza ed impegno-\u00abUnire il Cielo alla Terra\u00bb"},"content":{"rendered":"<p><a href=\"https:\/\/www.carlofrancio.net\/wp-content\/uploads\/2011\/05\/973_0399-2.jpg\"><img loading=\"lazy\" decoding=\"async\" class=\"alignleft size-medium wp-image-8493\" title=\"973_0399-2\" src=\"https:\/\/www.carlofrancio.net\/wp-content\/uploads\/2011\/05\/973_0399-2-300x169.jpg\" alt=\"\" width=\"300\" height=\"169\" srcset=\"https:\/\/www.carlofrancio.net\/wp-content\/uploads\/2011\/05\/973_0399-2-300x169.jpg 300w, https:\/\/www.carlofrancio.net\/wp-content\/uploads\/2011\/05\/973_0399-2.jpg 800w\" sizes=\"auto, (max-width: 300px) 100vw, 300px\" \/><\/a><span style=\"color: #333399;\"><strong>gioved\u00ec 5 maggio 2011 <\/strong><\/span>&#8211; Parrocchia Santa Maria di Ges\u00f9 inf.-Provinciale- Un grande finale per gli incontri di Legalit\u00e0 programmati per questo 2011 dalla Comunit\u00e0 parrocchiale guidata con semplicit\u00e0 e fermezza da <strong><span style=\"color: #3366ff;\">Padre Terenzio Pastore<\/span><\/strong>.<\/p>\n<p><a href=\"https:\/\/www.carlofrancio.net\/wp-content\/uploads\/2011\/05\/973_0399-3.jpg\"><img loading=\"lazy\" decoding=\"async\" class=\"alignright size-medium wp-image-8494\" title=\"973_0399-3\" src=\"https:\/\/www.carlofrancio.net\/wp-content\/uploads\/2011\/05\/973_0399-3-300x169.jpg\" alt=\"\" width=\"300\" height=\"169\" srcset=\"https:\/\/www.carlofrancio.net\/wp-content\/uploads\/2011\/05\/973_0399-3-300x169.jpg 300w, https:\/\/www.carlofrancio.net\/wp-content\/uploads\/2011\/05\/973_0399-3.jpg 800w\" sizes=\"auto, (max-width: 300px) 100vw, 300px\" \/><\/a><span style=\"color: #000080;\"><strong>Don Luigi Ciotti <\/strong><\/span>non racconta, ma vive, attualizza\u00a0e trasferisce agli interlocutori tutte le senzazioni e i sentimenti che nascono nel profondo del suo animo di <span style=\"color: #000080;\">Pastore<\/span>. Si!\u00a0Si sente, si percepisce che tutto ci\u00f2 che proclama \u00e8 frutto di intenso lavorio. Spesso, si dispone all&#8217;Azione dello Spirito, riuscendo a snocciolare una sequela di fatti,<\/p>\n<p><img loading=\"lazy\" decoding=\"async\" class=\"alignleft size-medium wp-image-8503\" title=\"Parrocchia-SMGi-DonLuigiCiotti-04\" src=\"https:\/\/www.carlofrancio.net\/wp-content\/uploads\/2011\/05\/973_03981-168x300.jpg\" alt=\"\" width=\"168\" height=\"300\" srcset=\"https:\/\/www.carlofrancio.net\/wp-content\/uploads\/2011\/05\/973_03981-168x300.jpg 168w, https:\/\/www.carlofrancio.net\/wp-content\/uploads\/2011\/05\/973_03981-576x1024.jpg 576w, https:\/\/www.carlofrancio.net\/wp-content\/uploads\/2011\/05\/973_03981.jpg 1728w\" sizes=\"auto, (max-width: 168px) 100vw, 168px\" \/><\/p>\n<p>che\u00a0fanno impallidire i tanti soloni che &#8220;inculcano&#8221; le idee dell&#8217;egoismo e della schiavit\u00f9.\u00a0<span style=\"color: #000080;\"><strong>Don Luigi,<\/strong><\/span> Ci ha fatto entrare in una nuova dimensione, la dimensione della Responsabilit\u00e0. (Nei miei ricordi, oltre all&#8217;<span style=\"color: #000080;\">arcivescovo<\/span> <strong><span style=\"color: #000080;\">Don Franco Montenegro,<\/span><\/strong> gi\u00e0\u00a0nel 2001 a Gambarie d&#8217;Aspromonte, il <span style=\"color: #000080;\">Cardinale<\/span> <strong>Salvatore Pappalardo<\/strong>, durante un Convegno interregionale di\u00a0Catechesi, in un colloquio personale, parlando della &#8220;Primavera Palermitana&#8221; 1985, ad una mia precisa domanda mi<\/p>\n<p><img loading=\"lazy\" decoding=\"async\" class=\"alignright size-medium wp-image-8504\" title=\"Parrocchia-SMGi-DonLuigiCiotti-01\" src=\"https:\/\/www.carlofrancio.net\/wp-content\/uploads\/2011\/05\/973_0395-168x300.jpg\" alt=\"\" width=\"168\" height=\"300\" srcset=\"https:\/\/www.carlofrancio.net\/wp-content\/uploads\/2011\/05\/973_0395-168x300.jpg 168w, https:\/\/www.carlofrancio.net\/wp-content\/uploads\/2011\/05\/973_0395-576x1024.jpg 576w, https:\/\/www.carlofrancio.net\/wp-content\/uploads\/2011\/05\/973_0395.jpg 1728w\" sizes=\"auto, (max-width: 168px) 100vw, 168px\" \/><\/p>\n<p>aveva fortemente e quasi\u00a0brutalmente sottolineato che i cambiamenti nella Societ\u00e0 possono avvenire solo se ciascuno \u00e8 pronto\u00a0alla responsabilit\u00e0.) Nessuna delega, quindi. \u00a0Cos\u00ec\u00a0<strong>Don Ciott<\/strong>i utilizzando\u00a0<strong>&#8220;<span style=\"color: #000080;\">L.I.B.E.RA<\/span>.<\/strong>&#8221; ha scandito la valenza di ogni singola iniziale, cominciando da<strong>\u00a0<span style=\"color: #000080;\">L<\/span><\/strong>.\u00a0come<span style=\"color: #000080;\">\u00a0<strong>Libert\u00e0<\/strong><\/span>.<\/p>\n<p>La responsabilit\u00e0 \u00e8 il tratto di unione tra la Legalit\u00e0 e la Giustizia. Il nostro fine \u00e8 la Giustizia. La Legalit\u00e0 \u00e8 solo un &#8220;mezzo&#8221; da condividere, ma senza la Libert\u00e0 non c&#8217;\u00e8 Uguaglianza e Giustizia.<\/p>\n<p>Quindi propedeutica per il nostro <strong>&#8220;fine&#8221;<\/strong>, per passare dalla <span style=\"color: #008080;\"><strong>Legalit\u00e0<\/strong><\/span> alla <span style=\"color: #008080;\"><strong>Giustizia<\/strong><\/span> attraverso la\u00a0<span style=\"color: #008080;\"><strong>Responsabilit\u00e0<\/strong><\/span>, \u00e8 la <strong><span style=\"color: #000080;\">LIBERTA<\/span>&#8216;<\/strong>.<\/p>\n<p><span style=\"color: #ff6600;\"><strong>Un uomo senza lavoro; non \u00e8 libero. Un precario; non \u00e8 libero. Un commerciante che deve pagare il pizzo; non \u00e8 libero. Per essere Liberi bisogna pagare il prezzo&#8230; di combattere tutte le mafie, non solo il gruppetto Criminale\u00a0<strong>associato, ma specialmente gli altri,\u00a0coloro (i famosi colletti bianchi, professionisti, burocrati, politici e &#8230;, che con noncuranza &#8220;non vedono&#8221; e non &#8220;sentono&#8221;, che\u00a0sanno farsi gli affari Loro.\u00a0<\/strong><\/strong><\/span><\/p>\n<p><span style=\"color: #ff6600;\"><strong><img loading=\"lazy\" decoding=\"async\" class=\"alignleft size-thumbnail wp-image-8496\" title=\"973_0400-5\" src=\"https:\/\/www.carlofrancio.net\/wp-content\/uploads\/2011\/05\/973_0400-5-150x150.jpg\" alt=\"\" width=\"150\" height=\"150\" \/><\/strong><\/span><\/p>\n<p><strong style=\"color: #003366;\">\u00abSolo con l&#8217;educazione, si pu\u00f2 sconfiggere il male dell&#8217;egoismo.\u00bb<\/strong><\/p>\n<p>Toccanti, vere ed umane le storie di uguaglianza di Rocco Di Cillo, Antonio Montinaro, Vito Schifani uniti nella morte e negli ideali a Francesca Morvillo e Giovanni Falcone. (Strage di capaci 23\/maggio\/1992). Tutti e tre Pugliesi, terra di\u00a0nobile sacrificio.\u00a0E poi la nascita di\u00a0<strong>LIBERA<\/strong>\u00a0con\u00a0Antonino\u00a0<strong>Caponnetto<\/strong>\u00a0e la<strong>\u00a0Mamma<\/strong>\u00a0dell&#8217;agente\u00a0Roberto\u00a0<strong>Antiochi<\/strong>a (che interruppe le ferie per\u00a0fare la scorta a\u00a0Ninni\u00a0<strong>Cassar\u00e0<\/strong>),\u00a0Rosario<strong>\u00a0Livatino<\/strong>,\u00a0Don Peppe<strong>\u00a0Diana<\/strong>\u00a0e &#8230;tanti altri ancora.<\/p>\n<p><img loading=\"lazy\" decoding=\"async\" class=\"size-thumbnail wp-image-8495 alignright\" title=\"973_0400\" src=\"https:\/\/www.carlofrancio.net\/wp-content\/uploads\/2011\/05\/973_0400-150x150.jpg\" alt=\"\" width=\"150\" height=\"150\" \/><span style=\"color: #800000;\"><strong>ATTUALITA&#8217;<\/strong><\/span>&#8211; Oggi \u00e8 possibile comprare i prodotti di<span style=\"color: #800000;\"><strong> Libera Terra<\/strong><\/span>, frutto della coltivazione dei poderi confiscati alla mafia. Giovani, uniti in cooperative,\u00a0che lavorano producono, pasta vino olio e &#8230; la mozzarella di bufala. Molto altro ancora si pu\u00f2 e si deve fare iniziando per esempio ad attuare i 5 auspici, che se realizzati darebbero un grande contributo alla realizzazione della Giustizia. Pertanto &#8211;\u00a0BUONA VISIONE! Donne e Uomini\u00a0Liberi!<\/p>\n<p><object width=\"425\" height=\"344\" classid=\"clsid:d27cdb6e-ae6d-11cf-96b8-444553540000\" codebase=\"http:\/\/download.macromedia.com\/pub\/shockwave\/cabs\/flash\/swflash.cab#version=6,0,40,0\"><param name=\"src\" value=\"http:\/\/www.youtube.com\/v\/Dc0p1I4fLfI?hl=it&amp;fs=1\" \/><param name=\"allowfullscreen\" value=\"true\" \/><param name=\"allowscriptaccess\" value=\"always\" \/><embed width=\"425\" height=\"344\" type=\"application\/x-shockwave-flash\" src=\"http:\/\/www.youtube.com\/v\/Dc0p1I4fLfI?hl=it&amp;fs=1\" allowfullscreen=\"true\" allowscriptaccess=\"always\" \/><\/object><\/p>\n","protected":false},"excerpt":{"rendered":"<p>gioved\u00ec 5 maggio 2011 &#8211; Parrocchia Santa Maria di Ges\u00f9 inf.-Provinciale- Un grande finale per gli incontri di Legalit\u00e0 programmati per questo 2011 dalla Comunit\u00e0 parrocchiale guidata con semplicit\u00e0 e &hellip; <\/p>\n","protected":false},"author":1,"featured_media":8493,"comment_status":"open","ping_status":"open","sticky":false,"template":"","format":"standard","meta":{"footnotes":""},"categories":[3,6,10,16,69,63,57,46,1,48,58],"tags":[25,426,34,40,107,52],"class_list":["post-8482","post","type-post","status-publish","format-standard","has-post-thumbnail","hentry","category-asso","category-chiesa_cattolica","category-cultura","category-eventi","category-chiesa-di-santa-maria-in-provinciale","category-promozione-umana","category-protagonisti","category-scuola","category-senza-categoria","category-sociale","category-vittime-della-mafia","tag-antonino-caponnetto","tag-cultura","tag-giovani","tag-legalita","tag-vittime-della-mafia-promozione-umana","tag-volontariato"],"_links":{"self":[{"href":"https:\/\/www.carlofrancio.net\/index.php?rest_route=\/wp\/v2\/posts\/8482","targetHints":{"allow":["GET"]}}],"collection":[{"href":"https:\/\/www.carlofrancio.net\/index.php?rest_route=\/wp\/v2\/posts"}],"about":[{"href":"https:\/\/www.carlofrancio.net\/index.php?rest_route=\/wp\/v2\/types\/post"}],"author":[{"embeddable":true,"href":"https:\/\/www.carlofrancio.net\/index.php?rest_route=\/wp\/v2\/users\/1"}],"replies":[{"embeddable":true,"href":"https:\/\/www.carlofrancio.net\/index.php?rest_route=%2Fwp%2Fv2%2Fcomments&post=8482"}],"version-history":[{"count":18,"href":"https:\/\/www.carlofrancio.net\/index.php?rest_route=\/wp\/v2\/posts\/8482\/revisions"}],"predecessor-version":[{"id":8500,"href":"https:\/\/www.carlofrancio.net\/index.php?rest_route=\/wp\/v2\/posts\/8482\/revisions\/8500"}],"wp:featuredmedia":[{"embeddable":true,"href":"https:\/\/www.carlofrancio.net\/index.php?rest_route=\/wp\/v2\/media\/8493"}],"wp:attachment":[{"href":"https:\/\/www.carlofrancio.net\/index.php?rest_route=%2Fwp%2Fv2%2Fmedia&parent=8482"}],"wp:term":[{"taxonomy":"category","embeddable":true,"href":"https:\/\/www.carlofrancio.net\/index.php?rest_route=%2Fwp%2Fv2%2Fcategories&post=8482"},{"taxonomy":"post_tag","embeddable":true,"href":"https:\/\/www.carlofrancio.net\/index.php?rest_route=%2Fwp%2Fv2%2Ftags&post=8482"}],"curies":[{"name":"wp","href":"https:\/\/api.w.org\/{rel}","templated":true}]}}