{"id":8236,"date":"2011-04-20T15:22:33","date_gmt":"2011-04-20T15:22:33","guid":{"rendered":"https:\/\/www.carlofrancio.net\/?p=8236"},"modified":"2011-04-28T08:24:40","modified_gmt":"2011-04-28T08:24:40","slug":"pasqua-2011-%c2%abcondividiamo-gli-auguri-come-ununica-comunita-umana%c2%bb","status":"publish","type":"post","link":"https:\/\/www.carlofrancio.net\/?p=8236","title":{"rendered":"PASQUA 2011 &#8211; \u00abCondividiamo gli Auguri come un&#8217;unica comunit\u00e0 umana\u00bb"},"content":{"rendered":"<p><a href=\"https:\/\/www.carlofrancio.net\/wp-content\/uploads\/2011\/04\/2011-Pasqua-Auguri_MLO_Crucitti.jpg\"><img loading=\"lazy\" decoding=\"async\" class=\"alignleft size-medium wp-image-8237\" title=\"2011-Pasqua-Auguri_MLO_Crucitti\" src=\"https:\/\/www.carlofrancio.net\/wp-content\/uploads\/2011\/04\/2011-Pasqua-Auguri_MLO_Crucitti-210x300.jpg\" alt=\"\" width=\"210\" height=\"300\" srcset=\"https:\/\/www.carlofrancio.net\/wp-content\/uploads\/2011\/04\/2011-Pasqua-Auguri_MLO_Crucitti-210x300.jpg 210w, https:\/\/www.carlofrancio.net\/wp-content\/uploads\/2011\/04\/2011-Pasqua-Auguri_MLO_Crucitti.jpg 573w\" sizes=\"auto, (max-width: 210px) 100vw, 210px\" \/><\/a><a href=\"https:\/\/www.carlofrancio.net\/wp-content\/uploads\/2011\/04\/2011-Pasqua-Auguri_MLO_Crucitti-Il-Risorto.jpg\"><img loading=\"lazy\" decoding=\"async\" class=\"alignright size-full wp-image-8238\" title=\"2011-Pasqua-Auguri_MLO_Crucitti-Il Risorto\" src=\"https:\/\/www.carlofrancio.net\/wp-content\/uploads\/2011\/04\/2011-Pasqua-Auguri_MLO_Crucitti-Il-Risorto.jpg\" alt=\"\" width=\"321\" height=\"255\" srcset=\"https:\/\/www.carlofrancio.net\/wp-content\/uploads\/2011\/04\/2011-Pasqua-Auguri_MLO_Crucitti-Il-Risorto.jpg 321w, https:\/\/www.carlofrancio.net\/wp-content\/uploads\/2011\/04\/2011-Pasqua-Auguri_MLO_Crucitti-Il-Risorto-300x238.jpg 300w\" sizes=\"auto, (max-width: 321px) 100vw, 321px\" \/><span style=\"text-decoration: underline;\"><span style=\"color: #993300;\"><strong>R<\/strong><\/span><\/span><\/a><span style=\"text-decoration: underline;\"><span style=\"color: #993300;\"><strong>oma <\/strong><\/span><\/span>&#8211;<span style=\"color: #993300;\"> Gli auguri dei FDP- (Figli della Divina Provvidenza) DonLuigi Orione<\/span><\/p>\n<p><span style=\"color: #0000ff;\"><strong>Don Domenico Crucitti<\/strong><\/span> &#8211; &#8220;Ma se Ges\u00f9 non \u00e8 risorto, vuota allora \u00e8 la nostra predicazione, vuota anche la nostra fede&#8230; (1 Cor. 15,14)<\/p>\n<p><strong><span style=\"color: #000080;\">Benedetto XVI<\/span><\/strong> &#8211; Ges\u00f9 di Nazaret II, pag. 270)-&#8220;Solo se Ges\u00f9 \u00e8 risorto, \u00e8 avvenuto qualcosa di veramente nuovo che cambia il mondo e la situazione dell&#8217;uomo. allora Egli, ges\u00f9, diventa il criterio, del quale ci possiamo fidare. poich\u00e8 allora dio si \u00e8 veramente manifestato&#8221;<\/p>\n<p><span style=\"color: #000080;\"><strong>Don Luigi Orione <\/strong><\/span>&#8211; dall&#8217;Argentina, 19 marzo 1935, L II pag. 216)-&#8220;<em>Cristo \u00e8 risorto! <\/em>Vedo Ges\u00f9 che torna: non \u00e8 un fantasma, no! E&#8217; Lui, il Maestro, \u00e8 Ges\u00f9 che cammina sulle acque limacciose di questo mondo cos\u00ec torbido, cos\u00ec tempestoso. <em>L&#8217;avvenire \u00e8 di cristo!<\/em> T&#8217;avanza, t&#8217;avanza, o divino risorto! La barca di questopovero mondo fa acqua da tutte le parti: senza di te v\u00e0 a fondo; vieni, o Signore, vieni! Risuscita in tutti i cuori, in tutte le famiglie, su tutte le plaghe della terra, o Cristo Ges\u00f9, risorgi e risorgi!&#8221;<\/p>\n<p><a href=\"https:\/\/www.carlofrancio.net\/wp-content\/uploads\/2011\/04\/Comunicaresperanza-05-300x1611.jpg\"><img loading=\"lazy\" decoding=\"async\" class=\"alignleft size-full wp-image-8244\" title=\"Comunicaresperanza-05-300x161[1]\" src=\"https:\/\/www.carlofrancio.net\/wp-content\/uploads\/2011\/04\/Comunicaresperanza-05-300x1611.jpg\" alt=\"\" width=\"300\" height=\"161\" \/><\/a><span style=\"color: #993300;\"><span style=\"text-decoration: underline;\"><strong>Mazara del Vallo <\/strong>&#8211; Gli auguri di<\/span><\/span> <span style=\"color: #0000ff;\"><strong>Don Giuseppe Alcamo (<\/strong><\/span>Direttore Ufficio Catechistico Regionale)<\/p>\n<div><span style=\"font-family: Arial; color: #800000; font-size: x-small;\">Questa domenica delle palme \u00e8 segnata dal contrasto dell&#8217;entusiasmo per l&#8217;ingresso di Ges\u00f9 a Gerusalemme con l&#8217;annuncio della passione secondo Matteo, dove\u00a0entrambi \u00a0i malfattori, sospesi sulla croce accanto a Ges\u00f9, gli chiedevano, pure loro, di scendere dalla croce. <\/span><\/div>\n<div><span style=\"font-family: Arial; color: #800000; font-size: x-small;\">Nella liturigia della Chiesa, alla gioia iniziale subentra un senso di riflessione che scaturisce dalla domanda: ma come \u00e8 stato possibile? o per meglio dire: ma come \u00e8 possibile?<\/span><\/div>\n<div><span style=\"font-family: Arial; color: #800000; font-size: x-small;\">Le domande non hanno e non possono avere\u00a0risposte scontante\u00a0o facili; ma, non possono restare senza una risposta. <\/span><\/div>\n<div><span style=\"font-family: Arial; color: #800000; font-size: x-small;\">Alla risposta che lungo il corso dei secoli la Chiesa ha maturato, si deve affiancare la risposta o le risposte che ciascuno di noi matura, per vivere la sua Pasqua, che \u00e8 sempre la Pasqua del Signore Ges\u00f9 Cristo. Da questa risposta si evince la significativit\u00e0 o meno della nostra vita cristiana.<\/span><\/div>\n<div><strong><span style=\"font-family: Arial; font-size: x-small;\">Auguri\u00a0 <\/span><span style=\"font-family: Arial; font-size: x-small;\">don Giuseppe<\/span><\/strong><\/div>\n<div><strong><span style=\"font-family: Arial; font-size: x-small;\"><a href=\"https:\/\/www.carlofrancio.net\/wp-content\/uploads\/2011\/04\/CCI20042011_00000.jpg\"><\/a><\/span><\/strong><\/div>\n<div><span style=\"font-family: Arial; font-size: x-small;\">\u00a0<a href=\"https:\/\/www.carlofrancio.net\/wp-content\/uploads\/2011\/04\/23042011197.jpg\"><img loading=\"lazy\" decoding=\"async\" class=\"alignright size-medium wp-image-8311\" title=\"23042011197\" src=\"https:\/\/www.carlofrancio.net\/wp-content\/uploads\/2011\/04\/23042011197-300x225.jpg\" alt=\"\" width=\"300\" height=\"225\" srcset=\"https:\/\/www.carlofrancio.net\/wp-content\/uploads\/2011\/04\/23042011197-300x225.jpg 300w, https:\/\/www.carlofrancio.net\/wp-content\/uploads\/2011\/04\/23042011197.jpg 800w\" sizes=\"auto, (max-width: 300px) 100vw, 300px\" \/><\/a><\/span><span style=\"font-family: Arial; font-size: x-small;\"><strong><span style=\"font-family: Arial; font-size: x-small;\"><a href=\"https:\/\/www.carlofrancio.net\/wp-content\/uploads\/2011\/04\/CCI20042011_00000.jpg\"><img loading=\"lazy\" decoding=\"async\" class=\"size-medium wp-image-8246 alignleft\" title=\"Parrocchia S.Antonio -Pasqua 2011\" src=\"https:\/\/www.carlofrancio.net\/wp-content\/uploads\/2011\/04\/CCI20042011_00000-207x300.jpg\" alt=\"\" width=\"207\" height=\"300\" srcset=\"https:\/\/www.carlofrancio.net\/wp-content\/uploads\/2011\/04\/CCI20042011_00000-207x300.jpg 207w, https:\/\/www.carlofrancio.net\/wp-content\/uploads\/2011\/04\/CCI20042011_00000.jpg 553w\" sizes=\"auto, (max-width: 207px) 100vw, 207px\" \/><\/a><\/span><\/strong><\/span><span style=\"color: #000080;\"><strong>\u00a0<span style=\"color: #800000;\">Capo d&#8217;Orlando &#8211; <span style=\"color: #800080;\">Gli <\/span><\/span><span style=\"color: #800080;\">auguri di\u00a0<\/span>Padre Antonino CULO&#8217; &#8211; parroco di S. Antonio\u00a0 &#8211; Piana<\/strong><\/span><\/div>\n<p><span style=\"color: #000080;\"><strong>&#8220;Cristo \u00e8 risorto e noi siamo chiamati a portare avanti nel mondo e dentro di noi la Sua resurrezione.\u00a0<\/strong><\/span><\/p>\n<p><span style=\"color: #000080;\"><strong>Siamo chiamati a <em>frantumare \u00able tombe in cui la prepotenza, l&#8217;ingiustizia, la ricchezza, l&#8217;egoismo, il peccato, la solitudine, la malattia, il tradimento, la miseria, l&#8217;indifferenza hanno murato gli uomini vivi\u00bb\u00a0 (<\/em><\/strong><\/span><strong><em>Servo di Dio, don Tonino Bello<\/em><\/strong><span style=\"color: #000080;\"><strong><em>)<\/em><\/strong><\/span><\/p>\n<p><span style=\"color: #000080;\"><strong><em>Sia questa la &#8220;svolta&#8221; che compiamo nella gioia del Signore risorto, perch\u00e8 la notte non sia pi\u00f9!<\/em><\/strong><\/span><\/p>\n<div>\n<p><span style=\"color: #0000ff;\"><strong>+\u00a0Vescovo Ignazio Zambito<\/strong><\/span><br \/>\n\u00a0CRISTO \u00c8 RISORTO! OGNI RELAZIONE PUO&#8217; GUARIRE!\u00bb Carissimi, l&#8217;eccezionale &#8220;Pasqua alta&#8221; quest&#8217;anno ci fa celebrare il Santo Triduo culminante nella Risurrezione di Ges\u00f9 quasi a fine mese di Aprile. In preparazione ogni Parrocchia organizza iniziative e messaggi perch\u00e9 la solennit\u00e0 pasquale non sia una festivit\u00e0 di calendario, ma una esperienza spirituale che segni la crescita nella fede che, a sua volta, migliori la nostra vita e le nostre relazioni. Una delle iniziative che non manca in tutte le Parrocchie \u00e8 la Via Crucis. Vi invito a fare almeno una volta questo tradizionale pio esercizio e a specchiarvi in esso. Soprattutto passate in rassegna, stazione dopo stazione, le vostre relazioni. Incomprensioni familiari degenerate magari in liti e separazioni, amicizie interrotte, orgoglio, invidie, gelosie, compromessi, tensioni sul lavoro, tradimenti, superficialit\u00e0,.., sono le sostanze tossiche che contaminano i rapporti quotidiani e rendono l&#8217;esistenza un continuo &#8220;malessere&#8221;. L&#8217;invidia dei capi, la codardia di Pilato, la fragilit\u00e0 di Pietro, il tradimento di Giuda, la crudelt\u00e0 dei soldati, sono i passi che portano Ges\u00f9 in cima alla croce e&#8230; alla Risurrezione!\u00a0 <span style=\"font-size: x-small;\"><span style=\"color: #800080;\"><strong>\u00c8 grazie alla Risurrezione, infatti, che Ges\u00f9 pu\u00f2 abbattere ogni muro di separazione e guarire i mali che feriscono le relazioni! Fate Pasqua con Ges\u00f9 e le vostre relazioni malate guariranno!\u00a0 Con la mia benedizione<\/strong><\/span>!<br \/>\n<span style=\"color: #0000ff;\"><strong>+ Ignazio Vescovo<\/strong><\/span><br \/>\n<\/span><\/p>\n<p><span style=\"font-size: x-small;\">\u00a0<\/span><\/p>\n<\/div>\n","protected":false},"excerpt":{"rendered":"<p>Roma &#8211; Gli auguri dei FDP- (Figli della Divina Provvidenza) DonLuigi Orione Don Domenico Crucitti &#8211; &#8220;Ma se Ges\u00f9 non \u00e8 risorto, vuota allora \u00e8 la nostra predicazione, vuota anche &hellip; <\/p>\n","protected":false},"author":1,"featured_media":8237,"comment_status":"open","ping_status":"open","sticky":false,"template":"","format":"standard","meta":{"footnotes":""},"categories":[3,12,13,14,22,55,1],"tags":[],"class_list":["post-8236","post","type-post","status-publish","format-standard","has-post-thumbnail","hentry","category-asso","category-diocesi-di-mazara-del-vallo","category-diocesi-di-patti","category-donorione","category-mlo","category-movimento-laici-orionini","category-senza-categoria"],"_links":{"self":[{"href":"https:\/\/www.carlofrancio.net\/index.php?rest_route=\/wp\/v2\/posts\/8236","targetHints":{"allow":["GET"]}}],"collection":[{"href":"https:\/\/www.carlofrancio.net\/index.php?rest_route=\/wp\/v2\/posts"}],"about":[{"href":"https:\/\/www.carlofrancio.net\/index.php?rest_route=\/wp\/v2\/types\/post"}],"author":[{"embeddable":true,"href":"https:\/\/www.carlofrancio.net\/index.php?rest_route=\/wp\/v2\/users\/1"}],"replies":[{"embeddable":true,"href":"https:\/\/www.carlofrancio.net\/index.php?rest_route=%2Fwp%2Fv2%2Fcomments&post=8236"}],"version-history":[{"count":16,"href":"https:\/\/www.carlofrancio.net\/index.php?rest_route=\/wp\/v2\/posts\/8236\/revisions"}],"predecessor-version":[{"id":8327,"href":"https:\/\/www.carlofrancio.net\/index.php?rest_route=\/wp\/v2\/posts\/8236\/revisions\/8327"}],"wp:featuredmedia":[{"embeddable":true,"href":"https:\/\/www.carlofrancio.net\/index.php?rest_route=\/wp\/v2\/media\/8237"}],"wp:attachment":[{"href":"https:\/\/www.carlofrancio.net\/index.php?rest_route=%2Fwp%2Fv2%2Fmedia&parent=8236"}],"wp:term":[{"taxonomy":"category","embeddable":true,"href":"https:\/\/www.carlofrancio.net\/index.php?rest_route=%2Fwp%2Fv2%2Fcategories&post=8236"},{"taxonomy":"post_tag","embeddable":true,"href":"https:\/\/www.carlofrancio.net\/index.php?rest_route=%2Fwp%2Fv2%2Ftags&post=8236"}],"curies":[{"name":"wp","href":"https:\/\/api.w.org\/{rel}","templated":true}]}}