{"id":8228,"date":"2011-04-18T15:39:36","date_gmt":"2011-04-18T15:39:36","guid":{"rendered":"https:\/\/www.carlofrancio.net\/?p=8228"},"modified":"2011-04-18T15:39:36","modified_gmt":"2011-04-18T15:39:36","slug":"messina-anniversario-costituzione-%c2%abosservatorio-minori-lucia-natoli-2007-2011%c2%bb","status":"publish","type":"post","link":"https:\/\/www.carlofrancio.net\/?p=8228","title":{"rendered":"Messina &#8211; Anniversario costituzione \u00abOsservatorio Minori &#8220;Lucia Natoli&#8221; 2007-2011\u00bb"},"content":{"rendered":"<h2><a href=\"https:\/\/www.carlofrancio.net\/blog\/wp-content\/uploads\/2009\/12\/IMG_0538.jpg\"><img loading=\"lazy\" decoding=\"async\" class=\"alignleft\" title=\"IMG_0538\" src=\"https:\/\/www.carlofrancio.net\/blog\/wp-content\/uploads\/2009\/12\/IMG_0538-150x150.jpg\" alt=\"\" width=\"150\" height=\"150\" \/><\/a><span style=\"color: #800080;\">marted\u00ec 19 aprile 2011 alle ore 10.00 nella sala Visconti <a href=\"https:\/\/www.carlofrancio.net\/blog\/wp-content\/uploads\/2009\/12\/IMG_0537.jpg\"><img loading=\"lazy\" decoding=\"async\" class=\"alignright\" title=\"IMG_0537\" src=\"https:\/\/www.carlofrancio.net\/blog\/wp-content\/uploads\/2009\/12\/IMG_0537-150x150.jpg\" alt=\"\" width=\"150\" height=\"150\" \/><\/a><\/span><\/h2>\n<p>Per l&#8217;anniversario della sua costituzione l&#8217;Osservatorio Minori &#8220;Lucia Natoli&#8221; assieme all&#8217;Istituto &#8220;A.M.Jaci&#8221; celebra<\/p>\n<h1><span style=\"color: #008000;\">\u00abla giornata del dialogo e dell&#8217;ascolto\u00bb<\/span><\/h1>\n<h3>incontro tra studenti, istituzioni, docenti per dare l&#8217;esempio, per nutrire speranza<\/h3>\n<p>sui <a href=\"https:\/\/www.carlofrancio.net\/blog\/wp-content\/uploads\/2009\/12\/IMG_0543.jpg\"><img loading=\"lazy\" decoding=\"async\" class=\"alignleft\" title=\"IMG_0543\" src=\"https:\/\/www.carlofrancio.net\/blog\/wp-content\/uploads\/2009\/12\/IMG_0543-150x150.jpg\" alt=\"\" width=\"150\" height=\"150\" \/><\/a>temi e i diritti dell&#8217;infanzia e dell&#8217;adolescenza<\/p>\n<h1><span style=\"color: #0000ff;\">USCIRE DAL SILENZIO <\/span><\/h1>\n<p>proiezione del documentario<\/p>\n<h1><span style=\"color: #ff0000;\">a picciridda<\/span><\/h1>\n<h3>dalla storia di <span style=\"color: #ff0000;\">Rita Atria <\/span>la giovanissima testimone di Giustizia che collaborava con Paolo Borsellino<\/h3>\n<p><!--more-->Marted\u00ec 29 Dicembre 2009 alle ore 12.00, con una semplice cerimonia, preceduta da una breve commemorazione caratterizzata\u00a0da qualificati e partecipati\u00a0interventi, \u00e8 stata scoperta la <strong>Targa <\/strong>che titola, il <strong>Centro di Prima Accoglienza<\/strong>, alla memoria della Dott.ssa &#8220;<strong>Rosaria Lucia Natoli<\/strong>&#8220;.<\/p>\n<p>Introdotto dalla direttrice dell&#8217;Ufficio\u00a0di\u00a0Servizio Sociale\u00a0dott.ssa <strong>Maria Palella<\/strong>,\u00a0\u00e8 \u00a0intervenuto il dirigente Centro Giustizia Minorile Sicilia dott. <strong>Michele Di Martino, <\/strong>che\u00a0ha reso omaggio alla splendida figura\u00a0di\u00a0<strong>&#8220;Lucia<\/strong>&#8220;,\u00a0che ha saputo trasfondere nel suo difficile lavoro oltre la notevole competenza professionale le sue grandi doti di umanit\u00e0.\u00a0<\/p>\n<p>La stessa Direttrice Palella ha poi letto, non senza emozione,\u00a0la lettera indirizzata agli astanti, dalla figlia <strong>Valeria<\/strong>. &#8220;Un quadro di vita familiare ove ogni com<a href=\"https:\/\/www.carlofrancio.net\/blog\/wp-content\/uploads\/2009\/12\/IMG_0539.jpg\"><img loading=\"lazy\" decoding=\"async\" title=\"IMG_0539\" src=\"https:\/\/www.carlofrancio.net\/blog\/wp-content\/uploads\/2009\/12\/IMG_0539-150x150.jpg\" alt=\"\" width=\"150\" height=\"150\" \/><\/a>ponente: figlia Valeria, mamma Lucia e pap\u00e0 Matteo hanno saputo mettere\u00a0insieme la ricchezza delle loro conoscenze (pap\u00e0 sindacalista, la mamma al &#8216;Ministero, &#8220;formavano una coppia complementare, piena di fiducia e lealt\u00e0&#8221;),\u00a0per un libero e approfondito dialogo senza sdolcinature e compromessi. E&#8217; dura la vita,\u00a0in questa Messina che sembra una Sfinge, per chi vuol dare il suo contributo alla crescita di questa citt\u00e0 e invece vede\u00a0sempre pi\u00f9 restringersi\u00a0gli spazi di democratico confronto. Ma la fierezza,\u00a0tipico attributo\u00a0delle donne siciliane e messinesi in particolare, prende il sopravvento. E con una &#8216;Proposizione condivisa da tutta la famiglia,\u00a0si decide di\u00a0continuare lungo il sentiero difficile del riscatto di questa amata terra.<\/p>\n<p><a href=\"https:\/\/www.carlofrancio.net\/blog\/wp-content\/uploads\/2009\/12\/IMG_0541.jpg\"><img loading=\"lazy\" decoding=\"async\" title=\"IMG_0541\" src=\"https:\/\/www.carlofrancio.net\/blog\/wp-content\/uploads\/2009\/12\/IMG_0541-150x150.jpg\" alt=\"\" width=\"150\" height=\"150\" \/><\/a>Presenti alla cerimonia le due <strong>sorelle, <\/strong>un <strong>nipote<\/strong> ed il <strong>fratello<\/strong> prof.re <strong>Salvatore Natoli<\/strong>,\u00a0che ha tratteggiato la figura della sorella <strong>Lucia<\/strong>, rivelando l&#8217;intreccio molto stretto tra la sua vita familiare e la vita professionale, coniando cos\u00ec quel termine di circolarit\u00e0 tra la vita e il lavoro, che abbiamo voluto evidenziare nel titolo. <strong>Lucia Natoli<\/strong> era impegnata in tantissimi campi; dalla sociologia alla psicologia: operatrice,\u00a0scrittrice, volontaria&#8230; &#8220;Ma tutto ci\u00f2 che faceva nella vita professionale diventava un arricchimento personale&#8221;.<\/p>\n<p><a href=\"https:\/\/www.carlofrancio.net\/blog\/wp-content\/uploads\/2009\/12\/IMG_0542.jpg\"><img loading=\"lazy\" decoding=\"async\" title=\"IMG_0542\" src=\"https:\/\/www.carlofrancio.net\/blog\/wp-content\/uploads\/2009\/12\/IMG_0542-150x150.jpg\" alt=\"\" width=\"135\" height=\"135\" \/><\/a>Commovente il ricordo di una sua cara amica ginecologa con la quale ha condiviso tanta parte della sua vita e tanti progetti\u00a0 comuni, dal primo consultorio a Santa Lucia sopra Contesse alla scrittura di libri&#8230; Molto bella la poesia dedicatale -&#8220;Parlarsi oltre la vita&#8221; che termina con parole di fiducia.<\/p>\n<p><a href=\"https:\/\/www.carlofrancio.net\/blog\/wp-content\/uploads\/2009\/12\/IMG_0544.jpg\"><img loading=\"lazy\" decoding=\"async\" title=\"IMG_0544\" src=\"https:\/\/www.carlofrancio.net\/blog\/wp-content\/uploads\/2009\/12\/IMG_0544-150x150.jpg\" alt=\"\" width=\"150\" height=\"150\" \/><\/a>Un omaggio visivo-Filmato di un convegno sulla giustizia minorile- \u00e8 stato fatto dall&#8217;avv. Centorrino ai familiari presenti.<\/p>\n<p><a href=\"https:\/\/www.carlofrancio.net\/blog\/wp-content\/uploads\/2009\/12\/IMG_0546.jpg\"><img loading=\"lazy\" decoding=\"async\" title=\"IMG_0546\" src=\"https:\/\/www.carlofrancio.net\/blog\/wp-content\/uploads\/2009\/12\/IMG_0546-150x150.jpg\" alt=\"\" width=\"135\" height=\"135\" \/><\/a><a href=\"https:\/\/www.carlofrancio.net\/blog\/wp-content\/uploads\/2009\/12\/IMG_0550.jpg\"><img loading=\"lazy\" decoding=\"async\" title=\"IMG_0550\" src=\"https:\/\/www.carlofrancio.net\/blog\/wp-content\/uploads\/2009\/12\/IMG_0550-150x150.jpg\" alt=\"\" width=\"150\" height=\"150\" \/><\/a>E&#8217; seguita cos\u00ec la parte finale, quando nell&#8217;atrio d&#8217;ingresso, il Dott. Di Martino\u00a0ha svelato la Targa posta all&#8217;ingresso del CPA. Si tratta di locali ristrutturati\u00a0formanti un piccolo ma completo appartamento, sobrio e allo stesso tempo colorato, capace di accogliere adeguatamente i minori, cos\u00ec come lo vuole\u00a0preannunciare e testimoniare \u00a0il nome inciso nella targa quello della dott.ssa &#8220;<strong>Rosaria Lucia Natoli&#8221;. <\/strong><\/p>\n<p>Molto senti<a href=\"https:\/\/www.carlofrancio.net\/blog\/wp-content\/uploads\/2009\/12\/IMG_0551.jpg\"><img loading=\"lazy\" decoding=\"async\" title=\"IMG_0551\" src=\"https:\/\/www.carlofrancio.net\/blog\/wp-content\/uploads\/2009\/12\/IMG_0551-300x225.jpg\" alt=\"\" width=\"240\" height=\"180\" \/><\/a>to il senso di appartenenza al territorio e l&#8217;idea vincente di una <strong>Rete di Servizi Territoriali. <\/strong>Da questo convincimento nasce\u00a0la sua partecipazione, nel territorio emarginato del VILLAGGIO ALDISIO, \u00a0al <strong>G.O.Z<\/strong>.. Gruppo Operativo di Zona (progetto &#8220;Comunit\u00e0 e Diritti&#8221;).<\/p>\n<p>E&#8217; stato un gesto esemplare condiviso da tutte le componenti giudiziarie , sociali e del volontariato, un intervento riuscito che merita il plauso per le Istituzioni che se sono fatte carico.<\/p>\n<p>Cosa sono i CENTRI di PRIMA ACCOGLIENZA (CPA)<\/p>\n<p><img decoding=\"async\" title=\"Continua...\" src=\"https:\/\/www.carlofrancio.net\/wp-includes\/js\/tinymce\/plugins\/wordpress\/img\/trans.gif\" alt=\"\" \/><\/p>\n<p>\u00a0I <strong>Centri di Prima Accoglienza (CPA)<\/strong> ospitano i minorenni in stato di arresto, fermo o accompagnamento fino all&#8217;udienza di convalida che deve aver luogo entro 96 ore dall&#8217;arresto fermo o accompagnamento, assicurando la custodia dei minorenni pur non essendo strutture di tipo carcerario.<\/p>\n<p>L&#8217;\u00e9quipe del Servizio predispone una prima relazione informativa sulla situazione psicologica e sociale del minorenne e sulle risorse disponibili sul territorio per quel caso con l&#8217;obiettivo di fornire all&#8217;Autorit\u00e0 giudiziaria competente, tutti gli elementi utili ad individuare, in caso di applicazione di misura cautelare, quella pi\u00f9 idonea alla personalit\u00e0 del minorenne.<\/p>\n","protected":false},"excerpt":{"rendered":"<p>marted\u00ec 19 aprile 2011 alle ore 10.00 nella sala Visconti Per l&#8217;anniversario della sua costituzione l&#8217;Osservatorio Minori &#8220;Lucia Natoli&#8221; assieme all&#8217;Istituto &#8220;A.M.Jaci&#8221; celebra \u00abla giornata del dialogo e dell&#8217;ascolto\u00bb incontro &hellip; <\/p>\n","protected":false},"author":1,"featured_media":0,"comment_status":"open","ping_status":"open","sticky":false,"template":"","format":"standard","meta":{"footnotes":""},"categories":[3,64,138,1],"tags":[426,34,434,430,431,97,107],"class_list":["post-8228","post","type-post","status-publish","format-standard","hentry","category-asso","category-goz","category-osservatorio-lucia-natoli","category-senza-categoria","tag-cultura","tag-giovani","tag-promozione-umana","tag-scuola","tag-sociale","tag-solidarieta","tag-vittime-della-mafia-promozione-umana"],"_links":{"self":[{"href":"https:\/\/www.carlofrancio.net\/index.php?rest_route=\/wp\/v2\/posts\/8228","targetHints":{"allow":["GET"]}}],"collection":[{"href":"https:\/\/www.carlofrancio.net\/index.php?rest_route=\/wp\/v2\/posts"}],"about":[{"href":"https:\/\/www.carlofrancio.net\/index.php?rest_route=\/wp\/v2\/types\/post"}],"author":[{"embeddable":true,"href":"https:\/\/www.carlofrancio.net\/index.php?rest_route=\/wp\/v2\/users\/1"}],"replies":[{"embeddable":true,"href":"https:\/\/www.carlofrancio.net\/index.php?rest_route=%2Fwp%2Fv2%2Fcomments&post=8228"}],"version-history":[{"count":7,"href":"https:\/\/www.carlofrancio.net\/index.php?rest_route=\/wp\/v2\/posts\/8228\/revisions"}],"predecessor-version":[{"id":8235,"href":"https:\/\/www.carlofrancio.net\/index.php?rest_route=\/wp\/v2\/posts\/8228\/revisions\/8235"}],"wp:attachment":[{"href":"https:\/\/www.carlofrancio.net\/index.php?rest_route=%2Fwp%2Fv2%2Fmedia&parent=8228"}],"wp:term":[{"taxonomy":"category","embeddable":true,"href":"https:\/\/www.carlofrancio.net\/index.php?rest_route=%2Fwp%2Fv2%2Fcategories&post=8228"},{"taxonomy":"post_tag","embeddable":true,"href":"https:\/\/www.carlofrancio.net\/index.php?rest_route=%2Fwp%2Fv2%2Ftags&post=8228"}],"curies":[{"name":"wp","href":"https:\/\/api.w.org\/{rel}","templated":true}]}}