{"id":7094,"date":"2011-01-21T20:35:52","date_gmt":"2011-01-21T20:35:52","guid":{"rendered":"https:\/\/www.carlofrancio.net\/?p=7094"},"modified":"2011-01-21T20:35:52","modified_gmt":"2011-01-21T20:35:52","slug":"messina-chiesa-delladdolorata-%c2%abrendere-visibile-lunita-dei-cristiani%c2%bb","status":"publish","type":"post","link":"https:\/\/www.carlofrancio.net\/?p=7094","title":{"rendered":"MESSINA &#8211; Chiesa dell&#8217;Addolorata -\u00abRENDERE VISIBILE L&#8217;UNITA&#8217; DEI CRISTIANI\u00bb"},"content":{"rendered":"<h3><a href=\"https:\/\/www.carlofrancio.net\/wp-content\/uploads\/2011\/01\/Chiesa_San_Andrea_Avellino.jpg\"><img loading=\"lazy\" decoding=\"async\" class=\"alignright size-full wp-image-7109\" title=\"Chiesa_San_Andrea_Avellino\" src=\"https:\/\/www.carlofrancio.net\/wp-content\/uploads\/2011\/01\/Chiesa_San_Andrea_Avellino.jpg\" alt=\"\" width=\"210\" height=\"294\" \/><\/a><\/h3>\n<h3><img loading=\"lazy\" decoding=\"async\" class=\"alignleft size-medium wp-image-7106\" title=\"18012011159\" src=\"https:\/\/www.carlofrancio.net\/wp-content\/uploads\/2011\/01\/18012011159-300x225.jpg\" alt=\"\" width=\"300\" height=\"225\" srcset=\"https:\/\/www.carlofrancio.net\/wp-content\/uploads\/2011\/01\/18012011159-300x225.jpg 300w, https:\/\/www.carlofrancio.net\/wp-content\/uploads\/2011\/01\/18012011159.jpg 800w\" sizes=\"auto, (max-width: 300px) 100vw, 300px\" \/><\/h3>\n<h3>Marted\u00ec 18 gennaio 2011, alle ore 19.00, nella Chiesa di Maria Addolorata\u00a0in Sant&#8217;Andrea Avellino, bene accolti dal parroco\u00a0Padre Alberico Candela T.O.R,\u00a0ha avuto luogo il <span style=\"color: #ff0000;\">1\u00b0<\/span> <span style=\"color: #ff00ff;\"><span style=\"color: #ff0000;\">Incontro<\/span>\u00a0<span style=\"color: #000000;\">della<\/span> Settimana di preghiera per l\u2019unit\u00e0 dei cristiani 2011.<\/span>\u00a0\u00a0<\/h3>\n<h3>Tema scelto dalle <a href=\"http:\/\/www.laperfettaletizia.com\/2010\/07\/il-tema-della-settimana-per-lunita-dei.html\">Chiese di Gerusalemme<\/a><\/h3>\n<div>\n<div>\n<h2><span style=\"color: #0000ff;\">\u201cErano assidui nell&#8217;ascoltare l&#8217;insegnamento degli apostoli e nell&#8217;unione fraterna, nella frazione del pane e nelle preghiere\u201d.<\/span><\/h2>\n<\/div>\n<p><span style=\"color: #0000ff;\">\u201c<\/span><span style=\"color: #0000ff;\"><span style=\"font-family: Times New Roman, serif;\"><span style=\"font-size: small;\"><span style=\"color: #0000ff;\">Uniti<\/span> nell&#8217;insegnamento degli apostoli, nella comunione, nello spezzare il pane e nella p<span style=\"color: #000000;\"><span style=\"font-family: Times New Roman, serif;\"><span style=\"font-size: medium;\"><strong><span style=\"color: #993300;\"><span style=\"color: #993300;\"><span style=\"font-family: Times New Roman, serif;\"><span style=\"font-size: medium;\"><a href=\"https:\/\/www.carlofrancio.net\/wp-content\/uploads\/2011\/01\/18012011165.jpg\"><img loading=\"lazy\" decoding=\"async\" class=\"size-medium wp-image-7099 alignleft\" title=\"18012011165\" src=\"https:\/\/www.carlofrancio.net\/wp-content\/uploads\/2011\/01\/18012011165-300x225.jpg\" alt=\"\" width=\"300\" height=\"225\" srcset=\"https:\/\/www.carlofrancio.net\/wp-content\/uploads\/2011\/01\/18012011165-300x225.jpg 300w, https:\/\/www.carlofrancio.net\/wp-content\/uploads\/2011\/01\/18012011165.jpg 800w\" sizes=\"auto, (max-width: 300px) 100vw, 300px\" \/><\/a><\/span><\/span><\/span><\/span><\/strong><\/span><\/span><\/span>reghiera\u201d \u00a0<\/span><\/span><span style=\"font-family: Times New Roman, serif;\"><span style=\"font-size: small;\">(cfr. <\/span><\/span><span style=\"font-family: Times New Roman, serif;\"><span style=\"font-size: small;\">Atti<\/span><\/span><span style=\"font-family: Times New Roman, serif;\"><span style=\"font-size: small;\"> 2, 42)<\/span><\/span><\/span><\/p>\n<\/div>\n<p>Saloncino gremito. Presenti; oltre la comunit\u00e0 ospitante, i rappresentanti di vari gruppi\u00a0facenti parte della Commissione Diocesana per l&#8217;Ecumenismo, come Sant&#8217;Egidio, Focolarini, Rinnovamento dello Spirito e\u00a0 SAE. Presente, come sempre, Nino Saporito, da BROLO.\u00a0\u00a0La partecipazione \u00e8 stata attiva e feconda con numerosi interventi, dopo l&#8217;ottima relazione, sul tema proposto, del Prof.re Carmelo Labate. Un caloroso ringraziamento \u00e8 andato all&#8217;ing. Nino Barone cofondatore,\u00a0circa trent&#8217;anni fa, del Gruppo Cialla, presente insieme alla moglie e ai giovani che si preparano per animare la Liturgia di giorno 25 gennaio, sempre nella stessa sede, a conclusione della Settimana e con la presenza, come ha tenuto ha sottolineare Don Felice Bruno dell&#8217;arcivescovo La Piana, del Padre Ortodosso Martinian Constantin\u00a0Epure e del pastore Alessandro Roma.<span style=\"color: #000000;\"><span style=\"font-family: Times New Roman, serif;\"><span style=\"font-size: medium;\"><strong><span style=\"color: #993300;\"><span style=\"color: #993300;\"><span style=\"font-family: Times New Roman, serif;\"><span style=\"font-size: medium;\"><a href=\"https:\/\/www.carlofrancio.net\/wp-content\/uploads\/2011\/01\/18012011161.jpg\"><img loading=\"lazy\" decoding=\"async\" class=\"alignright size-medium wp-image-7105\" title=\"18012011161\" src=\"https:\/\/www.carlofrancio.net\/wp-content\/uploads\/2011\/01\/18012011161-300x225.jpg\" alt=\"\" width=\"300\" height=\"225\" srcset=\"https:\/\/www.carlofrancio.net\/wp-content\/uploads\/2011\/01\/18012011161-300x225.jpg 300w, https:\/\/www.carlofrancio.net\/wp-content\/uploads\/2011\/01\/18012011161.jpg 800w\" sizes=\"auto, (max-width: 300px) 100vw, 300px\" \/><\/a><a href=\"https:\/\/www.carlofrancio.net\/wp-content\/uploads\/2011\/01\/18012011165.jpg\"><\/a><\/span><\/span><\/span><\/span><\/strong><\/span><\/span><\/span><\/p>\n<p><span style=\"color: #000000;\"><span style=\"font-family: Times New Roman, serif;\"><span style=\"font-size: medium;\"><strong><span style=\"color: #993300;\"><span style=\"color: #993300;\"><span style=\"font-family: Times New Roman, serif;\"><span style=\"font-size: medium;\"><a href=\"https:\/\/www.carlofrancio.net\/wp-content\/uploads\/2011\/01\/18012011165.jpg\"><\/a><\/span><\/span><\/span><\/span><\/strong><\/span><\/span><\/span>\u00a0<span style=\"color: #000000;\"><span style=\"font-family: Times New Roman, serif;\"><span style=\"font-size: medium;\"><strong><span style=\"color: #993300;\">Dagli Atti degli apostoli<\/span><\/strong><\/span><\/span><\/span><span style=\"color: #000000;\"><span style=\"font-family: Times New Roman, serif;\"><span style=\"font-size: medium;\"><span style=\"color: #993300;\"> (2, 42-47<\/span>).<\/span><\/span><\/span><\/p>\n<p><em><span style=\"color: #993300;\"><span style=\"font-family: Times New Roman, serif;\"><span style=\"font-size: medium;\"><span style=\"color: #993300;\"><span style=\"font-family: Times New Roman, serif;\"><span style=\"font-size: medium;\"><span style=\"color: #000000;\"><span style=\"font-family: Times New Roman, serif;\"><span style=\"font-size: medium;\"><strong><span style=\"color: #000000;\"><span style=\"font-family: Times New Roman, serif;\"><span style=\"font-size: medium;\"><a href=\"https:\/\/www.carlofrancio.net\/wp-content\/uploads\/2011\/01\/18012011158.jpg\"><img loading=\"lazy\" decoding=\"async\" class=\"alignleft size-medium wp-image-7096\" title=\"18012011158\" src=\"https:\/\/www.carlofrancio.net\/wp-content\/uploads\/2011\/01\/18012011158-300x225.jpg\" alt=\"\" width=\"300\" height=\"225\" srcset=\"https:\/\/www.carlofrancio.net\/wp-content\/uploads\/2011\/01\/18012011158-300x225.jpg 300w, https:\/\/www.carlofrancio.net\/wp-content\/uploads\/2011\/01\/18012011158.jpg 800w\" sizes=\"auto, (max-width: 300px) 100vw, 300px\" \/><\/a><\/span><\/span><\/span><\/strong><\/span><\/span><\/span><\/span><\/span><\/span>\u00abEssi ascoltavano con assiduit\u00e0 l&#8217;insegnamento degli apostoli, vivevano insieme fraternamente, partecipavano alla Cena del Signore e pregavano insieme. Dio faceva molti miracoli e prodigi per mezzo degli apostoli: per questo ognuno era preso da timore. Tutti i credenti vivevano insieme e mettevano in comune tutto quello che possedevano. Vendevano le loro propriet\u00e0 e i loro beni e distribuivano i soldi fra tutti, secondo le necessit\u00e0 di ciascuno. Ogni giorno, tutti insieme, frequentavano il tempio. Spezzavano il pane nelle loro case e mangiavano con gioia e semplicit\u00e0 di cuore. Lodavano Dio ed erano benvisti da tutta la gente. Di giorno in giorno il Signore aggiungeva alla comunit\u00e0 quelli che egli salvava.<\/span><\/span><span style=\"font-family: Times New Roman, serif;\"><span style=\"font-size: small;\"> \u00bb<\/span><\/span><\/span><\/em><\/p>\n<p><span style=\"color: #993300;\"><span style=\"font-family: Times New Roman, serif;\"><span style=\"font-size: small;\"><span style=\"color: #800000;\">\u00a0<a href=\"https:\/\/www.carlofrancio.net\/wp-content\/uploads\/2011\/01\/18012011162.jpg\"><img loading=\"lazy\" decoding=\"async\" class=\"alignright size-medium wp-image-7097\" title=\"18012011162\" src=\"https:\/\/www.carlofrancio.net\/wp-content\/uploads\/2011\/01\/18012011162-300x225.jpg\" alt=\"\" width=\"300\" height=\"225\" srcset=\"https:\/\/www.carlofrancio.net\/wp-content\/uploads\/2011\/01\/18012011162-300x225.jpg 300w, https:\/\/www.carlofrancio.net\/wp-content\/uploads\/2011\/01\/18012011162.jpg 800w\" sizes=\"auto, (max-width: 300px) 100vw, 300px\" \/><\/a><span style=\"color: #0000ff;\"><a href=\"https:\/\/www.carlofrancio.net\/wp-content\/uploads\/2011\/01\/18012011160.jpg\"><img loading=\"lazy\" decoding=\"async\" class=\"alignleft size-medium wp-image-7098\" title=\"18012011160\" src=\"https:\/\/www.carlofrancio.net\/wp-content\/uploads\/2011\/01\/18012011160-300x225.jpg\" alt=\"\" width=\"300\" height=\"225\" srcset=\"https:\/\/www.carlofrancio.net\/wp-content\/uploads\/2011\/01\/18012011160-300x225.jpg 300w, https:\/\/www.carlofrancio.net\/wp-content\/uploads\/2011\/01\/18012011160.jpg 800w\" sizes=\"auto, (max-width: 300px) 100vw, 300px\" \/><\/a><\/span><\/span><\/span><\/span><\/span><\/p>\n<p><span style=\"color: #993300;\"><span style=\"font-family: Times New Roman, serif;\"><span style=\"font-size: small;\"><span style=\"color: #800000;\">Il parziale audio<\/span><\/span><\/span><\/span> della Relazione del responsabile SAE &#8211;\u00a0Carmelo labate<br \/>\n[mp3]https:\/\/www.carlofrancio.net\/wp-content\/uploads\/2011\/01\/labateavellino.mp3[\/mp3]<\/p>\n<h3><span style=\"color: #ff0000;\">Il desiderio e il dovere di pregare per l&#8217;unit\u00e0 si evidenzia nella storia recente in ambito evangelicale gi\u00e0 nel 1740&#8230;<\/span><\/h3>\n<h3><span style=\"color: #ff0000;\"><!--more--><\/span><\/h3>\n<p><span style=\"color: #000000;\"><span style=\"font-family: Times New Roman, serif;\"><span style=\"font-size: medium;\">Il desiderio e il dovere di pregare per l&#8217;unit\u00e0 si evidenzia nella storia <\/span><\/span><\/span><span style=\"color: #000000;\"><span style=\"font-family: Times New Roman, serif;\"><span style=\"font-size: medium;\"><em>recente<\/em><\/span><\/span><\/span><span style=\"color: #000000;\"><span style=\"font-family: Times New Roman, serif;\"><span style=\"font-size: medium;\"> in ambito evangelicale gi\u00e0 nel 1740; poi nell\u2019anglicanesimo ha avuto un nuovo impulso nel 1820 e gi\u00e0 nel 1840 il rev. Ignatius Spencer, anglicano in comunione con la chiesa cattolica, propone \u00ab<\/span><\/span><\/span><span style=\"color: #000000;\"><span style=\"font-family: Times New Roman, serif;\"><span style=\"font-size: medium;\"><em>L\u2019unione di preghiera per l\u2019unit\u00e0<\/em><\/span><\/span><\/span><span style=\"color: #000000;\"><span style=\"font-family: Times New Roman, serif;\"><span style=\"font-size: medium;\">\u00bb. Durante il suo pontificato (1894) incoraggia la pratica dell\u2019ottavario. Nel 1902 il patriarca ortodosso di Costantinopoli Ioachim III nella sua enciclica <\/span><\/span><\/span><span style=\"color: #000000;\"><span style=\"font-family: Times New Roman, serif;\"><span style=\"font-size: medium;\"><em>Lettera irenica<\/em><\/span><\/span><\/span><span style=\"color: #000000;\"><span style=\"font-family: Times New Roman, serif;\"><span style=\"font-size: medium;\"> invita a pregare per l\u2019unit\u00e0. La prima indicazione nella formula attuale di ottavario dal 18 al 25 gennaio viene dal rev. Paul Wattson nel 1908. L\u2019impegno si moltiplica prima con il movimento Fede e Costituzione (1926) e poi con l\u2019abate Couturier (1935). Oramai \u00e8 cosa fatta. Tutte le chiese praticano l\u2019ottavario. Tutte pregano per l\u2019unit\u00e0.<\/span><\/span><\/span><\/p>\n<p><span style=\"color: #000000;\"><span style=\"font-family: Times New Roman, serif;\"><span style=\"font-size: medium;\">Man mano che l\u2019iniziativa s\u2019allarga si avverte come <\/span><\/span><\/span><span style=\"color: #000000;\"><span style=\"font-family: Times New Roman, serif;\"><span style=\"font-size: medium;\"><strong>un comandamento<\/strong><\/span><\/span><\/span><span style=\"color: #000000;\"><span style=\"font-family: Times New Roman, serif;\"><span style=\"font-size: medium;\"> la preghiera di Ges\u00f9 mentre consumava con gli apostoli l\u2018ultima cena: &#8220;<\/span><\/span><\/span><span style=\"color: #000000;\"><span style=\"font-family: Times New Roman, serif;\"><span style=\"font-size: medium;\"><strong>Che tutti siano una cosa sola <\/strong><\/span><\/span><\/span><span style=\"color: #000000;\"><span style=\"font-family: Times New Roman, serif;\"><span style=\"font-size: medium;\">[&#8230;]<\/span><\/span><\/span><span style=\"color: #000000;\"><span style=\"font-family: Times New Roman, serif;\"><span style=\"font-size: medium;\"><strong> cos\u00ec il mondo creder\u00e0<\/strong><\/span><\/span><\/span><span style=\"color: #000000;\"><span style=\"font-family: Times New Roman, serif;\"><span style=\"font-size: medium;\">&#8221; (Gv 17, 21).<\/span><\/span><\/span><\/p>\n<p>\u00a0<span style=\"color: #000000;\">\u00a0\u00a0\u00a0\u00a0<span style=\"font-family: Times New Roman, serif;\"><span style=\"font-size: medium;\">Il testo di Atti 2,42, proposto per quest\u2019anno (2011) dalle Chiese di Gerusalemme, offre una chiave di lettura dell&#8217;unit\u00e0, e come criteri di comunione perch\u00e9 la <\/span><\/span><\/span><span style=\"color: #000000;\"><span style=\"font-family: Times New Roman, serif;\"><span style=\"font-size: medium;\"><strong>Chiesa<\/strong><\/span><\/span><\/span><span style=\"color: #000000;\"><span style=\"font-family: Times New Roman, serif;\"><span style=\"font-size: medium;\"> possa visibilmente essere <\/span><\/span><\/span><span style=\"color: #000000;\"><span style=\"font-family: Times New Roman, serif;\"><span style=\"font-size: medium;\"><strong>Una<\/strong><\/span><\/span><\/span><span style=\"color: #000000;\"><span style=\"font-family: Times New Roman, serif;\"><span style=\"font-size: medium;\">, cos\u00ec come professiamo nel \u201c<\/span><\/span><\/span><span style=\"color: #000000;\"><span style=\"font-family: Times New Roman, serif;\"><span style=\"font-size: medium;\"><em>simbolo apostolico<\/em><\/span><\/span><\/span><span style=\"color: #000000;\"><span style=\"font-family: Times New Roman, serif;\"><span style=\"font-size: medium;\">\u201d, <\/span><\/span><\/span><span style=\"color: #000000;\"><span style=\"font-family: Times New Roman, serif;\"><span style=\"font-size: medium;\"><em>credo la Chiesa una<\/em><\/span><\/span><\/span><span style=\"color: #000000;\"><span style=\"font-family: Times New Roman, serif;\"><span style=\"font-size: medium;\">, indica quelli che da tutti vengono ritenuti gli elementi essenziali, i pilastri della vita della Chiesa e della sua unit\u00e0. <\/span><\/span><\/span><\/p>\n<p><span style=\"color: #000000;\"><span style=\"font-family: Times New Roman, serif;\"><span style=\"font-size: medium;\"><strong>Tali criteri sono<\/strong><\/span><\/span><\/span><span style=\"color: #000000;\"><span style=\"font-family: Times New Roman, serif;\"><span style=\"font-size: medium;\">: <\/span><\/span><\/span><span style=\"color: #000000;\"><span style=\"font-family: Times New Roman, serif;\"><span style=\"font-size: medium;\"><strong>1)<\/strong><\/span><\/span><\/span><span style=\"color: #000000;\"><span style=\"font-family: Times New Roman, serif;\"><span style=\"font-size: medium;\"> la fedelt\u00e0 all&#8217;insegnamento degli apostoli e la trasmissione dell\u2019annuncio, <\/span><\/span><\/span><span style=\"color: #000000;\"><span style=\"font-family: Times New Roman, serif;\"><span style=\"font-size: medium;\"><strong>2)<\/strong><\/span><\/span><\/span><span style=\"color: #000000;\"><span style=\"font-family: Times New Roman, serif;\"><span style=\"font-size: medium;\"> il radunarsi in comunione (koinonia) per condividere la morte salvifica e la resurrezione di Ges\u00f9, offerta liberamente a tutti, <\/span><\/span><\/span><span style=\"color: #000000;\"><span style=\"font-family: Times New Roman, serif;\"><span style=\"font-size: medium;\"><strong>3)<\/strong><\/span><\/span><\/span><span style=\"color: #000000;\"><span style=\"font-family: Times New Roman, serif;\"><span style=\"font-size: medium;\"> lo spezzare il pane, <\/span><\/span><\/span><span style=\"color: #000000;\"><span style=\"font-family: Times New Roman, serif;\"><span style=\"font-size: medium;\"><strong>4)<\/strong><\/span><\/span><\/span><span style=\"color: #000000;\"><span style=\"font-family: Times New Roman, serif;\"><span style=\"font-size: medium;\"> la preghiera. <\/span><\/span><\/span><\/p>\n<p><span style=\"color: #000000;\"><span style=\"font-family: Times New Roman, serif;\"><span style=\"font-size: medium;\">A Gerusalemme i seguaci di Ges\u00f9 furono dapprima <\/span><\/span><\/span><span style=\"color: #000000;\"><span style=\"font-family: Times New Roman, serif;\"><span style=\"font-size: medium;\"><strong>chiamati a \u201criunirsi dentro\u201d<\/strong><\/span><\/span><\/span><span style=\"color: #000000;\"><span style=\"font-family: Times New Roman, serif;\"><span style=\"font-size: medium;\"> a contemplare ci\u00f2 che era il fulcro della loro fede, a riflettere sulle azioni e parole di Ges\u00f9 e a ricevere il Santo Spirito. <\/span><\/span><\/span><\/p>\n<p><span style=\"color: #000000;\"><span style=\"font-family: Times New Roman, serif;\"><span style=\"font-size: medium;\">Poi fu la forza dello Spirito che li spinse ad <\/span><\/span><\/span><span style=\"color: #000000;\"><span style=\"font-family: Times New Roman, serif;\"><span style=\"font-size: medium;\"><strong>\u201candare fuori\u201d<\/strong><\/span><\/span><\/span><span style=\"color: #000000;\"><span style=\"font-family: Times New Roman, serif;\"><span style=\"font-size: medium;\"> per sprigionare la forza delle parole e delle azioni di Ges\u00f9 e far conoscere a tutti come Ges\u00f9 era stato Signore e Salvatore.<\/span><\/span><\/span><\/p>\n<p><span style=\"color: #000000;\"><span style=\"font-family: Times New Roman, serif;\"><span style=\"font-size: medium;\">In questo <\/span><\/span><\/span><span style=\"color: #000000;\"><span style=\"font-family: Times New Roman, serif;\"><span style=\"font-size: medium;\"><em>riunirsi dentro<\/em><\/span><\/span><\/span><span style=\"color: #000000;\"><span style=\"font-family: Times New Roman, serif;\"><span style=\"font-size: medium;\"> e <\/span><\/span><\/span><span style=\"color: #000000;\"><span style=\"font-family: Times New Roman, serif;\"><span style=\"font-size: medium;\"><em>andare fuori<\/em><\/span><\/span><\/span><span style=\"color: #000000;\"><span style=\"font-family: Times New Roman, serif;\"><span style=\"font-size: medium;\"> i credenti vivevano e celebravano ci\u00f2 che fu compreso come l&#8217;essenza dell&#8217;essere un discepolo di Cristo: lo <\/span><\/span><\/span><span style=\"color: #000000;\"><span style=\"font-family: Times New Roman, serif;\"><span style=\"font-size: medium;\"><em>spezzare il pane<\/em><\/span><\/span><\/span><span style=\"color: #000000;\"><span style=\"font-family: Times New Roman, serif;\"><span style=\"font-size: medium;\"> nel rito e nella vita, linguaggio dell&#8217;amore, unico linguaggio parlato e messo in pratica da Ges\u00f9, linguaggio parlato e compreso da tutti: \u201cDa questo tutti sapranno che siete miei discepoli: se vi amate gli uni gli altri\u201d (Gv 13, 35).<\/span><\/span><\/span><\/p>\n<p><span style=\"color: #000000;\"><span style=\"font-family: Times New Roman, serif;\"><span style=\"font-size: medium;\">Non una sola volta nelle sue lettere l\u2019apostolo Paolo ci esorta a vivere da riconciliati, cio\u00e8 da redenti e uniti a Dio e, perci\u00f2, riconciliati gli uni con gli altri. Questa unit\u00e0 non \u00e8 uniformit\u00e0, ma una vita vissuta in modo autenticamente cristiano, una sinfonia di diversit\u00e0 che l&#8217;unico Spirito continua a comporre. <\/span><\/span><\/span><\/p>\n<p><span style=\"color: #000000;\"><span style=\"font-family: Times New Roman, serif;\"><span style=\"font-size: medium;\">La responsabilit\u00e0 delle divisioni resta nostra, esse sono il risultato delle nostre azioni. Quando preghiamo dobbiamo chiedere a Dio di cambiarci, di convertirci per lavorare attivamente per l&#8217;unit\u00e0, per avere il coraggio di essere strumenti di dialogo sperando contro ogni speranza. <\/span><\/span><\/span><\/p>\n<p><span style=\"color: #000000;\"><span style=\"font-family: Times New Roman, serif;\"><span style=\"font-size: medium;\">Gli otto giorni aiutano perci\u00f2 a pregare e a riflettere su questi temi:<\/span><\/span><\/span><\/p>\n<ol>\n<li><span style=\"color: #000000;\"><span style=\"font-family: Times New Roman, serif;\"><span style=\"font-size: medium;\">il coraggio della prima chiesa e la sua ferma testimonianza dopo la Pentecoste;<\/span><\/span><\/span><\/li>\n<\/ol>\n<p><span style=\"font-family: Times New Roman, serif;\"><span style=\"font-size: medium;\">Io mander\u00f2 il mio spirito su tutti gli uomini (<\/span><\/span><span style=\"font-family: Times New Roman, serif;\"><span style=\"font-size: medium;\"><strong>Gl 2, 21b-22.3, 1-2<\/strong><\/span><\/span><span style=\"font-family: Times New Roman, serif;\"><span style=\"font-size: medium;\">); Nella citt\u00e0 santa<\/span><\/span><span style=\"font-family: Times New Roman, serif;\"><span style=\"font-size: medium;\"><strong> <\/strong><\/span><\/span><span style=\"font-family: Times New Roman, serif;\"><span style=\"font-size: medium;\">abita Dio<\/span><\/span><span style=\"font-family: Times New Roman, serif;\"><span style=\"font-size: medium;\"><strong> <\/strong><\/span><\/span><span style=\"font-family: Times New Roman, serif;\"><span style=\"font-size: medium;\">[<\/span><\/span><span style=\"font-family: Times New Roman, serif;\"><span style=\"font-size: medium;\"><strong>Sal 46(45), 1-11<\/strong><\/span><\/span><span style=\"font-family: Times New Roman, serif;\"><span style=\"font-size: medium;\">]; <\/span><\/span><span style=\"font-family: Times New Roman, serif;\"><span style=\"font-size: medium;\">Pentecoste (<\/span><\/span><span style=\"font-family: Times New Roman, serif;\"><span style=\"font-size: medium;\"><strong>At 2, 1-12<\/strong><\/span><\/span><span style=\"font-family: Times New Roman, serif;\"><span style=\"font-size: medium;\">);<\/span><\/span><span style=\"font-family: Times New Roman, serif;\"><span style=\"font-size: medium;\"><strong> <\/strong><\/span><\/span><span style=\"font-family: Times New Roman, serif;\"><span style=\"font-size: medium;\">lo Spirito di verit\u00e0 dimora presso di voi (<\/span><\/span><span style=\"font-family: Times New Roman, serif;\"><span style=\"font-size: medium;\"><strong>Gv 14, 15-21<\/strong><\/span><\/span><span style=\"font-family: Times New Roman, serif;\"><span style=\"font-size: medium;\">);<\/span><\/span><span style=\"font-family: Times New Roman, serif;\"><span style=\"font-size: medium;\"><strong> <\/strong><\/span><\/span><\/p>\n<ol>\n<li><span style=\"color: #000000;\"><span style=\"font-family: Times New Roman, serif;\"><span style=\"font-size: medium;\">la comunit\u00e0 riunita a Pentecoste era costituita da persone di diversa origine;<\/span><\/span><\/span><\/li>\n<li><span style=\"color: #000000;\"><span style=\"font-family: Times New Roman, serif;\"><span style=\"font-size: medium;\">essenziale all&#8217;unit\u00e0 sono a) fedelt\u00e0 alla parola di Dio trasmessa dagli apostoli; b) fedelt\u00e0 all&#8217;unico corpo di Cristo, che \u00e8 la Chiesa; <\/span><\/span><\/span><\/li>\n<li><span style=\"color: #000000;\"><span style=\"font-family: Times New Roman, serif;\"><span style=\"font-size: medium;\">condivisione; <\/span><\/span><\/span><\/li>\n<li><span style=\"color: #000000;\"><span style=\"font-family: Times New Roman, serif;\"><span style=\"font-size: medium;\">spezzare il pane, che supera l\u2019eucaristia rituale e include il giusto atteggiamento etico verso la persona umana e verso l&#8217;intera comunit\u00e0; una chiesa divisa non pu\u00f2 parlare con autorit\u00e0 su questioni riguardanti la giustizia e la pace;\u00a0<\/span><\/span><\/span><\/li>\n<li><span style=\"color: #000000;\"><span style=\"font-family: Times New Roman, serif;\"><span style=\"font-size: medium;\">traiamo forza dal tempo trascorso in preghiera;<\/span><\/span><\/span><\/li>\n<li><span style=\"color: #000000;\"><span style=\"font-family: Times New Roman, serif;\"><span style=\"font-size: medium;\">agire per la libert\u00e0 e la pace;\u00a0<\/span><\/span><\/span><\/li>\n<li><span style=\"color: #000000;\"><span style=\"font-family: Times New Roman, serif;\"><span style=\"font-size: medium;\">un pi\u00f9 ampio servizio alla causa della riconciliazione tra cristiani e con tutti, collaborare almeno nel servizio.<\/span><\/span><\/span><\/li>\n<\/ol>\n<p><span style=\"color: #000000;\">\u00a0<\/span><span style=\"font-family: Times New Roman, serif;\"><span style=\"font-size: medium;\">L&#8217;antica chiesa di Gerusalemme, che era presieduta dall&#8217;apostolo Giacomo, \u00e8 la chiesa madre di tutte le chiese. Essa rappresenta l&#8217;icona dell&#8217;unit\u00e0 dei cristiani per la quale eleviamo la nostra preghiera durante questa Settimana. <\/span><\/span><\/p>\n<p>\u00a0\u00a0\u00a0\u00a0<span style=\"font-family: Times New Roman, serif;\"><span style=\"font-size: xx-small;\"><br \/>\n<\/span><\/span><span style=\"font-family: Times New Roman, serif;\"><span style=\"font-size: medium;\">Preghiera: <\/span><\/span><span style=\"font-family: Times New Roman, serif;\"><span style=\"font-size: medium;\">O Dio onnipotente e misericordioso, effondendo il dono dello Spirito Santo con potenza, hai radunato insieme i primi cristiani nella citt\u00e0 di Gerusalemme, sfidando il potere terreno dell&#8217;impero romano. Fa che, come la prima chiesa di Gerusalemme, anche noi possiamo ricongiungerci insieme per essere forti nell\u2019annuncio e vivere l&#8217;evangelo della riconciliazione e della pace, ovunque vi sia parzialit\u00e0 ed ingiustizia.<\/span><\/span><span style=\"font-family: Times New Roman, serif;\"><span style=\"font-size: medium;\"> <\/span><\/span><\/p>\n<p><span style=\"font-family: Times New Roman, serif;\"><span style=\"font-size: medium;\">Te lo chiediamo nel nome di Ges\u00f9 Cristo, che ci libera dalle catene del peccato e della morte. Amen.<\/span><\/span><\/p>\n<p><span style=\"font-family: Times New Roman, serif;\"><span style=\"font-size: medium;\"><a href=\"http:\/\/www.radiovaticana.org\/it1\/Articolo.asp?c=404801\">R<\/a><a href=\"http:\/\/1.bp.blogspot.com\/_WTDNB1YALcs\/TCyUfVuFmkI\/AAAAAAAAJ7I\/EmsY87vTG_0\/s1600\/ecumene.jpg\" onblur=\"try {parent.deselectBloggerImageGracefully();} catch(e) {}\"><img loading=\"lazy\" decoding=\"async\" id=\"BLOGGER_PHOTO_ID_5488925311985097282\" class=\"alignleft\" style=\"border: 0px;\" src=\"http:\/\/1.bp.blogspot.com\/_WTDNB1YALcs\/TCyUfVuFmkI\/AAAAAAAAJ7I\/EmsY87vTG_0\/s320\/ecumene.jpg\" border=\"0\" alt=\"\" width=\"320\" height=\"240\" \/><\/a><a href=\"http:\/\/www.radiovaticana.org\/it1\/Articolo.asp?c=404801\">ad<\/a><a href=\"http:\/\/www.radiovaticana.org\/it1\/Articolo.asp?c=404801\">io Vatican<\/a><a href=\"http:\/\/www.radiovaticana.org\/it1\/Articolo.asp?c=404801\">a<\/a> &#8211; E&#8217; il tema della Settimana di preghiera per l\u2019unit\u00e0 dei cristiani 2011 scelto, per questa edizione, la 44\u00aa da quando prese il via nel 1968, dai leader cristiani di Gerusalemme, tra i quali il patriarca latino emerito Michel Sabbah, il vescovo della chiesa evangelica luterana di Terra Santa e Giordania, Munib Younan, ed altri membri del patriarcato greco ortodosso di Gerusalemme e della chiesa siriaco-ortodossa, melkita cattolica, armeno-ortodossa ed episcopaliana. \u201cIl tema ed i testi proposti \u2013 si legge in un comunicato del Consiglio Mondiale delle Chiese (Wcc) ripreso dall&#8217;agenzia Sir \u2013 sono stati definiti congiuntamente dalla Commissione Fede e Costituzione del Wcc e dal Pontificio Consiglio per la promozione dell\u2019unit\u00e0 dei cristiani e sono un invito al rinnovamento e al ritorno a ci\u00f2 che nella fede \u00e8 essenziale, un\u2019esortazione a ricordare il tempo in cui la Chiesa era ancora una\u201d. \u201cL\u2019unit\u00e0 che cerchiamo non \u00e8 una mera astrazione \u2013 afferma Olav Fykse Tveit, segretario generale del Wcc \u2013 per i cristiani di Gerusalemme, che vivono in continuit\u00e0 con la comunit\u00e0 apostolica di Gerusalemme, la chiesa madre di tutti noi, questa unit\u00e0 comporta preghiera e riflessione in un contesto di sofferenza e disperazione. Con loro pregheremo per la pace e la giustizia di tutti gli abitanti della Terra Santa\u201d. Come tradizione la Settimana avr\u00e0 luogo dal 18 al 25 gennaio 2011.<\/span><\/span><\/p>\n","protected":false},"excerpt":{"rendered":"<p>Marted\u00ec 18 gennaio 2011, alle ore 19.00, nella Chiesa di Maria Addolorata\u00a0in Sant&#8217;Andrea Avellino, bene accolti dal parroco\u00a0Padre Alberico Candela T.O.R,\u00a0ha avuto luogo il 1\u00b0 Incontro\u00a0della Settimana di preghiera per &hellip; <\/p>\n","protected":false},"author":1,"featured_media":7096,"comment_status":"open","ping_status":"open","sticky":false,"template":"","format":"standard","meta":{"footnotes":""},"categories":[65,17,90,56,1],"tags":[28,32,431,107],"class_list":["post-7094","post","type-post","status-publish","format-standard","has-post-thumbnail","hentry","category-comunita-di-s-egidio","category-focolarini","category-rinnovamento-nello-spirito","category-servizi-attivita-ecumeniche","category-senza-categoria","tag-chiesa-luterana","tag-ecumenismo","tag-sociale","tag-vittime-della-mafia-promozione-umana"],"_links":{"self":[{"href":"https:\/\/www.carlofrancio.net\/index.php?rest_route=\/wp\/v2\/posts\/7094","targetHints":{"allow":["GET"]}}],"collection":[{"href":"https:\/\/www.carlofrancio.net\/index.php?rest_route=\/wp\/v2\/posts"}],"about":[{"href":"https:\/\/www.carlofrancio.net\/index.php?rest_route=\/wp\/v2\/types\/post"}],"author":[{"embeddable":true,"href":"https:\/\/www.carlofrancio.net\/index.php?rest_route=\/wp\/v2\/users\/1"}],"replies":[{"embeddable":true,"href":"https:\/\/www.carlofrancio.net\/index.php?rest_route=%2Fwp%2Fv2%2Fcomments&post=7094"}],"version-history":[{"count":30,"href":"https:\/\/www.carlofrancio.net\/index.php?rest_route=\/wp\/v2\/posts\/7094\/revisions"}],"predecessor-version":[{"id":7132,"href":"https:\/\/www.carlofrancio.net\/index.php?rest_route=\/wp\/v2\/posts\/7094\/revisions\/7132"}],"wp:featuredmedia":[{"embeddable":true,"href":"https:\/\/www.carlofrancio.net\/index.php?rest_route=\/wp\/v2\/media\/7096"}],"wp:attachment":[{"href":"https:\/\/www.carlofrancio.net\/index.php?rest_route=%2Fwp%2Fv2%2Fmedia&parent=7094"}],"wp:term":[{"taxonomy":"category","embeddable":true,"href":"https:\/\/www.carlofrancio.net\/index.php?rest_route=%2Fwp%2Fv2%2Fcategories&post=7094"},{"taxonomy":"post_tag","embeddable":true,"href":"https:\/\/www.carlofrancio.net\/index.php?rest_route=%2Fwp%2Fv2%2Ftags&post=7094"}],"curies":[{"name":"wp","href":"https:\/\/api.w.org\/{rel}","templated":true}]}}