{"id":657,"date":"2009-02-17T11:51:09","date_gmt":"2009-02-17T10:51:09","guid":{"rendered":"https:\/\/www.carlofrancio.net\/blog\/?p=657"},"modified":"2010-12-01T14:55:44","modified_gmt":"2010-12-01T14:55:44","slug":"%e2%80%9cricrearsi-abitare-la-terra-custodire-la-creazione%e2%80%9d","status":"publish","type":"post","link":"https:\/\/www.carlofrancio.net\/?p=657","title":{"rendered":"Torino &#8211; \u201cRi\/crearsi. Abitare la terra, custodire la creazione\u201d"},"content":{"rendered":"<p>L\u2019 invito \u00e8 rivolto ai giovani delle nostre chiese e dei nostri movimenti: \u00e8 l\u2019 offerta di un fine settimana diverso, da passare in allegria e in meditazione con la consapevolezza che la fede va giocata e osata. \u201cPer fede\u201d Abramo si fid\u00f2 della parola del Signore e lasci\u00f2 la sua terra; \u201cper fede\u201d i giovani credenti devono poter lasciare i loro pregiudizi per ri-creare insieme il mondo.\u00a0<\/p>\n<h1><span style=\"color: #0000ff;\">\u201cRi\/crearsi. Abitare la terra, custodire la creazione\u201d<\/span><\/h1>\n<p>E\u2019 questo il tema di un incontro ecumenico di giovani sulla salvaguardia del creato che avr\u00e0 luogo il <span style=\"color: #ff00ff;\"><strong>28-29 marzo 2009<\/strong> <\/span>a <strong><span style=\"color: #ff00ff;\">Torino<\/span><\/strong>: la terza edizione di <strong><span style=\"color: #ff6600;\">\u201cOsare la pace per fede<\/span><\/strong>\u201d, un\u2019 iniziativa che nacque cinque anni fa alla <span style=\"color: #993300;\"><strong>Sessione Ecumenica del SAE<\/strong> <\/span>a Chianciano.<\/p>\n<p>L\u2019 iscrizione all\u2019 incontro, da effettuarsi entro il 15 marzo 2009, dovr\u00e0 essere fatta alla Segreteria c\/o ACLI di Torino, Via Perrone 3 bis, 10122 Torino, luned\u00ec, mercoled\u00ec e gioved\u00ec dalle ore 14.00 alle ore 17.00 tel.011.5712889: e-mail: <a href=\"mailto:info@osarelapace.it\"><span style=\"color: #0000ff;\">info@osarelapace.it<\/span><\/a> . Il contributo previsto \u00e8 di \u20ac 10 per la partecipazione e di \u20ac 10 per la cena del sabato<\/p>\n<p style=\"text-indent: 1.25cm;\"><!--more--><\/p>\n<p style=\"text-indent: 1.25cm;\">Quell\u2019 anno nel programma della Sessione aveva trovato posto per la prima volta una \u201ccattedra dei giovani\u201d, cio\u00e8 un momento che aveva visto alcuni giovani di diverse fedi religiose e di diverse confessioni cristiane parlare dei problemi affrontati nella loro testimonianza di fede. Era nata un\u2019 amicizia e una reciproca stima tra i giovani credenti, insieme al desiderio di incontrarsi ancora e di confrontarsi pi\u00f9 direttamente, giovani con giovani, sulle sfide del nostro tempo, in particolare sui temi della pace, della giustizia e della salvaguardia del creato.<\/p>\n<p style=\"text-indent: 1.25cm;\">Da l\u00ec il primo incontro ecumenico di quella serie che assunse come slogan \u201cOsare la pace per fede\u201d e che ebbe luogo a Firenze con un concorso di alcune centinaia di giovani. Il secondo incontro ebbe come sede Milano; il terzo, come si \u00e8 detto, si terr\u00e0 a Torino.<\/p>\n<p style=\"text-indent: 1.25cm;\">L\u2019 iniziativa ha un grande valore di testimonianza oltre che offrire un\u2019 eccezionale esperienza di incontro e di dialogo; infatti, i suoi promotori appartengono a tutto il panorama dei gruppi e delle associazioni che lavorano in campo giovanile del mondo cattolico, evangelico e ortodosso oltre che le associazioni giovanili ebraica e musulmana.<\/p>\n<p style=\"text-indent: 1.25cm;\">Il programma si articola in momenti di preghiera, di relazione, di festa, di confronto in gruppi di lavoro su temi relativi al creato, alla pratiche da rinnovare, all\u2019 ambiente e il lavoro, l\u2019 economia, la sanit\u00e0 \u2026, occasioni per stare insieme, per imparare a conoscersi, per intessere rapporti con chi, pur non condividendo in pienezza la stessa fede, cerca da credente di dare una risposta ai problemi urgenti del nostro tempo.<\/p>\n<p style=\"text-indent: 1.25cm;\">L\u2019 invito \u00e8 rivolto ai giovani delle nostre chiese e dei nostri movimenti: \u00e8 l\u2019 offerta di un fine settimana diverso, da passare in allegria e in meditazione con la consapevolezza che la fede va giocata e osata. \u201cPer fede\u201d Abramo si fid\u00f2 della parola del Signore e lasci\u00f2 la sua terra; \u201cper fede\u201d i giovani credenti devono poter lasciare i loro pregiudizi per ri-creare insieme il mondo.<\/p>\n<p style=\"text-indent: 1.25cm;\">L\u2019 iscrizione all\u2019 incontro, da effettuarsi entro il 15 marzo 2009, dovr\u00e0 essere fatta alla Segreteria c\/o ACLI di Torino, Via Perrone 3 bis, 10122 Torino, luned\u00ec, mercoled\u00ec e gioved\u00ec dalle ore 14.00 alle ore 17.00 tel.011.5712889: e-mail: <span style=\"text-decoration: underline;\"><a href=\"mailto:info@osarelapace.it\"><span style=\"color: #0000ff;\">info@osarelapace.it<\/span><\/a><\/span> . Il contributo previsto \u00e8 di \u20ac 10 per la partecipazione e di \u20ac 10 per la cena del sabato.<\/p>\n<p style=\"text-indent: 1.25cm;\">\u00a0<\/p>\n","protected":false},"excerpt":{"rendered":"<p>L\u2019 invito \u00e8 rivolto ai giovani delle nostre chiese e dei nostri movimenti: \u00e8 l\u2019 offerta di un fine settimana diverso, da passare in allegria e in meditazione con la &hellip; <\/p>\n","protected":false},"author":2,"featured_media":0,"comment_status":"open","ping_status":"open","sticky":false,"template":"","format":"standard","meta":{"footnotes":""},"categories":[16],"tags":[425,32,34],"class_list":["post-657","post","type-post","status-publish","format-standard","hentry","category-eventi","tag-chiesa_cattolica","tag-ecumenismo","tag-giovani"],"_links":{"self":[{"href":"https:\/\/www.carlofrancio.net\/index.php?rest_route=\/wp\/v2\/posts\/657","targetHints":{"allow":["GET"]}}],"collection":[{"href":"https:\/\/www.carlofrancio.net\/index.php?rest_route=\/wp\/v2\/posts"}],"about":[{"href":"https:\/\/www.carlofrancio.net\/index.php?rest_route=\/wp\/v2\/types\/post"}],"author":[{"embeddable":true,"href":"https:\/\/www.carlofrancio.net\/index.php?rest_route=\/wp\/v2\/users\/2"}],"replies":[{"embeddable":true,"href":"https:\/\/www.carlofrancio.net\/index.php?rest_route=%2Fwp%2Fv2%2Fcomments&post=657"}],"version-history":[{"count":2,"href":"https:\/\/www.carlofrancio.net\/index.php?rest_route=\/wp\/v2\/posts\/657\/revisions"}],"predecessor-version":[{"id":6513,"href":"https:\/\/www.carlofrancio.net\/index.php?rest_route=\/wp\/v2\/posts\/657\/revisions\/6513"}],"wp:attachment":[{"href":"https:\/\/www.carlofrancio.net\/index.php?rest_route=%2Fwp%2Fv2%2Fmedia&parent=657"}],"wp:term":[{"taxonomy":"category","embeddable":true,"href":"https:\/\/www.carlofrancio.net\/index.php?rest_route=%2Fwp%2Fv2%2Fcategories&post=657"},{"taxonomy":"post_tag","embeddable":true,"href":"https:\/\/www.carlofrancio.net\/index.php?rest_route=%2Fwp%2Fv2%2Ftags&post=657"}],"curies":[{"name":"wp","href":"https:\/\/api.w.org\/{rel}","templated":true}]}}