{"id":5632,"date":"2010-06-08T22:34:42","date_gmt":"2010-06-08T21:34:42","guid":{"rendered":"https:\/\/www.carlofrancio.net\/blog\/?p=5632"},"modified":"2010-06-08T22:34:42","modified_gmt":"2010-06-08T21:34:42","slug":"mazara-del-vallo-i-giovani-soggetti-e-protagonisti-di-catechesi","status":"publish","type":"post","link":"https:\/\/www.carlofrancio.net\/?p=5632","title":{"rendered":"Mazara del Vallo &#8211; &quot;I giovani soggetti e protagonisti di catechesi&quot;"},"content":{"rendered":"<p>\u00a0 <span style=\"font-family: ArialMT,Bold, sans-serif;\"><span style=\"font-size: x-small;\"><strong><span style=\"color: #800000;\"><span style=\"font-size: small;\">U<\/span><span style=\"font-size: x-small;\">FFICIO <\/span><span style=\"font-size: small;\">C<\/span><span style=\"font-size: x-small;\">ATE<a href=\"https:\/\/www.carlofrancio.net\/blog\/wp-content\/uploads\/2010\/06\/Don-Alcamo-Giovani-23_06_2010.jpg\"><img loading=\"lazy\" decoding=\"async\" class=\"alignleft size-full wp-image-5631\" title=\"Don Alcamo-Giovani-23_06_2010\" src=\"https:\/\/www.carlofrancio.net\/blog\/wp-content\/uploads\/2010\/06\/Don-Alcamo-Giovani-23_06_2010.jpg\" alt=\"\" width=\"329\" height=\"237\" \/><\/a>CHISTICO <\/span><span style=\"font-size: small;\">D<\/span><span style=\"font-size: x-small;\">IOCESANO <\/span><\/span><\/strong><\/span><\/span><span style=\"font-family: ArialMT,Bold, sans-serif;\"><span style=\"font-size: x-small;\"><span style=\"color: #993300;\"><span style=\"font-size: x-small;\"><strong>M<\/strong><\/span><span style=\"font-size: x-small;\"><strong>AZARA DEL <\/strong><\/span><span style=\"font-size: x-small;\"><strong>V<\/strong><\/span><span style=\"font-size: x-small;\"><strong>ALLO<\/strong><\/span><\/span><\/span><\/span><\/p>\n<p><span style=\"font-family: ArialMT, sans-serif;\"><span style=\"font-size: medium;\"><span style=\"color: #ff6600;\"><a title=\"I FORUM CATECHETICO\" href=\"https:\/\/www.carlofrancio.net\/blog\/wp-content\/uploads\/2010\/06\/Forum-23-24-giugno-2010-Don-Alcamo.pdf\" target=\"_self\">I\u00b0 FORUM CATECHETICO<\/a><\/span><\/span><\/span><\/p>\n<p><span style=\"font-family: ArialMT,Bold, sans-serif;\"><span style=\"font-size: large;\"><strong><span style=\"color: #339966;\">L&#8217;ATTO CATECHISTICO &#8211; EDUCATIVO<\/span><\/strong><\/span><\/span><\/p>\n<p><span style=\"font-family: ArialMT,Bold, sans-serif;\"><span style=\"font-size: large;\"><strong><span style=\"color: #008000;\">PER I RAGAZZI DAI 6 AI 14 ANNI<\/span><\/strong><\/span><\/span><\/p>\n<p><span style=\"font-family: ArialMT, sans-serif;\"><span style=\"font-size: x-small;\"><span style=\"color: #ff6600;\"><strong><span style=\"color: #993300;\">Aula Magna Seminario Vescovile<\/span><\/strong><\/span><\/span><\/span><\/p>\n<h1><span style=\"font-family: ArialMT,Bold, sans-serif;\"><span style=\"font-size: small;\">23 \/ 24 giugno 2010 \u00a0&gt;\u00a0\u00a0 \u00a0<\/span><\/span><span style=\"color: #ff6600;\"><a href=\"https:\/\/www.carlofrancio.net\/blog\/wp-content\/uploads\/2010\/06\/Forum-23-24-giugno-2010-Don-Alcamo.pdf\" target=\"_self\"><span style=\"font-family: ArialMT,Bold, sans-serif;\"><span style=\"font-size: small;\"><span style=\"font-family: Georgia,Bold, serif;\"><span style=\"font-size: x-small;\">La spiritualit\u00e0 del <\/span><\/span><\/span><\/span><span style=\"font-family: Georgia,Bold, serif;\"><span style=\"font-size: x-small;\">catechista &#8211; educatore<\/span><\/span><\/a><\/span><\/h1>\n<h3>Il direttore don <span style=\"color: #0000ff;\">Giuseppe Alcamo<\/span><span style=\"color: #ff6600;\"><span style=\"font-family: Georgia,Bold, serif;\"><span style=\"font-size: x-small;\"><!--more--><\/span><\/span><\/span><\/h3>\n<p><span style=\"font-family: Georgia, serif;\"><span style=\"font-size: x-small;\">Seguendo il vangelo di Luca, \u00e8 possibile <\/span><\/span><span style=\"font-family: Georgia, serif;\"><span style=\"font-size: x-small;\">delineare alcune peculiarit\u00e0 dell&#8217;educatore cristiano, <\/span><\/span><span style=\"font-family: Georgia, serif;\"><span style=\"font-size: x-small;\">che possono essere illuminanti per l&#8217;identit\u00e0 del <\/span><\/span><span style=\"font-family: Georgia, serif;\"><span style=\"font-size: x-small;\">catechista parrocchiale:<\/span><\/span><\/p>\n<p><span style=\"font-family: Georgia,Bold, serif;\"><span style=\"font-size: x-small;\"><span style=\"font-family: Wingdings-Regular;\"><span style=\"font-size: xx-small;\">?<\/span><\/span><strong>Ges\u00f9 si lascia educare dal Padre: <\/strong><span style=\"font-family: Georgia, serif;\">attraverso <\/span><\/span><\/span><span style=\"font-family: Georgia, serif;\"><span style=\"font-size: x-small;\">Maria e Giuseppe, nel segreto della preghiera <\/span><\/span><span style=\"font-family: Georgia, serif;\"><span style=\"font-size: x-small;\">personale, nella fedelt\u00e0 piena e totale fino alla <\/span><\/span><span style=\"font-family: Georgia, serif;\"><span style=\"font-size: x-small;\">croce. (Lc 2,51; 3,21; 22,42)<\/span><\/span><\/p>\n<p><span style=\"font-family: Georgia,Bold, serif;\"><span style=\"font-size: x-small;\"><span style=\"font-family: Wingdings-Regular;\"><span style=\"font-size: xx-small;\">?<\/span><\/span><strong>Egli incontra ed educa ciascuno in <\/strong><\/span><\/span><span style=\"font-family: Georgia,Bold, serif;\"><span style=\"font-size: x-small;\"><strong>maniera personale: <\/strong><span style=\"font-family: Georgia, serif;\">Ges\u00f9 non applica ricette, <\/span><\/span><\/span><span style=\"font-family: Georgia, serif;\"><span style=\"font-size: x-small;\">accoglie ciascuno nella sua verit\u00e0 e nella <\/span><\/span><span style=\"font-family: Georgia, serif;\"><span style=\"font-size: x-small;\">situazione in cui si trova, accoglie le domande dei <\/span><\/span><span style=\"font-family: Georgia, serif;\"><span style=\"font-size: x-small;\">singoli e a partire da queste li provoca ad andare <\/span><\/span><span style=\"font-family: Georgia, serif;\"><span style=\"font-size: x-small;\">oltre. ( Lc 7,36-50; 10,23-37; 19,1-10)<\/span><\/span><\/p>\n<p><span style=\"font-family: Georgia,Bold, serif;\"><span style=\"font-size: x-small;\"><span style=\"font-family: Wingdings-Regular;\"><span style=\"font-size: xx-small;\">?<\/span><\/span><strong>Egli istaura un rapporto particolare con <\/strong><\/span><\/span><span style=\"font-family: Georgia,Bold, serif;\"><span style=\"font-size: x-small;\"><strong>alcuni: <\/strong><span style=\"font-family: Georgia, serif;\">li chiama personalmente, fa vivere loro <\/span><\/span><\/span><span style=\"font-family: Georgia, serif;\"><span style=\"font-size: x-small;\">una esperienza singolare e privilegiata di <\/span><\/span><span style=\"font-family: Georgia, serif;\"><span style=\"font-size: x-small;\">comunione, li responsabilizza e li invia per <\/span><\/span><span style=\"font-family: Georgia, serif;\"><span style=\"font-size: x-small;\">compiti specifici. (Lc 5,1-11; 9,18-22; 9,46-48; <\/span><\/span><span style=\"font-family: Georgia, serif;\"><span style=\"font-size: x-small;\">22,24-27)<\/span><\/span><\/p>\n<p><span style=\"font-family: Georgia,Bold, serif;\"><span style=\"font-size: x-small;\"><span style=\"font-family: Wingdings-Regular;\"><span style=\"font-size: xx-small;\">?<\/span><\/span><strong>Egli non teme di essere esigente pur <\/strong><\/span><\/span><span style=\"font-family: Georgia,Bold, serif;\"><span style=\"font-size: x-small;\"><strong>rispettando la loro libert\u00e0: <\/strong><span style=\"font-family: Georgia, serif;\">le sue esigenze <\/span><\/span><\/span><span style=\"font-family: Georgia, serif;\"><span style=\"font-size: x-small;\">sono quelle dell&#8217;amore, senza mai manipolare o <\/span><\/span><span style=\"font-family: Georgia, serif;\"><span style=\"font-size: x-small;\">circuire. (Lc 9,57-62; 18,1830)<\/span><\/span><\/p>\n<p><span style=\"font-family: Georgia,Bold, serif;\"><span style=\"font-size: x-small;\"><span style=\"font-family: Wingdings-Regular;\"><span style=\"font-size: xx-small;\">?<\/span><\/span><strong>Egli educa alla preghiera: <\/strong><span style=\"font-family: Georgia, serif;\">Ges\u00f9 mostra <\/span><\/span><\/span><span style=\"font-family: Georgia, serif;\"><span style=\"font-size: x-small;\">concretamente come pregare facendo nascere il <\/span><\/span><span style=\"font-family: Georgia, serif;\"><span style=\"font-size: x-small;\">bisogno di imitarlo. (Lc 10,21-22; 11,1-4)<\/span><\/span><\/p>\n<p><span style=\"font-family: Georgia,Bold, serif;\"><span style=\"font-size: x-small;\"><strong>L&#8217;iniziazione Cristiana <\/strong><\/span><\/span><span style=\"font-family: Georgia,Bold, serif;\"><span style=\"font-size: x-small;\"><strong>nella Chiesa di Mazara del Vallo<\/strong><\/span><\/span><\/p>\n<p><span style=\"font-family: Georgia, serif;\"><span style=\"font-size: x-small;\">L&#8217;itinerario che l&#8217;ufficio catechistico <\/span><\/span><span style=\"font-family: Georgia, serif;\"><span style=\"font-size: x-small;\">diocesano propone, ha bisogno della originalit\u00e0 e <\/span><\/span><span style=\"font-family: Georgia, serif;\"><span style=\"font-size: x-small;\">dell&#8217;estro del catechista che lo fa proprio e lo media <\/span><\/span><span style=\"font-family: Georgia, serif;\"><span style=\"font-size: x-small;\">per la sua realizzazione concreta; ma, ha bisogno <\/span><\/span><span style=\"font-family: Georgia, serif;\"><span style=\"font-size: x-small;\">anche dell&#8217;apporto di tutte le persone che, in qualche <\/span><\/span><span style=\"font-family: Georgia, serif;\"><span style=\"font-size: x-small;\">modo, svolgono un ruolo educativo. <\/span><\/span><\/p>\n<p><span style=\"font-family: Georgia, serif;\"><span style=\"font-size: x-small;\">Si intende fare riferimento alla necessit\u00e0, per <\/span><\/span><span style=\"font-family: Georgia, serif;\"><span style=\"font-size: x-small;\">la parrocchia, di stabilire una stretta intesa con i <\/span><\/span><span style=\"font-family: Georgia, serif;\"><span style=\"font-size: x-small;\">genitori e, l\u00ec dove \u00e8 possibile, con i docenti; la <\/span><\/span><span style=\"font-family: Georgia, serif;\"><span style=\"font-size: x-small;\">comunit\u00e0 parrocchiale ha molto da dire, ma ha <\/span><\/span><span style=\"font-family: Georgia, serif;\"><span style=\"font-size: x-small;\">anche molto da apprendere da tutte le agenzie <\/span><\/span><span style=\"font-family: Georgia, serif;\"><span style=\"font-size: x-small;\">educative presenti nel territorio; isolarsi o <\/span><\/span><span style=\"font-family: Georgia, serif;\"><span style=\"font-size: x-small;\">contrapporsi non \u00e8 nella linea dell&#8217;educazione, <\/span><\/span><span style=\"font-family: Georgia, serif;\"><span style=\"font-size: x-small;\">mentre dialogare e mediare pone gi\u00e0 dentro la <\/span><\/span><span style=\"font-family: Georgia, serif;\"><span style=\"font-size: x-small;\">prospettiva educativa.<\/span><\/span><\/p>\n<p><span style=\"font-family: Georgia, serif;\"><span style=\"font-size: x-small;\">Tenendo presente le tappe evolutive della <\/span><\/span><span style=\"font-family: Georgia, serif;\"><span style=\"font-size: x-small;\">fanciullezza e della prima adolescenza, ogni anno \u00e8 <\/span><\/span><span style=\"font-family: Georgia, serif;\"><span style=\"font-size: x-small;\">diviso in 5 tappe, che tengono conto dell&#8217;anno <\/span><\/span><span style=\"font-family: Georgia, serif;\"><span style=\"font-size: x-small;\">liturgico e delle pagine di riferimento al catechismo <\/span><\/span><span style=\"font-family: Georgia, serif;\"><span style=\"font-size: x-small;\">della CEI.<\/span><\/span><\/p>\n<p><span style=\"font-family: Georgia, serif;\"><span style=\"font-size: x-small;\">Si \u00e8 tentato di programmare un itinerario <\/span><\/span><span style=\"font-family: Georgia, serif;\"><span style=\"font-size: x-small;\">articolato per anni dove la catechesi entra in simbiosi <\/span><\/span><span style=\"font-family: Georgia, serif;\"><span style=\"font-size: x-small;\">con la liturgia e la carit\u00e0, per introdurre in una chiesa m<\/span><\/span><span style=\"font-family: Georgia, serif;\"><span style=\"font-size: x-small;\">issionaria che fa della Parola di Dio e delle tappe <\/span><\/span><span style=\"font-family: Georgia, serif;\"><span style=\"font-size: x-small;\">sacramentali i suoi insostituibili punti di <\/span><\/span><span style=\"font-family: Georgia, serif;\"><span style=\"font-size: x-small;\">riferimento.<\/span><\/span><\/p>\n<p><span style=\"font-family: Georgia,Bold, serif;\"><span style=\"font-size: x-small;\"><strong>Introduzione<\/strong><\/span><\/span><\/p>\n<p><span style=\"font-family: Georgia, serif;\"><span style=\"font-size: x-small;\">Cosa significa educare? Come si trasmette il <\/span><\/span>\u201c<span style=\"font-family: Georgia, serif;\"><span style=\"font-size: x-small;\">dono\u201d della fede che Dio d\u00e0 a tutti gli uomini che lo <\/span><\/span><span style=\"font-family: Georgia, serif;\"><span style=\"font-size: x-small;\">cercano? Come iniziare oggi, nella Chiesa di Mazara <\/span><\/span><span style=\"font-family: Georgia, serif;\"><span style=\"font-size: x-small;\">del Vallo, alla vita cristiana? Come costruire la <\/span><\/span><span style=\"font-family: Georgia, serif;\"><span style=\"font-size: x-small;\">propria vita a partire dalla relazione con Ges\u00f9 <\/span><\/span><span style=\"font-family: Georgia, serif;\"><span style=\"font-size: x-small;\">Cristo?<\/span><\/span><\/p>\n<p><span style=\"font-family: Georgia, serif;\"><span style=\"font-size: x-small;\">Sono alcune domande che, come catechisti, ci <\/span><\/span><span style=\"font-family: Georgia, serif;\"><span style=\"font-size: x-small;\">provocano e vogliamo affrontare facendo appello <\/span><\/span><span style=\"font-family: Georgia, serif;\"><span style=\"font-size: x-small;\">alla nostra esperienza e andando oltre la nostra <\/span><\/span><span style=\"font-family: Georgia, serif;\"><span style=\"font-size: x-small;\">stessa esperienza.<\/span><\/span><\/p>\n<p><span style=\"font-family: Georgia, serif;\"><span style=\"font-size: x-small;\">Se educare \u00e8 molto pi\u00f9 che trasmettere un <\/span><\/span><span style=\"font-family: Georgia, serif;\"><span style=\"font-size: x-small;\">codice valoriale e comportamentale e chiama in <\/span><\/span><span style=\"font-family: Georgia, serif;\"><span style=\"font-size: x-small;\">causa la relazione affettiva tra le persone, siamo <\/span><\/span><span style=\"font-family: Georgia, serif;\"><span style=\"font-size: x-small;\">dentro la logica dell&#8217;annuncio evangelico, che va <\/span><\/span><span style=\"font-family: Georgia, serif;\"><span style=\"font-size: x-small;\">sempre fatto, da persona a persona, con gioia, <\/span><\/span><span style=\"font-family: Georgia, serif;\"><span style=\"font-size: x-small;\">coraggio e stile amicale.<\/span><\/span><\/p>\n<p><span style=\"font-family: Georgia, serif;\"><span style=\"font-size: x-small;\">Il rapporto, per\u00f2, tra educazione e trasmissione <\/span><\/span><span style=\"font-family: Georgia, serif;\"><span style=\"font-size: x-small;\">della fede non pu\u00f2 essere considerato pacifico, <\/span><\/span><span style=\"font-family: Georgia, serif;\"><span style=\"font-size: x-small;\">perch\u00e9 la fede non \u00e8 solo un pacchetto di verit\u00e0 da <\/span><\/span><span style=\"font-family: Georgia, serif;\"><span style=\"font-size: x-small;\">accettare supinamente, n\u00e9 un rito da compiere con <\/span><\/span><span style=\"font-family: Georgia, serif;\"><span style=\"font-size: x-small;\">incenso e melodie; dall&#8217;altra parte, l&#8217;educazione \u00e8 <\/span><\/span><span style=\"font-family: Georgia, serif;\"><span style=\"font-size: x-small;\">una categoria che chiama in causa la vita concreta di <\/span><\/span><span style=\"font-family: Georgia, serif;\"><span style=\"font-size: x-small;\">tutti gli uomini e si fonda sulla relazione tra le diverse <\/span><\/span><span style=\"font-family: Georgia, serif;\"><span style=\"font-size: x-small;\">generazioni, perch\u00e9 nessuno diventa uomo da solo.<\/span><\/span><\/p>\n<p><span style=\"font-family: Georgia, serif;\"><span style=\"font-size: x-small;\">Si pu\u00f2 dire che il rapporto tra trasmissione <\/span><\/span><span style=\"font-family: Georgia, serif;\"><span style=\"font-size: x-small;\">della fede ed educazione \u00e8 sempre fragile perch\u00e9, <\/span><\/span><span style=\"font-family: Georgia, serif;\"><span style=\"font-size: x-small;\">dentro la vita delle persone, deve trovare e <\/span><\/span><span style=\"font-family: Georgia, serif;\"><span style=\"font-size: x-small;\">mantenere un giusto equilibrio tra la libert\u00e0 <\/span><\/span><span style=\"font-family: Georgia, serif;\"><span style=\"font-size: x-small;\">personale e l&#8217;accoglienza della Tradizione, tra la fede <\/span><\/span><span style=\"font-family: Georgia, serif;\"><span style=\"font-size: x-small;\">della Chiesa e la fede vissuta nel quotidiano; non <\/span><\/span><span style=\"font-family: Georgia, serif;\"><span style=\"font-size: x-small;\">basta sapere, bisogna imparare a vivere e nessuno <\/span><\/span><span style=\"font-family: Georgia, serif;\"><span style=\"font-size: x-small;\">impara da solo, ci vuole sempre qualcuno che ti <\/span><\/span><span style=\"font-family: Georgia, serif;\"><span style=\"font-size: x-small;\">inizia.<\/span><\/span><\/p>\n<p><span style=\"font-family: Georgia, serif;\"><span style=\"font-size: x-small;\">Forti del metodo che la Chiesa italiana ha <\/span><\/span><span style=\"font-family: Georgia, serif;\"><span style=\"font-size: x-small;\">messo in atto nell&#8217;elaborare il Rinnovamento della <\/span><\/span><span style=\"font-family: Georgia, serif;\"><span style=\"font-size: x-small;\">Catechesi, desideriamo riproporre uno stile <\/span><\/span><span style=\"font-family: Georgia, serif;\"><span style=\"font-size: x-small;\">sinodale, che valorizzando tutti gli elementi positivi <\/span><\/span><span style=\"font-family: Georgia, serif;\"><span style=\"font-size: x-small;\">gi\u00e0 presenti nella nostra Chiesa, in un processo di <\/span><\/span><span style=\"font-family: Georgia, serif;\"><span style=\"font-size: x-small;\">andata e ritorno dentro le comunit\u00e0 parrocchiali, <\/span><\/span><span style=\"font-family: Georgia, serif;\"><span style=\"font-size: x-small;\">offra a tutti i catechisti una rinnovata opportunit\u00e0 di <\/span><\/span><span style=\"font-family: Georgia, serif;\"><span style=\"font-size: x-small;\">crescita.<\/span><\/span><\/p>\n<p><span style=\"font-family: Georgia,Italic, serif;\"><span style=\"font-size: x-small;\"><em>Il direttore<\/em><\/span><\/span><\/p>\n<p><span style=\"font-family: Georgia,Italic, serif;\"><span style=\"font-size: x-small;\"><em>don Giuseppe Alcamo<\/em><\/span><\/span><\/p>\n<p><span style=\"font-family: Georgia,Bold, serif;\"><span style=\"font-size: x-small;\"><strong>Struttura del Forum<\/strong><\/span><\/span><\/p>\n<p><span style=\"font-family: Georgia, serif;\"><span style=\"font-size: x-small;\">Il Forum vuole essere una scelta metodologica <\/span><\/span><span style=\"font-family: Georgia, serif;\"><span style=\"font-size: x-small;\">che favorisce il dialogo tra i responsabili della <\/span><\/span><span style=\"font-family: Georgia, serif;\"><span style=\"font-size: x-small;\">catechesi diocesana (Vescovo, Direttore, Parroci ed <\/span><\/span><span style=\"font-family: Georgia, serif;\"><span style=\"font-size: x-small;\">Equipe) con i catechisti e tra di essi, mettendo in r<\/span><\/span><span style=\"font-family: Georgia, serif;\"><span style=\"font-size: x-small;\">elazione le idee e i fatti, le esigenze e i progetti.<\/span><\/span><\/p>\n<p><span style=\"font-family: Georgia, serif;\"><span style=\"font-size: x-small;\">Con il Forum si vuole offrire la possibilit\u00e0 di <\/span><\/span><span style=\"font-family: Georgia, serif;\"><span style=\"font-size: x-small;\">entrare in una intensa e produttiva interattivit\u00e0 tra <\/span><\/span><span style=\"font-family: Georgia, serif;\"><span style=\"font-size: x-small;\">coloro che animano e i catechisti parrocchiali, <\/span><\/span><span style=\"font-family: Georgia, serif;\"><span style=\"font-size: x-small;\">eliminando, quasi del tutto, le lunghe relazioni <\/span><\/span><span style=\"font-family: Georgia, serif;\"><span style=\"font-size: x-small;\">frontali.<\/span><\/span><\/p>\n<p><span style=\"font-family: Georgia, serif;\"><span style=\"font-size: x-small;\">I contenuti del Forum si estendono alla <\/span><\/span><span style=\"font-family: Georgia, serif;\"><span style=\"font-size: x-small;\">maturazione delle motivazioni, al vaglio di <\/span><\/span><span style=\"font-family: Georgia, serif;\"><span style=\"font-size: x-small;\">esperienze di cui i catechisti sono ricchi e al lavoro di <\/span><\/span><span style=\"font-family: Georgia, serif;\"><span style=\"font-size: x-small;\">gruppo.<\/span><\/span><\/p>\n<p><span style=\"font-family: Georgia,Bold, serif;\"><span style=\"font-size: x-small;\"><strong>Obiettivi<\/strong><\/span><\/span><\/p>\n<p><span style=\"font-family: Georgia, serif;\"><span style=\"font-size: x-small;\">&#8211; Condividere la gioia e la fatica della catechesi <\/span><\/span><span style=\"font-family: Georgia, serif;\"><span style=\"font-size: x-small;\">diocesana, pensata, progettata e realizzata a <\/span><\/span><span style=\"font-family: Georgia, serif;\"><span style=\"font-size: x-small;\">servizio della Parola e non solo per la ricezione <\/span><\/span><span style=\"font-family: Georgia, serif;\"><span style=\"font-size: x-small;\">dei Sacramenti.<\/span><\/span><\/p>\n<p><span style=\"font-family: Georgia, serif;\"><span style=\"font-size: x-small;\">&#8211; Impostare un processo formativo per tutti gli <\/span><\/span><span style=\"font-family: Georgia, serif;\"><span style=\"font-size: x-small;\">educatori \u2013 catechisti che, a partire dal<\/span><\/span><\/p>\n<p><span style=\"font-family: Georgia, serif;\"><span style=\"font-size: x-small;\">Rinnovamento della Catechesi, sappia mettere a <\/span><\/span><span style=\"font-family: Georgia, serif;\"><span style=\"font-size: x-small;\">frutto i nuovi mezzi di comunicazione, tenendo <\/span><\/span><span style=\"font-family: Georgia, serif;\"><span style=\"font-size: x-small;\">presente che non \u00e8 sufficiente saperli utilizzare.<\/span><\/span><\/p>\n<p><span style=\"font-family: Georgia, serif;\"><span style=\"font-size: x-small;\">&#8211; Abilitare i catechisti a far uso, con sapienza ed <\/span><\/span><span style=\"font-family: Georgia, serif;\"><span style=\"font-size: x-small;\">intelligenza, dell&#8217;itinerario diocesano di <\/span><\/span><span style=\"font-family: Georgia, serif;\"><span style=\"font-size: x-small;\">Iniziazione Cristiana.<\/span><\/span><\/p>\n<p><span style=\"font-family: Georgia,Bold, serif;\"><span style=\"font-size: x-small;\"><strong>Contenuti<\/strong><\/span><\/span><\/p>\n<p><span style=\"font-family: Georgia, serif;\"><span style=\"font-size: x-small;\">&#8211; Il ruolo dell&#8217;Animatore parrocchiale dei <\/span><\/span><span style=\"font-family: Georgia, serif;\"><span style=\"font-size: x-small;\">catechisti.<\/span><\/span><\/p>\n<p><span style=\"font-family: Georgia, serif;\"><span style=\"font-size: x-small;\">&#8211; L&#8217;itinerario di catechesi di Iniziazione <\/span><\/span><span style=\"font-family: Georgia, serif;\"><span style=\"font-size: x-small;\">Cristiana, per i ragazzi dai 6 ai 14 anni, <\/span><\/span><span style=\"font-family: Georgia, serif;\"><span style=\"font-size: x-small;\">predisposto dalla diocesi.<\/span><\/span><\/p>\n<p><span style=\"font-family: Georgia, serif;\"><span style=\"font-size: x-small;\">&#8211; Il Linguaggio e i linguaggi a servizio di un <\/span><\/span><span style=\"font-family: Georgia, serif;\"><span style=\"font-size: x-small;\">annuncio che sia gioioso, rispondente ai <\/span><\/span><span style=\"font-family: Georgia, serif;\"><span style=\"font-size: x-small;\">bisogni delle persone e che faccia nascere un <\/span><\/span><span style=\"font-family: Georgia, serif;\"><span style=\"font-size: x-small;\">rinnovato bisogno di vita.<\/span><\/span><\/p>\n<p><span style=\"font-family: ArialMT, sans-serif;\"><span style=\"font-size: x-small;\">23\/24 GIUGNO 2010 <\/span><\/span><span style=\"font-family: ArialMT, sans-serif;\"><span style=\"font-size: x-small;\">16,00 \u2013 19,30<\/span><\/span><\/p>\n<p><span style=\"font-family: ArialMT,Bold, sans-serif;\"><span style=\"font-size: x-small;\"><strong>23 GIUGNO 2010<\/strong><\/span><\/span><\/p>\n<p><span style=\"font-family: Georgia,Bold, serif;\"><span style=\"font-size: x-small;\"><span style=\"font-family: ArialMT,Bold, sans-serif;\"><strong>Destinatari: <\/strong><\/span><span style=\"font-family: ArialMT, sans-serif;\">Animatori parrocchiali dei catechisti<\/span><\/span><\/span><\/p>\n<p><span style=\"font-family: ArialMT, sans-serif;\"><span style=\"font-size: x-small;\">&#8211; Catechisti dei fanciulli<\/span><\/span><\/p>\n<p><span style=\"font-family: ArialMT, sans-serif;\"><span style=\"font-size: x-small;\">ore 16,00 Preghiamo insieme<\/span><\/span><\/p>\n<p><span style=\"font-family: Georgia,Bold, serif;\"><span style=\"font-size: x-small;\"><span style=\"font-family: ArialMT, sans-serif;\">ore 16,30 <\/span><span style=\"font-family: ArialMT,Bold, sans-serif;\"><strong>\u201cAnnuncio e Catechesi per la vita <\/strong><\/span><\/span><\/span><span style=\"font-family: ArialMT,Bold, sans-serif;\"><span style=\"font-size: x-small;\"><strong>cristiana\u201d.<\/strong><\/span><\/span><\/p>\n<p><span style=\"font-family: ArialMT, sans-serif;\"><span style=\"font-size: x-small;\">Lettera alle comunit\u00e0, ai presbiteri e ai <\/span><\/span><span style=\"font-family: ArialMT, sans-serif;\"><span style=\"font-size: x-small;\">catechisti nel quarantesimo del <\/span><\/span><span style=\"font-family: ArialMT, sans-serif;\"><span style=\"font-size: x-small;\">Documento di Base: Il rinnovamento della <\/span><\/span><span style=\"font-family: ArialMT, sans-serif;\"><span style=\"font-size: x-small;\">Catechesi<\/span><\/span><\/p>\n<p><span style=\"font-family: ArialMT, sans-serif;\"><span style=\"font-size: x-small;\">ore 17,00 Laboratorio con gli animatori parrocchiali <\/span><\/span><\/p>\n<p><span style=\"font-family: ArialMT, sans-serif;\"><span style=\"font-size: x-small;\">Simulazione catechistica per i fanciulli dai <\/span><\/span><span style=\"font-family: ArialMT, sans-serif;\"><span style=\"font-size: x-small;\">6 ai 10 anni, nella \u201csala della comunit\u00e0\u201d, <\/span><\/span><span style=\"font-family: ArialMT, sans-serif;\"><span style=\"font-size: x-small;\">alla luce dell&#8217;itinerario diocesano<\/span><\/span><\/p>\n<p><span style=\"font-family: ArialMT,Bold, sans-serif;\"><span style=\"font-size: x-small;\"><strong>24 GIUGNO 2010<\/strong><\/span><\/span><\/p>\n<p><span style=\"font-family: Georgia,Bold, serif;\"><span style=\"font-size: x-small;\"><span style=\"font-family: ArialMT,Bold, sans-serif;\"><strong>Destinatari: <\/strong><\/span><span style=\"font-family: ArialMT, sans-serif;\">&#8211; Catechisti dei preadolescenti <\/span><\/span><\/span><\/p>\n<p><span style=\"font-family: ArialMT, sans-serif;\"><span style=\"font-size: x-small;\">&#8211; Giovani Catechisti (16-30 anni)<\/span><\/span><\/p>\n<p><span style=\"font-family: ArialMT, sans-serif;\"><span style=\"font-size: x-small;\">ore 16,00 Preghiamo insieme<\/span><\/span><\/p>\n<p><span style=\"font-family: Georgia,Bold, serif;\"><span style=\"font-size: x-small;\"><span style=\"font-family: ArialMT, sans-serif;\">ore 16,30 <\/span><span style=\"font-family: ArialMT,Bold, sans-serif;\"><strong>Rileggere il percorso diocesano della <\/strong><\/span><\/span><\/span><span style=\"font-family: ArialMT,Bold, sans-serif;\"><span style=\"font-size: x-small;\"><strong>festa della Cresima<\/strong><\/span><\/span><\/p>\n<p><span style=\"font-family: ArialMT, sans-serif;\"><span style=\"font-size: x-small;\">ore 17,00 Laboratorio\u00a0 catechetico\u00a0per\u00a0i <\/span><\/span><span style=\"font-family: ArialMT, sans-serif;\"><span style=\"font-size: x-small;\">preadolescenti (11-14 anni) con i nuovi <\/span><\/span><span style=\"font-family: Georgia,Bold, serif;\"><span style=\"font-size: x-small;\"><span style=\"font-family: ArialMT, sans-serif;\">mezzi di comunicazione: <\/span><span style=\"font-family: ArialMT,Italic, sans-serif;\"><em>[<\/em><\/span><span style=\"font-family: ArialMT,Italic, sans-serif;\"><span style=\"font-size: xx-small;\"><em>SMS \u2013 Forum &#8211; sito: <\/em><\/span><\/span><\/span><\/span><span style=\"font-family: ArialMT,Italic, sans-serif;\"><span style=\"font-size: xx-small;\"><em>www.11-14enni.it \u2013 la \u201cNarrazione\u201d &#8211; la \u201cLettera\u201d]<\/em><\/span><\/span><\/p>\n","protected":false},"excerpt":{"rendered":"<p>\u00a0 UFFICIO CATECHISTICO DIOCESANO MAZARA DEL VALLO I\u00b0 FORUM CATECHETICO L&#8217;ATTO CATECHISTICO &#8211; EDUCATIVO PER I RAGAZZI DAI 6 AI 14 ANNI Aula Magna Seminario Vescovile 23 \/ 24 giugno &hellip; <\/p>\n","protected":false},"author":2,"featured_media":0,"comment_status":"open","ping_status":"open","sticky":false,"template":"","format":"standard","meta":{"footnotes":""},"categories":[12,94],"tags":[425,426,34],"class_list":["post-5632","post","type-post","status-publish","format-standard","hentry","category-diocesi-di-mazara-del-vallo","category-ufficio-catechistico-diocesi-mazara-del-vallo","tag-chiesa_cattolica","tag-cultura","tag-giovani"],"_links":{"self":[{"href":"https:\/\/www.carlofrancio.net\/index.php?rest_route=\/wp\/v2\/posts\/5632","targetHints":{"allow":["GET"]}}],"collection":[{"href":"https:\/\/www.carlofrancio.net\/index.php?rest_route=\/wp\/v2\/posts"}],"about":[{"href":"https:\/\/www.carlofrancio.net\/index.php?rest_route=\/wp\/v2\/types\/post"}],"author":[{"embeddable":true,"href":"https:\/\/www.carlofrancio.net\/index.php?rest_route=\/wp\/v2\/users\/2"}],"replies":[{"embeddable":true,"href":"https:\/\/www.carlofrancio.net\/index.php?rest_route=%2Fwp%2Fv2%2Fcomments&post=5632"}],"version-history":[{"count":0,"href":"https:\/\/www.carlofrancio.net\/index.php?rest_route=\/wp\/v2\/posts\/5632\/revisions"}],"wp:attachment":[{"href":"https:\/\/www.carlofrancio.net\/index.php?rest_route=%2Fwp%2Fv2%2Fmedia&parent=5632"}],"wp:term":[{"taxonomy":"category","embeddable":true,"href":"https:\/\/www.carlofrancio.net\/index.php?rest_route=%2Fwp%2Fv2%2Fcategories&post=5632"},{"taxonomy":"post_tag","embeddable":true,"href":"https:\/\/www.carlofrancio.net\/index.php?rest_route=%2Fwp%2Fv2%2Ftags&post=5632"}],"curies":[{"name":"wp","href":"https:\/\/api.w.org\/{rel}","templated":true}]}}