{"id":5613,"date":"2010-06-07T00:11:58","date_gmt":"2010-06-06T23:11:58","guid":{"rendered":"https:\/\/www.carlofrancio.net\/blog\/?p=5613"},"modified":"2010-06-07T00:11:58","modified_gmt":"2010-06-06T23:11:58","slug":"messina-sae-viaggio-a-ginevra-sui-luoghi-dellecumenismo-%c2%abtutti-i-colori-del-bianco%c2%bb","status":"publish","type":"post","link":"https:\/\/www.carlofrancio.net\/?p=5613","title":{"rendered":"MESSINA &#8211; SAE- Viaggio a Ginevra &quot;Sui luoghi dell&#039;Ecumenismo&quot; &#8211; \u00abTutti i colori del Bianco\u00bb"},"content":{"rendered":"<p>\u00a0 <a href=\"https:\/\/www.carlofrancio.net\/blog\/wp-content\/uploads\/2010\/06\/Daniela-Villari-Tenda-della-Pace.jpg\"><img loading=\"lazy\" decoding=\"async\" class=\"alignright size-medium wp-image-5615\" title=\"Daniela Villari- Tenda della Pace\" src=\"https:\/\/www.carlofrancio.net\/blog\/wp-content\/uploads\/2010\/06\/Daniela-Villari-Tenda-della-Pace-202x300.jpg\" alt=\"\" width=\"202\" height=\"300\" \/><\/a><span style=\"color: #000000;\"><span style=\"font-family: Times New Roman, serif;\"><span style=\"font-size: small;\"><span style=\"font-size: medium;\"><strong>ASSOCIAZ<a href=\"https:\/\/www.carlofrancio.net\/blog\/wp-content\/uploads\/2009\/11\/SAE-LOGO.png\"><img loading=\"lazy\" decoding=\"async\" class=\"alignleft size-thumbnail wp-image-3453\" title=\"SAE-LOGO\" src=\"https:\/\/www.carlofrancio.net\/blog\/wp-content\/uploads\/2009\/11\/SAE-LOGO-150x150.png\" alt=\"\" width=\"150\" height=\"150\" \/><\/a>IONE ECUMENICA \u201c<\/strong><\/span><span style=\"font-size: medium;\"><em><strong>E. Cialla<\/strong><\/em><\/span><span style=\"font-size: medium;\"><strong>\u201d\u00a0 <\/strong><\/span><\/span><\/span><\/span><span style=\"color: #000000;\"><span style=\"font-family: Times New Roman, serif;\"><span style=\"font-size: small;\"><span style=\"font-size: medium;\"><strong>SAE<\/strong><\/span><span style=\"font-size: medium;\"><strong> <\/strong><\/span><span style=\"font-size: medium;\">&#8211;<\/span><span style=\"font-size: medium;\"><strong> <\/strong><\/span><span style=\"font-size: medium;\"><strong>Segretariato Attivita\u2019 Ecumeniche <\/strong><\/span><\/span><\/span><\/span><span style=\"color: #000000;\"><span style=\"font-family: Garamond, serif;\"><span style=\"font-size: medium;\">Gruppo di Messina<span style=\"color: #ff6600;\"><a href=\"https:\/\/www.carlofrancio.net\/blog\/wp-content\/uploads\/2010\/06\/Simonetta-Micale-Tenda-della-Pace.jpg\"><img loading=\"lazy\" decoding=\"async\" class=\"alignright size-medium wp-image-5614\" title=\"Simonetta Micale- Tenda della Pace\" src=\"https:\/\/www.carlofrancio.net\/blog\/wp-content\/uploads\/2010\/06\/Simonetta-Micale-Tenda-della-Pace-229x300.jpg\" alt=\"\" width=\"229\" height=\"300\" \/><\/a><\/span><\/span><\/span><\/span><\/p>\n<p>\u00a0<span style=\"color: #000000;\"><span style=\"font-family: Times New Roman, serif;\"><span style=\"font-size: small;\"><span style=\"font-family: Comic Sans MS, cursive;\"><span style=\"font-size: small;\"><strong>Marted\u00ec 8<\/strong><\/span><\/span><span style=\"font-family: Comic Sans MS, cursive;\"><span style=\"font-size: small;\"><strong> giugno <\/strong><\/span><\/span><span style=\"font-family: Comic Sans MS, cursive;\"><span style=\"font-size: small;\"><strong>alle<\/strong><\/span><\/span><span style=\"font-family: Comic Sans MS, cursive;\"><span style=\"font-size: small;\"> <\/span><\/span><span style=\"font-family: Comic Sans MS, cursive;\"><span style=\"font-size: small;\"><strong>ore 18.30 : sala delle attivit\u00e0 valdesi <\/strong><\/span><\/span><\/span><\/span><\/span><span style=\"color: #000000;\"><span style=\"font-family: Comic Sans MS, cursive;\"><span style=\"font-size: x-small;\">(accanto al Teatro Vittorio)<\/span><\/span><\/span><\/p>\n<h2><span style=\"color: #ff6600;\">Viaggio a Ginevra: impressioni e diapositive <\/span><\/h2>\n<h2>a cura di <span style=\"color: #0000ff;\">Simonetta Micali e Daniela Villari<\/span><\/h2>\n<p><span style=\"color: #000000;\"><span style=\"font-family: Times New Roman, serif;\"><span style=\"font-size: small;\"><span style=\"font-family: Comic Sans MS, cursive;\"><span style=\"font-size: small;\"><strong>Concludere e ri-programmare<\/strong><\/span><\/span><\/span><\/span><\/span><\/p>\n<h4><span style=\"color: #993300;\"><span style=\"text-decoration: underline;\">Il Punto di Carmelo Labate<\/span><\/span><\/h4>\n<p><span style=\"color: #000000;\"><span style=\"font-family: Times New Roman, serif;\"><span style=\"font-size: small;\"><span style=\"font-family: Times New Roman, serif;\"><span style=\"font-size: small;\">Il resto del gruppo \u00e8 quello che non parte, che non si muove pi\u00f9 di tanto, che ritiene superfluo uscire dal proprio ambito, che non desidera conoscere un\u2019altra esperienza probabilmente arricchente per ogni singola persona e per il gruppo nel suo insieme. <\/span><\/span><span style=\"font-family: Times New Roman, serif;\"><span style=\"font-size: small;\"><strong>Antonietta<\/strong><\/span><\/span><span style=\"font-family: Times New Roman, serif;\"><span style=\"font-size: small;\">, <\/span><\/span><span style=\"font-family: Times New Roman, serif;\"><span style=\"font-size: small;\"><strong>Daniela <\/strong><\/span><\/span><span style=\"font-family: Times New Roman, serif;\"><span style=\"font-size: small;\">e<\/span><\/span><span style=\"font-family: Times New Roman, serif;\"><span style=\"font-size: small;\"><strong> Simonetta <\/strong><\/span><\/span><span style=\"font-family: Times New Roman, serif;\"><span style=\"font-size: small;\">hanno, invece, fatto il <\/span><\/span><span style=\"font-family: Times New Roman, serif;\"><span style=\"font-size: small;\"><strong>viaggio a Ginevra (14-17 aprile 2010) <\/strong><\/span><\/span><span style=\"font-family: Times New Roman, serif;\"><span style=\"font-size: small;\">insieme<\/span><\/span><span style=\"font-family: Times New Roman, serif;\"><span style=\"font-size: small;\"> a tantissimi altri provenienti da tutta Italia. Sono tornate entusiaste e con la voglia di partecipare al \u201cresto\u201d la felicit\u00e0 provata, gli stimoli ricevuti e i valori riscoperti.<\/span><\/span><span style=\"font-family: Times New Roman, serif;\"><span style=\"font-size: small;\"><strong> Raccontare impressioni <\/strong><\/span><\/span><span style=\"font-family: Times New Roman, serif;\"><span style=\"font-size: small;\">e <\/span><\/span><span style=\"font-family: Times New Roman, serif;\"><span style=\"font-size: small;\"><strong>mostrare diapositive<\/strong><\/span><\/span><span style=\"font-family: Times New Roman, serif;\"><span style=\"font-size: small;\"> perch\u00e9 anche noi possiamo <\/span><\/span><span style=\"font-family: Times New Roman, serif;\"><span style=\"font-size: small;\"><strong>vedere quello che loro hanno visto<\/strong><\/span><\/span><span style=\"font-family: Times New Roman, serif;\"><span style=\"font-size: small;\">, almeno in parte.<\/span><\/span><span style=\"font-family: Times New Roman, serif;\"><span style=\"font-size: small;\"><strong> <!--more--><\/strong><\/span><\/span><\/span><\/span><\/span><\/p>\n<p><span style=\"color: #000000;\"><span style=\"font-family: Times New Roman, serif;\"><span style=\"font-size: small;\"><span style=\"font-family: Times New Roman, serif;\"><span style=\"font-size: small;\">Un <\/span><\/span><span style=\"font-family: Times New Roman, serif;\"><span style=\"font-size: small;\"><strong>viaggio<\/strong><\/span><\/span><span style=\"font-family: Times New Roman, serif;\"><span style=\"font-size: small;\">, <\/span><\/span><span style=\"font-family: Times New Roman, serif;\"><span style=\"font-size: small;\"><strong>ecumenico fin dall\u2019iniziativa<\/strong><\/span><\/span><span style=\"font-family: Times New Roman, serif;\"><span style=\"font-size: small;\">: perch\u00e9 l\u2019ha organizzato il SAE, per i luoghi visistati, per i partecipanti, per il significato simbolico di cammino dell\u2019ecumenismo che, nei cento anni dalla Conferenza di Edimburgo, \u00e8 stato sempre pronto a ripartire. Al centro il grande fienile di <\/span><\/span><span style=\"font-family: Times New Roman, serif;\"><span style=\"font-size: small;\"><strong>Grandchamp<\/strong><\/span><\/span><span style=\"font-family: Times New Roman, serif;\"><span style=\"font-size: small;\"> in legno scuro trasformato da suore ecumeniche in cappella, dentro cui attraverso finestre a vetri colorati penetrano diversamente i raggi dell\u2019unica luce.<\/span><\/span><span style=\"font-family: Times New Roman, serif;\"><span style=\"font-size: small;\"><strong> <\/strong><\/span><\/span><\/span><\/span><\/span><\/p>\n<p><span style=\"color: #000000;\"><span style=\"font-family: Times New Roman, serif;\"><span style=\"font-size: small;\"><span style=\"font-family: Times New Roman, serif;\"><span style=\"font-size: small;\"><strong>Ecumenismo: testimoniare la luce con un armonico dialogo di colori<\/strong><\/span><\/span><span style=\"font-family: Times New Roman, serif;\"><span style=\"font-size: small;\">. I colori siamo <\/span><\/span><span style=\"font-family: Times New Roman, serif;\"><span style=\"font-size: small;\"><strong>noi<\/strong><\/span><\/span><span style=\"font-family: Times New Roman, serif;\"><span style=\"font-size: small;\">, raggi di luce, dalle tinte forti o tenui, spesso necessariamente contaminati <\/span><\/span><span style=\"font-family: Times New Roman, serif;\"><span style=\"font-size: small;\"><strong>verso la scoperta di altre tonalit\u00e0<\/strong><\/span><\/span><span style=\"font-family: Times New Roman, serif;\"><span style=\"font-size: small;\"> forse ignote, ma che rendono alla luce quello che essa ri-crea, vuole, ridimensiona. A partire dalla condizione dell\u2019uomo, fiore di campo che presto non \u00e8 pi\u00f9, ma di cui se ne cura il Signore con i suoi benefici materiali e spirituali (Sal. 103). <\/span><\/span><\/span><\/span><\/span><\/p>\n<p><span style=\"color: #000000;\"><span style=\"font-family: Times New Roman, serif;\"><span style=\"font-size: small;\"><span style=\"font-family: Times New Roman, serif;\"><span style=\"font-size: small;\">Forse \u00e8 questa la <\/span><\/span><span style=\"font-family: Times New Roman, serif;\"><span style=\"font-size: small;\"><strong>prospettiva ecumenica<\/strong><\/span><\/span><span style=\"font-family: Times New Roman, serif;\"><span style=\"font-size: small;\">, suggerita ormai da tempo ma che si stenta a farla decollare: incontrarsi, formarsi, meditare, pregare, condividere opinioni e dottrine \u00e8 tutto buono, ma siamo chiamati a \u201cconiugare l\u2019adorazione di Dio con la cura per l\u2019umanit\u00e0\u201d e il creato (Calvino). <\/span><\/span><span style=\"font-family: Times New Roman, serif;\"><span style=\"font-size: small;\"><strong>Chiamati a collaborare<\/strong><\/span><\/span><span style=\"font-family: Times New Roman, serif;\"><span style=\"font-size: small;\"> per una <\/span><\/span><span style=\"font-family: Times New Roman, serif;\"><span style=\"font-size: small;\"><strong>accoglienza<\/strong><\/span><\/span><span style=\"font-family: Times New Roman, serif;\"><span style=\"font-size: small;\"> dignitosa dei migranti, disoccupati, nuovi poveri, per una pi\u00f9 forte e pi\u00f9 chiara<\/span><\/span><span style=\"font-family: Times New Roman, serif;\"><span style=\"font-size: small;\"><strong> denuncia<\/strong><\/span><\/span><span style=\"font-family: Times New Roman, serif;\"><span style=\"font-size: small;\"> comune di questa politica da \u201cmacellazione sociale\u201d, per una <\/span><\/span><span style=\"font-family: Times New Roman, serif;\"><span style=\"font-size: small;\"><strong>difesa non violenta<\/strong><\/span><\/span><span style=\"font-family: Times New Roman, serif;\"><span style=\"font-size: small;\"> tanto <\/span><\/span><span style=\"font-family: Times New Roman, serif;\"><span style=\"font-size: small;\"><strong>del territorio<\/strong><\/span><\/span><span style=\"font-family: Times New Roman, serif;\"><span style=\"font-size: small;\"> (militarizzazione sempre pi\u00f9 estesa di siti siciliani; incombente fantasma del ponte sullo Stretto; qualit\u00e0 di vita a Milazzo come altrove in Sicilia, disastri per alluvioni e smottamenti, cause diverse di inquinamento e cos\u00ec via) quanto <\/span><\/span><span style=\"font-family: Times New Roman, serif;\"><span style=\"font-size: small;\"><strong>dei patrimoni universali<\/strong><\/span><\/span><span style=\"font-family: Times New Roman, serif;\"><span style=\"font-size: small;\"> (l\u2019acqua bene primario, la salute, ecc.). <\/span><\/span><span style=\"font-family: Times New Roman, serif;\"><span style=\"font-size: small;\"><strong>Insieme alla Grazia <\/strong><\/span><\/span><span style=\"font-family: Times New Roman, serif;\"><span style=\"font-size: small;\">gratuita<\/span><\/span><span style=\"font-family: Times New Roman, serif;\"><span style=\"font-size: small;\"><strong> la collaborazione <\/strong><\/span><\/span><span style=\"font-family: Times New Roman, serif;\"><span style=\"font-size: small;\">ci rende<\/span><\/span><span style=\"font-family: Times New Roman, serif;\"><span style=\"font-size: small;\"><strong> un unico Corpo di Cristo<\/strong><\/span><\/span><span style=\"font-family: Times New Roman, serif;\"><span style=\"font-size: small;\">. <\/span><\/span><\/span><\/span><\/span><\/p>\n<p><span style=\"color: #000000;\"><span style=\"font-family: Times New Roman, serif;\"><span style=\"font-size: small;\"><span style=\"font-family: Times New Roman, serif;\"><span style=\"font-size: small;\">Insomma, dovremmo <\/span><\/span><span style=\"font-family: Times New Roman, serif;\"><span style=\"font-size: small;\"><strong>deporre il carico ereditato delle divisioni<\/strong><\/span><\/span><span style=\"font-family: Times New Roman, serif;\"><span style=\"font-size: small;\"> sulle dottrine e dei particolarismi ecclesiali, per abbracciare quello che oggi ci interroga con pi\u00f9 urgenza. <\/span><\/span><span style=\"font-family: Times New Roman, serif;\"><span style=\"font-size: small;\"><strong>A questo nuovo patto di giustizia il Signore chiama i credenti di oggi, collaborare per il bene dell\u2019uomo e del creato<\/strong><\/span><\/span><span style=\"font-family: Times New Roman, serif;\"><span style=\"font-size: small;\">, ciascuno secondo il carisma ricevuto. Vivere nella luce di questo patto, non far tramontare mai questa luce, anzi se \u00e8 buio dentro lasciamoci penetrare (come a Grandchamp) dalla luce, dai diversi suoi colori per testimoniare la misericordia del nostro Dio.<\/span><\/span><\/span><\/span><\/span><\/p>\n<p><span style=\"color: #000000;\"><span style=\"font-family: Times New Roman, serif;\"><span style=\"font-size: small;\"><span style=\"font-family: Times New Roman, serif;\"><span style=\"font-size: small;\">Esci per una volta dal tuo gruppo e<\/span><\/span><span style=\"font-family: Times New Roman, serif;\"><span style=\"font-size: small;\"><strong> vieni <\/strong><\/span><\/span><span style=\"font-family: Times New Roman, serif;\"><span style=\"font-size: small;\">a dirci la tua,<\/span><\/span><span style=\"font-family: Times New Roman, serif;\"><span style=\"font-size: small;\"><strong> ti aspettiamo<\/strong><\/span><\/span><span style=\"font-family: Times New Roman, serif;\"><span style=\"font-size: small;\">.<\/span><\/span><\/span><\/span><\/span><\/p>\n<p><span style=\"font-size: x-small;\">Il SAE \u00e8 una Associazione ecumenica di credenti <\/span><span style=\"font-size: x-small;\">appartenenti a diverse chiese cristiane: cattolici, evangelici e ortodossi<\/span><\/p>\n<p><span style=\"color: #000000;\"><span style=\"font-family: Times New Roman, serif;\"><span style=\"font-size: small;\"><span style=\"font-size: small;\">Info: <\/span><span style=\"color: #0000ff;\"><span style=\"text-decoration: underline;\"><a href=\"https:\/\/www.carlofrancio.net\/\"><span style=\"font-size: small;\"><strong>www.carlofrancio.net<\/strong><\/span><\/a><\/span><\/span><span style=\"font-size: small;\"> ; Carmelo 09040352 <\/span><span style=\"color: #0000ff;\"><span style=\"text-decoration: underline;\"><a href=\"mailto:labacar@tele2.it\"><span style=\"font-size: small;\">labacar@tele2.it<\/span><\/a><\/span><\/span><span style=\"font-size: small;\"> ; <\/span><span style=\"color: #0000ff;\"><span style=\"text-decoration: underline;\"><a href=\"http:\/\/www.saenotizie.it\/\"><span style=\"font-size: small;\">www.saenotizie.it<\/span><\/a><\/span><\/span><\/span><\/span><\/span><\/p>\n<p><span style=\"color: #000000;\"><span style=\"font-family: Times New Roman, serif;\"><span style=\"font-size: small;\"><span style=\"color: #0000ff;\"><span style=\"text-decoration: underline;\"><a href=\"http:\/\/www.saenotizie.it\/\"><\/a><\/span><\/span><\/span><\/span><\/span><\/p>\n","protected":false},"excerpt":{"rendered":"<p>\u00a0 ASSOCIAZIONE ECUMENICA \u201cE. Cialla\u201d\u00a0 SAE &#8211; Segretariato Attivita\u2019 Ecumeniche Gruppo di Messina \u00a0Marted\u00ec 8 giugno alle ore 18.30 : sala delle attivit\u00e0 valdesi (accanto al Teatro Vittorio) Viaggio a &hellip; <\/p>\n","protected":false},"author":2,"featured_media":0,"comment_status":"open","ping_status":"open","sticky":false,"template":"","format":"standard","meta":{"footnotes":""},"categories":[56],"tags":[426,32],"class_list":["post-5613","post","type-post","status-publish","format-standard","hentry","category-servizi-attivita-ecumeniche","tag-cultura","tag-ecumenismo"],"_links":{"self":[{"href":"https:\/\/www.carlofrancio.net\/index.php?rest_route=\/wp\/v2\/posts\/5613","targetHints":{"allow":["GET"]}}],"collection":[{"href":"https:\/\/www.carlofrancio.net\/index.php?rest_route=\/wp\/v2\/posts"}],"about":[{"href":"https:\/\/www.carlofrancio.net\/index.php?rest_route=\/wp\/v2\/types\/post"}],"author":[{"embeddable":true,"href":"https:\/\/www.carlofrancio.net\/index.php?rest_route=\/wp\/v2\/users\/2"}],"replies":[{"embeddable":true,"href":"https:\/\/www.carlofrancio.net\/index.php?rest_route=%2Fwp%2Fv2%2Fcomments&post=5613"}],"version-history":[{"count":0,"href":"https:\/\/www.carlofrancio.net\/index.php?rest_route=\/wp\/v2\/posts\/5613\/revisions"}],"wp:attachment":[{"href":"https:\/\/www.carlofrancio.net\/index.php?rest_route=%2Fwp%2Fv2%2Fmedia&parent=5613"}],"wp:term":[{"taxonomy":"category","embeddable":true,"href":"https:\/\/www.carlofrancio.net\/index.php?rest_route=%2Fwp%2Fv2%2Fcategories&post=5613"},{"taxonomy":"post_tag","embeddable":true,"href":"https:\/\/www.carlofrancio.net\/index.php?rest_route=%2Fwp%2Fv2%2Ftags&post=5613"}],"curies":[{"name":"wp","href":"https:\/\/api.w.org\/{rel}","templated":true}]}}