{"id":5586,"date":"2010-06-06T19:32:52","date_gmt":"2010-06-06T18:32:52","guid":{"rendered":"https:\/\/www.carlofrancio.net\/blog\/?p=5586"},"modified":"2025-03-04T19:37:25","modified_gmt":"2025-03-04T18:37:25","slug":"messina-una-grande-lezione-di-umanita-%c2%ab-jean-leonard-touadi-%c2%bb","status":"publish","type":"post","link":"https:\/\/www.carlofrancio.net\/?p=5586","title":{"rendered":"Messina &#8211; &#8220;Una grande lezione di Umanit\u00e0&#8221; &#8211; \u00ab Jean L\u00e9onard Touad\u00ec \u00bb"},"content":{"rendered":"<p><a href=\"https:\/\/www.carlofrancio.net\/wp-content\/uploads\/2010\/06\/Logo-animore.jpg\"><img loading=\"lazy\" decoding=\"async\" class=\"wp-image-119369 alignright\" src=\"https:\/\/www.carlofrancio.net\/wp-content\/uploads\/2010\/06\/Logo-animore-320x189.jpg\" alt=\"\" width=\"215\" height=\"127\" srcset=\"https:\/\/www.carlofrancio.net\/wp-content\/uploads\/2010\/06\/Logo-animore-320x189.jpg 320w, https:\/\/www.carlofrancio.net\/wp-content\/uploads\/2010\/06\/Logo-animore.jpg 624w\" sizes=\"auto, (max-width: 215px) 100vw, 215px\" \/><\/a><a href=\"https:\/\/www.carlofrancio.net\/wp-content\/uploads\/2010\/06\/LOGO-Caritas.jpg\"><img loading=\"lazy\" decoding=\"async\" class=\"wp-image-119368 alignleft\" src=\"https:\/\/www.carlofrancio.net\/wp-content\/uploads\/2010\/06\/LOGO-Caritas.jpg\" alt=\"\" width=\"215\" height=\"92\" \/><\/a><a href=\"https:\/\/www.carlofrancio.net\/wp-content\/uploads\/2010\/06\/Agesci-zona-dello-Stretto.jpg\"><img loading=\"lazy\" decoding=\"async\" class=\"size-full wp-image-119367\" src=\"https:\/\/www.carlofrancio.net\/wp-content\/uploads\/2010\/06\/Agesci-zona-dello-Stretto.jpg\" alt=\"\" width=\"183\" height=\"126\" srcset=\"https:\/\/www.carlofrancio.net\/wp-content\/uploads\/2010\/06\/Agesci-zona-dello-Stretto.jpg 183w, https:\/\/www.carlofrancio.net\/wp-content\/uploads\/2010\/06\/Agesci-zona-dello-Stretto-135x93.jpg 135w\" sizes=\"auto, (max-width: 183px) 100vw, 183px\" \/><\/a><\/p>\n<p style=\"text-align: center;\"><strong><span style=\"color: #ff6600;\"><span style=\"color: #993300;\">Il 4 giugno<\/span> 2010\u00a0<\/span><\/strong><\/p>\n<p style=\"text-align: center;\"><strong><span style=\"color: #ff6600;\">nel salone intitolato<\/span><\/strong><\/p>\n<p style=\"text-align: center;\"><strong><span style=\"color: #ff6600;\"> a &#8220;<span style=\"color: #000080;\">Monsignor Fasola<\/span>&#8221;\u00a0\u00a0<\/span><span style=\"color: #ff6600;\"> si \u00e8 svolto il\u00a0 <span style=\"color: #993300;\">V\u00b0 incontro\u00a0<\/span><\/span><span style=\"color: #ff6600;\">del<span style=\"color: #000080;\"> Progetto Baobab<\/span>. <\/span><\/strong><\/p>\n<h1 style=\"text-align: center;\"><span style=\"color: #ff6600;\"><span style=\"color: #ff0000;\">&#8220;Viaggi lenti e storie fragili&#8221;<\/span><\/span><\/h1>\n<p><a href=\"https:\/\/www.carlofrancio.net\/wp-content\/uploads\/2010\/06\/IMG_0607-1.jpg\"><img loading=\"lazy\" decoding=\"async\" class=\"wp-image-119357 alignleft\" src=\"https:\/\/www.carlofrancio.net\/wp-content\/uploads\/2010\/06\/IMG_0607-1-320x240.jpg\" alt=\"\" width=\"196\" height=\"147\" srcset=\"https:\/\/www.carlofrancio.net\/wp-content\/uploads\/2010\/06\/IMG_0607-1-320x240.jpg 320w, https:\/\/www.carlofrancio.net\/wp-content\/uploads\/2010\/06\/IMG_0607-1-160x120.jpg 160w, https:\/\/www.carlofrancio.net\/wp-content\/uploads\/2010\/06\/IMG_0607-1.jpg 800w\" sizes=\"auto, (max-width: 196px) 100vw, 196px\" \/><\/a><\/p>\n<p><a href=\"https:\/\/www.carlofrancio.net\/wp-content\/uploads\/2010\/06\/IMG_0608.jpg\"><img loading=\"lazy\" decoding=\"async\" class=\"wp-image-119353 alignright\" src=\"https:\/\/www.carlofrancio.net\/wp-content\/uploads\/2010\/06\/IMG_0608-320x240.jpg\" alt=\"\" width=\"209\" height=\"157\" srcset=\"https:\/\/www.carlofrancio.net\/wp-content\/uploads\/2010\/06\/IMG_0608-320x240.jpg 320w, https:\/\/www.carlofrancio.net\/wp-content\/uploads\/2010\/06\/IMG_0608-160x120.jpg 160w, https:\/\/www.carlofrancio.net\/wp-content\/uploads\/2010\/06\/IMG_0608.jpg 800w\" sizes=\"auto, (max-width: 209px) 100vw, 209px\" \/><\/a><\/p>\n<p>Al direttore della Caritas sac. <strong><span style=\"color: #0000ff;\">Gaetano Tripodo <\/span><\/strong>il compito di introdurre l&#8217;<span style=\"color: #000080;\"><strong>Ospite<\/strong><\/span> e\u00a0 <strong><span style=\"color: #0000ff;\">Michele &#8230; <\/span><\/strong>il <strong>giovane<\/strong> incaricato di fare le domande sul palco.<\/p>\n<p>La semplice e pregevole presentazione di &#8216;<strong><span style=\"color: #0000ff;\">Michele<\/span><\/strong>,\u00a0 ha illustrato, la genesi e lo sviluppo del <span style=\"color: #000080;\">Progetto Baobab<\/span>,\u00a0 aiutato in ci\u00f2 da suggestive immagini dei <span style=\"color: #000080;\">&#8220;Campi di conoscenza<\/span>&#8221; effettuati in <strong><span style=\"color: #333399;\">Eritre<\/span><span style=\"color: #333399;\">a<\/span><\/strong>.\u00a0 Un modo nuovo di pensare ai Progetti di Cooperazione. Impegnati <strong>l&#8217;A.G.E.S.C.I.,<\/strong> la <strong>Caritas Diocesana<\/strong> e new entry <strong>anymore.<\/strong><\/p>\n<p><a href=\"https:\/\/www.carlofrancio.net\/wp-content\/uploads\/2010\/06\/IMG_0601-1.jpg\"><img loading=\"lazy\" decoding=\"async\" class=\"wp-image-119359 alignleft\" src=\"https:\/\/www.carlofrancio.net\/wp-content\/uploads\/2010\/06\/IMG_0601-1-320x240.jpg\" alt=\"\" width=\"349\" height=\"262\" srcset=\"https:\/\/www.carlofrancio.net\/wp-content\/uploads\/2010\/06\/IMG_0601-1-320x240.jpg 320w, https:\/\/www.carlofrancio.net\/wp-content\/uploads\/2010\/06\/IMG_0601-1-160x120.jpg 160w, https:\/\/www.carlofrancio.net\/wp-content\/uploads\/2010\/06\/IMG_0601-1.jpg 800w\" sizes=\"auto, (max-width: 349px) 100vw, 349px\" \/><\/a><\/p>\n<p>La signorilit\u00e0 dei modi e dell&#8217;eloquio, non hanno impedito all&#8217;<span style=\"color: #ff0000;\">ONOREVOLE<\/span><span style=\"color: #0000ff;\"><strong> Jan L\u00e9onard Tuar\u00ec<\/strong> <\/span>di sferrare, con grande sofferenza, un vibrato attacco, ammorbidito da un cogente appello, sulla scelta di campo dei Cristiani, della Chiesa (gerarchia) e delle istituzioni preposte all&#8217;accoglienza degli immigrati. Un dato allucinante pi\u00f9 di 8.000 i morti nel canale di Sicilia e la maggior parte proveniva e proviene proprio dall&#8217;Eritrea dilaniata da scontri interni per la libert\u00e0. Si chiedeva come mai durante il <strong><span style=\"color: #800080;\">Sinodo<\/span> <span style=\"color: #800080;\">Africano<\/span><\/strong> svoltosi recentemente \u00a0a Roma nessuna delegazione, neppure un Vescovo abbia sentito l&#8217;urgenza di dare una testimonianza recandosi all&#8217;isola di Lampedusa.<a href=\"https:\/\/www.carlofrancio.net\/wp-content\/uploads\/2011\/03\/Montenegro-.png\"><img loading=\"lazy\" decoding=\"async\" class=\"alignleft size-medium wp-image-7709\" src=\"https:\/\/www.carlofrancio.net\/wp-content\/uploads\/2011\/03\/Montenegro--283x300.png\" alt=\"\" width=\"226\" height=\"240\" srcset=\"https:\/\/www.carlofrancio.net\/wp-content\/uploads\/2011\/03\/Montenegro--283x300.png 283w, https:\/\/www.carlofrancio.net\/wp-content\/uploads\/2011\/03\/Montenegro-.png 400w\" sizes=\"auto, (max-width: 226px) 100vw, 226px\" \/><\/a>\u00a0 (<span style=\"color: #ff6600;\">A tal proposito, al termine dell&#8217;incontro ho raccontato l&#8217;impegno dell&#8217;attuale<\/span> Arcivescovo di Agrigento <strong><span style=\"color: #000080;\">Don Franco Montenegro<\/span><\/strong>, <span style=\"color: #ff6600;\">che in un recentissimo incontro svoltosi a Messina ne ha esplicitato la portata epocale e la <strong>miserevole risposta<\/strong> di &#8216;noi cristiani.<\/span>)<\/p>\n<p><span style=\"color: #008080;\">Ho scritto<\/span><span style=\"color: #ff0000;\"> ONOREVOLE <\/span><span style=\"color: #008080;\">per intero perch\u00e9 penso che sia un appellativo meritato. Egli si racconta con umilt\u00e0 e fierezza, con dolcezza e fermezza. E&#8217; un fanciullo che nasce in faccia al pi\u00f9 bel fiume del Mondo, il fiume Congo (4800 Km), che tra le rive raggiunge, anche una distanza\u00a0 di 3 Km. Il placido, ma implacabile, scorrere delle acque del fiume, rimane nel suo\u00a0\u00a0parlato, nella sua grinta che lo hanno portato a ricoprire i ruoli di Professore di Universit\u00e0, di Assessore alle politiche giovanili del comune di Roma e attualmente a deputato del parlamento Italiano. Bella l&#8217;immagine\u00a0 della signora che non trova l&#8217;Insegnante di suo figlio. Entrata nell&#8217;aula indicatele dal &#8216;Bidello aveva visto seduto in un minuscolo banco un uomo di colore, per cui aveva richiuso la porta dell&#8217;aula 14. Poi successivamente ha spiegato al professore che il figlio gli aveva parlato di un insegnante &#8216;straniero, ma nulla aveva detto sul colore della pelle. Abbiamo molto da imparare dai giovani. siamo noi adulti ad aver bisogno del loro aiuto!<\/span><\/p>\n<p>Come chicca finale, oltre alle risposte date ai tanti validi interlocutori. Vi propongo il <span style=\"color: #ff0000;\"><strong>Breve Filmato<\/strong> <\/span>sul racconto della personale esperienza di attuazione di Jan L\u00e9opold Touad\u00ec\u00a0 del\u00a0\u00a0suo<\/p>\n<h3 style=\"text-align: center;\"><a title=\"LENTEZZA - CODICE UBUNTO\" href=\"http:\/\/www.youtube.com\/watch?v=B4WjaHNrxCY\" target=\"_self\" rel=\"noopener\"><span style=\"color: #ff0000;\">CODICE UBUNTO<\/span><\/a><\/h3>\n<figure id=\"attachment_119360\" aria-describedby=\"caption-attachment-119360\" style=\"width: 307px\" class=\"wp-caption alignleft\"><a href=\"https:\/\/www.carlofrancio.net\/wp-content\/uploads\/2010\/06\/IMG_0602-1.jpg\"><img loading=\"lazy\" decoding=\"async\" class=\"size-medium wp-image-119360\" src=\"https:\/\/www.carlofrancio.net\/wp-content\/uploads\/2010\/06\/IMG_0602-1-307x240.jpg\" alt=\"\" width=\"307\" height=\"240\" srcset=\"https:\/\/www.carlofrancio.net\/wp-content\/uploads\/2010\/06\/IMG_0602-1-307x240.jpg 307w, https:\/\/www.carlofrancio.net\/wp-content\/uploads\/2010\/06\/IMG_0602-1.jpg 800w\" sizes=\"auto, (max-width: 307px) 100vw, 307px\" \/><\/a><figcaption id=\"caption-attachment-119360\" class=\"wp-caption-text\">&#8211;<\/figcaption><\/figure>\n<p>&#8211; <strong><span style=\"color: #008000;\">prendiamo nota come \u00e8 possibile cambiare noi stessi ed il mondo<\/span> &#8211; Nelson Mandela &#8211;<\/strong><\/p>\n<p><a name=\"__DdeLink__0_1530678605\"><\/a>UBUNTU &#8211; Frammenti :<\/p>\n<p style=\"text-align: left;\"><span style=\"color: #800080;\">Il capo villaggio non pu\u00f2 vedere il fantasma, non pu\u00f2 gridare al lupo, altrimenti se il capo parla a vanvera senza dare soluzioni gli altri cosa faranno. Questo concetto me lo tengo dentro. Il suo gridare al fantasma \u00e8 evitare di dare una risposta. La vita non mi ha risparmiato i dolori della famiglia, con i figli il mio compito non \u00e8 di gridare al fantasma anche come responsabile di una famiglia, come responsabile di una citt\u00e0 come sono stato a Roma&#8230;<\/span><\/p>\n<h5 style=\"text-align: left;\"><span style=\"color: #008000;\">Ma il capo villaggio pu\u00f2 gridare al fantasma solo quando ha individuato l&#8217;antidoto.<\/span><\/h5>\n<p><strong>Il suo gridare al fantasma \u00e8 evitare di dare una risposta. Questo \u00e8 il primo pilastro dell&#8217;Ubuntu.<\/strong><\/p>\n<p><em>Il secondo pilastro dell&#8217;UBUNTU<\/em><\/p>\n<h4><span style=\"color: #ff0000;\">\u00abLa sacralit\u00e0 della Parola\u00bb<\/span><\/h4>\n<p>L&#8217;uomo che \u00e8 destinato a diventare un responsabile, un capotrib\u00f9 non parla a vanvera, non d\u00e0 fiato in libert\u00e0 e siccome sono culture senza scritture da valore l&#8217;unica cosa che permette alla convivenza non c&#8217;\u00e8 contratto, non c&#8217;\u00e8 pegno, l&#8217;unico collante \u00e8 la sacralit\u00e0 della parola e quella parola ha una sua identit\u00e0 e <strong>l&#8217;uomo che non ha rispetto della sua parola non ha rispetto di se stesso.<\/strong><\/p>\n<p>Mia moglie \u00e8 italiana ed \u00e8 abituata alla velocit\u00e0 della parola. E mi chiede: perch\u00e9 non reagisci io dico che posso reagire anche dopo due giorni a condizione che la mia reazione abbia un senso, quindi. \u00c8 fatta anche di questo la sacralit\u00e0 della parola come pegno come autenticit\u00e0.<\/p>\n<p><span style=\"color: #ff0000;\">Il terzo pilastro \u00e8 <strong>\u00ab io sono perch\u00e8 voi siete \u00bb <\/strong><\/span>perch\u00e9 voi siete non \u00e8 la somma non \u00e8 la semplice somma delle individualit\u00e0 ma grazie questa Mandela \u00e8 riuscito a\u00a0portare un popolo che era sull&#8217;orlo della guerra civile a questa straordinaria di questo miracolo incredibile che l&#8217;esperienza della riconciliazione in Sudafrica.<\/p>\n<p><strong>S\u00ec lui<span style=\"color: #000080;\"> MANDELA<\/span> ha capito che non doveva deludere i suoi neri ma soprattutto non doveva spaventare i bianchi. La libert\u00e0 degli uni doveva coincidere con la Libert\u00e0 degli altri.<\/strong><\/p>\n<p>Questa parola \u00e8 liberatrice. Attenzione &#8211; \u00a0non riconciliazione e verit\u00e0 &#8211; ma verit\u00e0 e riconciliazione- \u00a0dove nella verit\u00e0 c&#8217;\u00e8 la sacralit\u00e0 della parola allora secondo me per ritrovare lentezza bisogna declinare i rapporti in modo diverso.\u00a0 Dobbiamo ritrovare la sincerit\u00e0 della parola. Per poter parlare bisogna guardarsi in faccia. Bisogna prendere il tempo di dire le cose \u00e8 questo tempo l&#8217;abbiamo smarrito&#8230;<\/p>\n<p>Questo terzo pilastro della parola <strong>io sono perch\u00e9 voi siete<\/strong> \u00e8 la consapevolezza di una circolarit\u00e0 relazionale all&#8217;interno di una comunit\u00e0 e questo io sono perch\u00e8 voi siete \u00e8 perch\u00e8\u00a0la comunit\u00e0 non \u00e8 la somma delle individualit\u00e0.<\/p>\n<p><span style=\"color: #800080;\">Grazie a questa intuizione <strong>Mandela<\/strong> \u00e8 riuscito a portare un popolo che era sull&#8217;orlo di una guerra civile a questo straordinario miracolo incredibile che la resistenza della verit\u00e0 della riconciliazione lui ha capito che non doveva deludere i neri ma soprattutto Mandela ha capito che non doveva spaventare bianchi. Ha detto di una libert\u00e0 dei neri se non avesse toccato la libert\u00e0 dei bianchi. Nel momento in cui il poliziotto sudafricano racconta quello che ha fatto durante l&#8217;Aparthaid,\u00a0 diventa una parola di riconciliazione; di \u00a0verit\u00e0 e riconciliazione. Nella centralit\u00e0 della parola c&#8217;\u00e8 la sua libert\u00e0 e se si \u00e8 liberi per potersi parlare, bisogna guardarsi in faccia ed \u00e8 questo abbiamo smarrito e non chiedersi mai inutilmente perch\u00e9 mi sorride. Perch\u00e9 un sorridere \u00e8\u00a0 il saluto dell&#8217;anima.\u00a0<\/span><\/p>\n<div id='gallery-1' class='gallery galleryid-5586 gallery-columns-4 gallery-size-thumbnail'><figure class='gallery-item'>\n\t\t\t<div class='gallery-icon landscape'>\n\t\t\t\t<a href='https:\/\/www.carlofrancio.net\/wp-content\/uploads\/2010\/06\/IMG_0616-2.jpg'><img loading=\"lazy\" decoding=\"async\" width=\"160\" height=\"120\" src=\"https:\/\/www.carlofrancio.net\/wp-content\/uploads\/2010\/06\/IMG_0616-2-160x120.jpg\" class=\"attachment-thumbnail size-thumbnail\" alt=\"\" srcset=\"https:\/\/www.carlofrancio.net\/wp-content\/uploads\/2010\/06\/IMG_0616-2-160x120.jpg 160w, https:\/\/www.carlofrancio.net\/wp-content\/uploads\/2010\/06\/IMG_0616-2-320x240.jpg 320w, https:\/\/www.carlofrancio.net\/wp-content\/uploads\/2010\/06\/IMG_0616-2-290x220.jpg 290w, https:\/\/www.carlofrancio.net\/wp-content\/uploads\/2010\/06\/IMG_0616-2.jpg 800w\" sizes=\"auto, (max-width: 160px) 100vw, 160px\" \/><\/a>\n\t\t\t<\/div><\/figure><figure class='gallery-item'>\n\t\t\t<div class='gallery-icon landscape'>\n\t\t\t\t<a href='https:\/\/www.carlofrancio.net\/wp-content\/uploads\/2010\/06\/IMG_0606-1.jpg'><img loading=\"lazy\" decoding=\"async\" width=\"160\" height=\"120\" src=\"https:\/\/www.carlofrancio.net\/wp-content\/uploads\/2010\/06\/IMG_0606-1-160x120.jpg\" class=\"attachment-thumbnail size-thumbnail\" alt=\"\" srcset=\"https:\/\/www.carlofrancio.net\/wp-content\/uploads\/2010\/06\/IMG_0606-1-160x120.jpg 160w, https:\/\/www.carlofrancio.net\/wp-content\/uploads\/2010\/06\/IMG_0606-1-320x240.jpg 320w, https:\/\/www.carlofrancio.net\/wp-content\/uploads\/2010\/06\/IMG_0606-1-290x220.jpg 290w, https:\/\/www.carlofrancio.net\/wp-content\/uploads\/2010\/06\/IMG_0606-1.jpg 800w\" sizes=\"auto, (max-width: 160px) 100vw, 160px\" \/><\/a>\n\t\t\t<\/div><\/figure><figure class='gallery-item'>\n\t\t\t<div class='gallery-icon landscape'>\n\t\t\t\t<a href='https:\/\/www.carlofrancio.net\/wp-content\/uploads\/2010\/06\/IMG_0600-2.jpg'><img loading=\"lazy\" decoding=\"async\" width=\"160\" height=\"120\" src=\"https:\/\/www.carlofrancio.net\/wp-content\/uploads\/2010\/06\/IMG_0600-2-160x120.jpg\" class=\"attachment-thumbnail size-thumbnail\" alt=\"\" srcset=\"https:\/\/www.carlofrancio.net\/wp-content\/uploads\/2010\/06\/IMG_0600-2-160x120.jpg 160w, https:\/\/www.carlofrancio.net\/wp-content\/uploads\/2010\/06\/IMG_0600-2-290x220.jpg 290w\" sizes=\"auto, (max-width: 160px) 100vw, 160px\" \/><\/a>\n\t\t\t<\/div><\/figure><figure class='gallery-item'>\n\t\t\t<div class='gallery-icon landscape'>\n\t\t\t\t<a href='https:\/\/www.carlofrancio.net\/wp-content\/uploads\/2010\/06\/IMG_0602-2.jpg'><img loading=\"lazy\" decoding=\"async\" width=\"160\" height=\"120\" src=\"https:\/\/www.carlofrancio.net\/wp-content\/uploads\/2010\/06\/IMG_0602-2-160x120.jpg\" class=\"attachment-thumbnail size-thumbnail\" alt=\"\" srcset=\"https:\/\/www.carlofrancio.net\/wp-content\/uploads\/2010\/06\/IMG_0602-2-160x120.jpg 160w, https:\/\/www.carlofrancio.net\/wp-content\/uploads\/2010\/06\/IMG_0602-2-290x220.jpg 290w\" sizes=\"auto, (max-width: 160px) 100vw, 160px\" \/><\/a>\n\t\t\t<\/div><\/figure><figure class='gallery-item'>\n\t\t\t<div class='gallery-icon landscape'>\n\t\t\t\t<a href='https:\/\/www.carlofrancio.net\/wp-content\/uploads\/2010\/06\/IMG_0615.jpg'><img loading=\"lazy\" decoding=\"async\" width=\"160\" height=\"120\" src=\"https:\/\/www.carlofrancio.net\/wp-content\/uploads\/2010\/06\/IMG_0615-160x120.jpg\" class=\"attachment-thumbnail size-thumbnail\" alt=\"\" srcset=\"https:\/\/www.carlofrancio.net\/wp-content\/uploads\/2010\/06\/IMG_0615-160x120.jpg 160w, https:\/\/www.carlofrancio.net\/wp-content\/uploads\/2010\/06\/IMG_0615-320x240.jpg 320w, https:\/\/www.carlofrancio.net\/wp-content\/uploads\/2010\/06\/IMG_0615-290x220.jpg 290w, https:\/\/www.carlofrancio.net\/wp-content\/uploads\/2010\/06\/IMG_0615.jpg 800w\" sizes=\"auto, (max-width: 160px) 100vw, 160px\" \/><\/a>\n\t\t\t<\/div><\/figure><figure class='gallery-item'>\n\t\t\t<div class='gallery-icon landscape'>\n\t\t\t\t<a href='https:\/\/www.carlofrancio.net\/wp-content\/uploads\/2010\/06\/IMG_0608-1.jpg'><img loading=\"lazy\" decoding=\"async\" width=\"160\" height=\"120\" src=\"https:\/\/www.carlofrancio.net\/wp-content\/uploads\/2010\/06\/IMG_0608-1-160x120.jpg\" class=\"attachment-thumbnail size-thumbnail\" alt=\"\" srcset=\"https:\/\/www.carlofrancio.net\/wp-content\/uploads\/2010\/06\/IMG_0608-1-160x120.jpg 160w, https:\/\/www.carlofrancio.net\/wp-content\/uploads\/2010\/06\/IMG_0608-1-320x240.jpg 320w, https:\/\/www.carlofrancio.net\/wp-content\/uploads\/2010\/06\/IMG_0608-1-290x220.jpg 290w, https:\/\/www.carlofrancio.net\/wp-content\/uploads\/2010\/06\/IMG_0608-1.jpg 800w\" sizes=\"auto, (max-width: 160px) 100vw, 160px\" \/><\/a>\n\t\t\t<\/div><\/figure><figure class='gallery-item'>\n\t\t\t<div class='gallery-icon landscape'>\n\t\t\t\t<a href='https:\/\/www.carlofrancio.net\/wp-content\/uploads\/2010\/06\/IMG_0607-2.jpg'><img loading=\"lazy\" decoding=\"async\" width=\"160\" height=\"120\" src=\"https:\/\/www.carlofrancio.net\/wp-content\/uploads\/2010\/06\/IMG_0607-2-160x120.jpg\" class=\"attachment-thumbnail size-thumbnail\" alt=\"\" srcset=\"https:\/\/www.carlofrancio.net\/wp-content\/uploads\/2010\/06\/IMG_0607-2-160x120.jpg 160w, https:\/\/www.carlofrancio.net\/wp-content\/uploads\/2010\/06\/IMG_0607-2-320x240.jpg 320w, https:\/\/www.carlofrancio.net\/wp-content\/uploads\/2010\/06\/IMG_0607-2-290x220.jpg 290w, https:\/\/www.carlofrancio.net\/wp-content\/uploads\/2010\/06\/IMG_0607-2.jpg 800w\" sizes=\"auto, (max-width: 160px) 100vw, 160px\" \/><\/a>\n\t\t\t<\/div><\/figure><figure class='gallery-item'>\n\t\t\t<div class='gallery-icon landscape'>\n\t\t\t\t<a href='https:\/\/www.carlofrancio.net\/wp-content\/uploads\/2010\/06\/IMG_0611-1.jpg'><img loading=\"lazy\" decoding=\"async\" width=\"160\" height=\"120\" src=\"https:\/\/www.carlofrancio.net\/wp-content\/uploads\/2010\/06\/IMG_0611-1-160x120.jpg\" class=\"attachment-thumbnail size-thumbnail\" alt=\"\" srcset=\"https:\/\/www.carlofrancio.net\/wp-content\/uploads\/2010\/06\/IMG_0611-1-160x120.jpg 160w, https:\/\/www.carlofrancio.net\/wp-content\/uploads\/2010\/06\/IMG_0611-1-320x240.jpg 320w, https:\/\/www.carlofrancio.net\/wp-content\/uploads\/2010\/06\/IMG_0611-1-290x220.jpg 290w, https:\/\/www.carlofrancio.net\/wp-content\/uploads\/2010\/06\/IMG_0611-1.jpg 800w\" sizes=\"auto, (max-width: 160px) 100vw, 160px\" \/><\/a>\n\t\t\t<\/div><\/figure><figure class='gallery-item'>\n\t\t\t<div class='gallery-icon landscape'>\n\t\t\t\t<a href='https:\/\/www.carlofrancio.net\/wp-content\/uploads\/2010\/06\/IMG_0601-2.jpg'><img loading=\"lazy\" decoding=\"async\" width=\"160\" height=\"120\" src=\"https:\/\/www.carlofrancio.net\/wp-content\/uploads\/2010\/06\/IMG_0601-2-160x120.jpg\" class=\"attachment-thumbnail size-thumbnail\" alt=\"\" srcset=\"https:\/\/www.carlofrancio.net\/wp-content\/uploads\/2010\/06\/IMG_0601-2-160x120.jpg 160w, https:\/\/www.carlofrancio.net\/wp-content\/uploads\/2010\/06\/IMG_0601-2-320x240.jpg 320w, https:\/\/www.carlofrancio.net\/wp-content\/uploads\/2010\/06\/IMG_0601-2-290x220.jpg 290w, https:\/\/www.carlofrancio.net\/wp-content\/uploads\/2010\/06\/IMG_0601-2.jpg 800w\" sizes=\"auto, (max-width: 160px) 100vw, 160px\" \/><\/a>\n\t\t\t<\/div><\/figure><figure class='gallery-item'>\n\t\t\t<div class='gallery-icon landscape'>\n\t\t\t\t<a href='https:\/\/www.carlofrancio.net\/wp-content\/uploads\/2010\/06\/IMG_0612.jpg'><img loading=\"lazy\" decoding=\"async\" width=\"160\" height=\"120\" src=\"https:\/\/www.carlofrancio.net\/wp-content\/uploads\/2010\/06\/IMG_0612-160x120.jpg\" class=\"attachment-thumbnail size-thumbnail\" alt=\"\" srcset=\"https:\/\/www.carlofrancio.net\/wp-content\/uploads\/2010\/06\/IMG_0612-160x120.jpg 160w, https:\/\/www.carlofrancio.net\/wp-content\/uploads\/2010\/06\/IMG_0612-320x240.jpg 320w, https:\/\/www.carlofrancio.net\/wp-content\/uploads\/2010\/06\/IMG_0612-290x220.jpg 290w, https:\/\/www.carlofrancio.net\/wp-content\/uploads\/2010\/06\/IMG_0612.jpg 800w\" sizes=\"auto, (max-width: 160px) 100vw, 160px\" \/><\/a>\n\t\t\t<\/div><\/figure><figure class='gallery-item'>\n\t\t\t<div class='gallery-icon landscape'>\n\t\t\t\t<a href='https:\/\/www.carlofrancio.net\/wp-content\/uploads\/2010\/06\/IMG_0617.jpg'><img loading=\"lazy\" decoding=\"async\" width=\"160\" height=\"120\" src=\"https:\/\/www.carlofrancio.net\/wp-content\/uploads\/2010\/06\/IMG_0617-160x120.jpg\" class=\"attachment-thumbnail size-thumbnail\" alt=\"\" srcset=\"https:\/\/www.carlofrancio.net\/wp-content\/uploads\/2010\/06\/IMG_0617-160x120.jpg 160w, https:\/\/www.carlofrancio.net\/wp-content\/uploads\/2010\/06\/IMG_0617-320x240.jpg 320w, https:\/\/www.carlofrancio.net\/wp-content\/uploads\/2010\/06\/IMG_0617-290x220.jpg 290w, https:\/\/www.carlofrancio.net\/wp-content\/uploads\/2010\/06\/IMG_0617.jpg 800w\" sizes=\"auto, (max-width: 160px) 100vw, 160px\" \/><\/a>\n\t\t\t<\/div><\/figure><figure class='gallery-item'>\n\t\t\t<div class='gallery-icon landscape'>\n\t\t\t\t<a href='https:\/\/www.carlofrancio.net\/wp-content\/uploads\/2010\/06\/IMG_0610-scaled.jpg'><img loading=\"lazy\" decoding=\"async\" width=\"160\" height=\"120\" src=\"https:\/\/www.carlofrancio.net\/wp-content\/uploads\/2010\/06\/IMG_0610-160x120.jpg\" class=\"attachment-thumbnail size-thumbnail\" alt=\"\" srcset=\"https:\/\/www.carlofrancio.net\/wp-content\/uploads\/2010\/06\/IMG_0610-160x120.jpg 160w, https:\/\/www.carlofrancio.net\/wp-content\/uploads\/2010\/06\/IMG_0610-320x240.jpg 320w, https:\/\/www.carlofrancio.net\/wp-content\/uploads\/2010\/06\/IMG_0610-1536x1152.jpg 1536w, https:\/\/www.carlofrancio.net\/wp-content\/uploads\/2010\/06\/IMG_0610-2048x1536.jpg 2048w, https:\/\/www.carlofrancio.net\/wp-content\/uploads\/2010\/06\/IMG_0610-290x220.jpg 290w\" sizes=\"auto, (max-width: 160px) 100vw, 160px\" \/><\/a>\n\t\t\t<\/div><\/figure><figure class='gallery-item'>\n\t\t\t<div class='gallery-icon landscape'>\n\t\t\t\t<a href='https:\/\/www.carlofrancio.net\/wp-content\/uploads\/2010\/06\/IMG_0614-1.jpg'><img loading=\"lazy\" decoding=\"async\" width=\"160\" height=\"120\" src=\"https:\/\/www.carlofrancio.net\/wp-content\/uploads\/2010\/06\/IMG_0614-1-160x120.jpg\" class=\"attachment-thumbnail size-thumbnail\" alt=\"\" srcset=\"https:\/\/www.carlofrancio.net\/wp-content\/uploads\/2010\/06\/IMG_0614-1-160x120.jpg 160w, https:\/\/www.carlofrancio.net\/wp-content\/uploads\/2010\/06\/IMG_0614-1-320x240.jpg 320w, https:\/\/www.carlofrancio.net\/wp-content\/uploads\/2010\/06\/IMG_0614-1-290x220.jpg 290w, https:\/\/www.carlofrancio.net\/wp-content\/uploads\/2010\/06\/IMG_0614-1.jpg 800w\" sizes=\"auto, (max-width: 160px) 100vw, 160px\" \/><\/a>\n\t\t\t<\/div><\/figure><figure class='gallery-item'>\n\t\t\t<div class='gallery-icon landscape'>\n\t\t\t\t<a href='https:\/\/www.carlofrancio.net\/wp-content\/uploads\/2010\/06\/IMG_0613-1.jpg'><img loading=\"lazy\" decoding=\"async\" width=\"160\" height=\"120\" src=\"https:\/\/www.carlofrancio.net\/wp-content\/uploads\/2010\/06\/IMG_0613-1-160x120.jpg\" class=\"attachment-thumbnail size-thumbnail\" alt=\"\" srcset=\"https:\/\/www.carlofrancio.net\/wp-content\/uploads\/2010\/06\/IMG_0613-1-160x120.jpg 160w, https:\/\/www.carlofrancio.net\/wp-content\/uploads\/2010\/06\/IMG_0613-1-320x240.jpg 320w, https:\/\/www.carlofrancio.net\/wp-content\/uploads\/2010\/06\/IMG_0613-1-290x220.jpg 290w, https:\/\/www.carlofrancio.net\/wp-content\/uploads\/2010\/06\/IMG_0613-1.jpg 800w\" sizes=\"auto, (max-width: 160px) 100vw, 160px\" \/><\/a>\n\t\t\t<\/div><\/figure><figure class='gallery-item'>\n\t\t\t<div class='gallery-icon landscape'>\n\t\t\t\t<a href='https:\/\/www.carlofrancio.net\/wp-content\/uploads\/2010\/06\/IMG_0605-2.jpg'><img loading=\"lazy\" decoding=\"async\" width=\"160\" height=\"120\" src=\"https:\/\/www.carlofrancio.net\/wp-content\/uploads\/2010\/06\/IMG_0605-2-160x120.jpg\" class=\"attachment-thumbnail size-thumbnail\" alt=\"\" srcset=\"https:\/\/www.carlofrancio.net\/wp-content\/uploads\/2010\/06\/IMG_0605-2-160x120.jpg 160w, https:\/\/www.carlofrancio.net\/wp-content\/uploads\/2010\/06\/IMG_0605-2-320x240.jpg 320w, https:\/\/www.carlofrancio.net\/wp-content\/uploads\/2010\/06\/IMG_0605-2-290x220.jpg 290w, https:\/\/www.carlofrancio.net\/wp-content\/uploads\/2010\/06\/IMG_0605-2.jpg 800w\" sizes=\"auto, (max-width: 160px) 100vw, 160px\" \/><\/a>\n\t\t\t<\/div><\/figure><figure class='gallery-item'>\n\t\t\t<div class='gallery-icon landscape'>\n\t\t\t\t<a href='https:\/\/www.carlofrancio.net\/wp-content\/uploads\/2010\/06\/IMG_0604-1.jpg'><img loading=\"lazy\" decoding=\"async\" width=\"160\" height=\"120\" src=\"https:\/\/www.carlofrancio.net\/wp-content\/uploads\/2010\/06\/IMG_0604-1-160x120.jpg\" class=\"attachment-thumbnail size-thumbnail\" alt=\"\" srcset=\"https:\/\/www.carlofrancio.net\/wp-content\/uploads\/2010\/06\/IMG_0604-1-160x120.jpg 160w, https:\/\/www.carlofrancio.net\/wp-content\/uploads\/2010\/06\/IMG_0604-1-290x220.jpg 290w\" sizes=\"auto, (max-width: 160px) 100vw, 160px\" \/><\/a>\n\t\t\t<\/div><\/figure><figure class='gallery-item'>\n\t\t\t<div class='gallery-icon landscape'>\n\t\t\t\t<a href='https:\/\/www.carlofrancio.net\/wp-content\/uploads\/2010\/06\/IMG_0603.jpg'><img loading=\"lazy\" decoding=\"async\" width=\"160\" height=\"120\" src=\"https:\/\/www.carlofrancio.net\/wp-content\/uploads\/2010\/06\/IMG_0603-160x120.jpg\" class=\"attachment-thumbnail size-thumbnail\" alt=\"\" srcset=\"https:\/\/www.carlofrancio.net\/wp-content\/uploads\/2010\/06\/IMG_0603-160x120.jpg 160w, https:\/\/www.carlofrancio.net\/wp-content\/uploads\/2010\/06\/IMG_0603-320x238.jpg 320w, https:\/\/www.carlofrancio.net\/wp-content\/uploads\/2010\/06\/IMG_0603-290x220.jpg 290w, https:\/\/www.carlofrancio.net\/wp-content\/uploads\/2010\/06\/IMG_0603.jpg 800w\" sizes=\"auto, (max-width: 160px) 100vw, 160px\" \/><\/a>\n\t\t\t<\/div><\/figure>\n\t\t<\/div>\n\n","protected":false},"excerpt":{"rendered":"<p>Il 4 giugno 2010\u00a0 nel salone intitolato a &#8220;Monsignor Fasola&#8221;\u00a0\u00a0 si \u00e8 svolto il\u00a0 V\u00b0 incontro\u00a0del Progetto Baobab. &#8220;Viaggi lenti e storie fragili&#8221; Al direttore della Caritas sac. Gaetano Tripodo &hellip; <\/p>\n","protected":false},"author":2,"featured_media":119356,"comment_status":"open","ping_status":"open","sticky":false,"template":"","format":"standard","meta":{"footnotes":""},"categories":[60,54,6,10,63,48,61,77],"tags":[],"class_list":["post-5586","post","type-post","status-publish","format-standard","has-post-thumbnail","hentry","category-agesci-zona-dello-stretto","category-arcidiocesi-di-messina","category-chiesa_cattolica","category-cultura","category-promozione-umana","category-sociale","category-caritas-diocesana","category-universita"],"_links":{"self":[{"href":"https:\/\/www.carlofrancio.net\/index.php?rest_route=\/wp\/v2\/posts\/5586","targetHints":{"allow":["GET"]}}],"collection":[{"href":"https:\/\/www.carlofrancio.net\/index.php?rest_route=\/wp\/v2\/posts"}],"about":[{"href":"https:\/\/www.carlofrancio.net\/index.php?rest_route=\/wp\/v2\/types\/post"}],"author":[{"embeddable":true,"href":"https:\/\/www.carlofrancio.net\/index.php?rest_route=\/wp\/v2\/users\/2"}],"replies":[{"embeddable":true,"href":"https:\/\/www.carlofrancio.net\/index.php?rest_route=%2Fwp%2Fv2%2Fcomments&post=5586"}],"version-history":[{"count":12,"href":"https:\/\/www.carlofrancio.net\/index.php?rest_route=\/wp\/v2\/posts\/5586\/revisions"}],"predecessor-version":[{"id":119392,"href":"https:\/\/www.carlofrancio.net\/index.php?rest_route=\/wp\/v2\/posts\/5586\/revisions\/119392"}],"wp:featuredmedia":[{"embeddable":true,"href":"https:\/\/www.carlofrancio.net\/index.php?rest_route=\/wp\/v2\/media\/119356"}],"wp:attachment":[{"href":"https:\/\/www.carlofrancio.net\/index.php?rest_route=%2Fwp%2Fv2%2Fmedia&parent=5586"}],"wp:term":[{"taxonomy":"category","embeddable":true,"href":"https:\/\/www.carlofrancio.net\/index.php?rest_route=%2Fwp%2Fv2%2Fcategories&post=5586"},{"taxonomy":"post_tag","embeddable":true,"href":"https:\/\/www.carlofrancio.net\/index.php?rest_route=%2Fwp%2Fv2%2Ftags&post=5586"}],"curies":[{"name":"wp","href":"https:\/\/api.w.org\/{rel}","templated":true}]}}