{"id":5116,"date":"2010-04-16T17:33:18","date_gmt":"2010-04-16T16:33:18","guid":{"rendered":"https:\/\/www.carlofrancio.net\/blog\/?p=5116"},"modified":"2011-10-01T09:53:55","modified_gmt":"2011-10-01T09:53:55","slug":"lettera-al-presidente-napolitano-%c2%abiniziativa-per-aiutare-la-citta-a-cancellare-la-vergogna-delle-baracche%c2%bb","status":"publish","type":"post","link":"https:\/\/www.carlofrancio.net\/?p=5116","title":{"rendered":"Messina &#8211; LETTERA al Presidente Napolitano &#8211; \u00abIniziativa per aiutare la citt\u00e0 a cancellare la vergogna delle baracche\u00bb"},"content":{"rendered":"<p><a href=\"https:\/\/www.carlofrancio.net\/blog\/wp-content\/uploads\/2010\/04\/Logo-Legambiente.png\"><img loading=\"lazy\" decoding=\"async\" class=\"alignleft size-full wp-image-5117\" title=\"Logo-Legambiente\" src=\"https:\/\/www.carlofrancio.net\/blog\/wp-content\/uploads\/2010\/04\/Logo-Legambiente.png\" alt=\"\" width=\"283\" height=\"170\" \/><\/a><\/p>\n<p><span style=\"font-family: Arial; font-size: x-small;\">Continua l&#8217;impegno di <span style=\"font-family: Arial, sans-serif;\"><span style=\"font-size: large;\"><strong>Legambiente dei Peloritani<\/strong><\/span><\/span>,<\/span><\/p>\n<div><span style=\"font-family: Arial; font-size: x-small;\"><a href=\"https:\/\/www.carlofrancio.net\/blog\/wp-content\/uploads\/2009\/07\/010720091551.jpg\"><img loading=\"lazy\" decoding=\"async\" class=\"size-medium wp-image-2637 alignright\" title=\"Ing. Enzo Colavecchio\" src=\"https:\/\/www.carlofrancio.net\/blog\/wp-content\/uploads\/2009\/07\/010720091551-300x225.jpg\" alt=\"\" width=\"300\" height=\"225\" \/><\/a>&#8230; invio il comunicato sulla manifestazione di ieri tenuta dalla nostra associazione, con la bozza di <span style=\"color: #0000ff;\"><strong><a title=\"Presidente Napolitano\" href=\"https:\/\/www.carlofrancio.net\/blog\/wp-content\/uploads\/2010\/04\/lettera-al-pres-Napolitano.pdf\" target=\"_self\">lettera<\/a><\/strong><\/span> da inviare al <strong><span style=\"color: #000080;\">Presidente Napolitano<\/span><\/strong>, che partir\u00e0 con qualche eventuale modifica e soprattutto con la firma dei presidenti nazionale e regionale di<span style=\"color: #003300;\"><strong> Legambiente<\/strong> <\/span>e con il libro di<span style=\"color: #0000ff;\"><strong> Pruiti<\/strong> <\/span>in allegato.<\/span><\/div>\n<div><span style=\"font-family: Arial; font-size: x-small;\">\u00a0\u00a0 L&#8217;iniziativa, &#8220;partecipata e gradita,&#8221;\u00a0avr\u00e0 un seguito ancora pi\u00f9 importante nel nostro sforzo per aiutare la citt\u00e0 a <strong><span style=\"color: #ff00ff;\">cancellare<\/span><span style=\"color: #ff6600;\"> la vergogna delle baracche<\/span><\/strong>.<\/span><\/div>\n<div><span style=\"font-family: Arial; font-size: x-small;\">\u00a0\u00a0 Il\u00a0libro<strong><span style=\"color: #0000ff;\"> Pruiti<\/span><\/strong>\u00a0pu\u00f2 essere acquistato sul sito <a href=\"mhtml:{2E5F4BE7-AFEC-4311-9FAD-51C681716C4F}mid:\/\/00000031\/!x-usc:http:\/\/www.messinacittanegata.it\/\">www.messinacittanegata.it<\/a><\/span><\/div>\n<p><span style=\"font-family: Arial, sans-serif;\"><span style=\"font-size: large;\"><strong>Legambiente dei Peloritani &#8211; <\/strong><\/span><\/span>Sede c\/o CAI Via Natoli n. 20 \u2013 98100 MESSINA- <span style=\"font-family: Arial, sans-serif;\"><span style=\"font-size: x-small;\"><strong>tel. 090\/361636 \u2013 3475666827<\/strong><\/span><\/span><\/p>\n<p><span style=\"color: #0000ff;\"><span style=\"text-decoration: underline;\"><a href=\"mailto:info@legambientedeipeloritani.net\"><span style=\"font-family: Arial, sans-serif;\"><span style=\"font-size: x-small;\"><strong>info@legambientedeipeloritani.net<\/strong><\/span><\/span><\/a><\/span><\/span><span style=\"font-family: Arial, sans-serif;\"><span style=\"font-size: x-small;\"><strong>\u00a0 &#8211;\u00a0 <\/strong><\/span><\/span><span style=\"color: #0000ff;\"><span style=\"text-decoration: underline;\"><a href=\"http:\/\/www.legambientedeipeloritani.net\/\"><span style=\"font-family: Arial, sans-serif;\"><span style=\"font-size: medium;\"><strong>www.legambientedeipeloritani.net<\/strong><\/span><\/span><\/a>\u00a0&#8211; <\/span><\/span><span style=\"color: #0000ff;\"><span style=\"text-decoration: underline;\"><a href=\"http:\/\/www.messinacittanegata.it\/\"><span style=\"font-family: Arial, sans-serif;\"><span style=\"font-size: medium;\"><strong>www.messinacittanegata.<\/strong><\/span><\/span><\/a><\/span><\/span><\/p>\n","protected":false},"excerpt":{"rendered":"<p>Continua l&#8217;impegno di Legambiente dei Peloritani, &#8230; invio il comunicato sulla manifestazione di ieri tenuta dalla nostra associazione, con la bozza di lettera da inviare al Presidente Napolitano, che partir\u00e0 &hellip; <\/p>\n","protected":false},"author":2,"featured_media":0,"comment_status":"open","ping_status":"open","sticky":false,"template":"","format":"standard","meta":{"footnotes":""},"categories":[7,63,48],"tags":[428,434,431],"class_list":["post-5116","post","type-post","status-publish","format-standard","hentry","category-legambiente_peloritani","category-promozione-umana","category-sociale","tag-istituzioni","tag-promozione-umana","tag-sociale"],"_links":{"self":[{"href":"https:\/\/www.carlofrancio.net\/index.php?rest_route=\/wp\/v2\/posts\/5116","targetHints":{"allow":["GET"]}}],"collection":[{"href":"https:\/\/www.carlofrancio.net\/index.php?rest_route=\/wp\/v2\/posts"}],"about":[{"href":"https:\/\/www.carlofrancio.net\/index.php?rest_route=\/wp\/v2\/types\/post"}],"author":[{"embeddable":true,"href":"https:\/\/www.carlofrancio.net\/index.php?rest_route=\/wp\/v2\/users\/2"}],"replies":[{"embeddable":true,"href":"https:\/\/www.carlofrancio.net\/index.php?rest_route=%2Fwp%2Fv2%2Fcomments&post=5116"}],"version-history":[{"count":1,"href":"https:\/\/www.carlofrancio.net\/index.php?rest_route=\/wp\/v2\/posts\/5116\/revisions"}],"predecessor-version":[{"id":9448,"href":"https:\/\/www.carlofrancio.net\/index.php?rest_route=\/wp\/v2\/posts\/5116\/revisions\/9448"}],"wp:attachment":[{"href":"https:\/\/www.carlofrancio.net\/index.php?rest_route=%2Fwp%2Fv2%2Fmedia&parent=5116"}],"wp:term":[{"taxonomy":"category","embeddable":true,"href":"https:\/\/www.carlofrancio.net\/index.php?rest_route=%2Fwp%2Fv2%2Fcategories&post=5116"},{"taxonomy":"post_tag","embeddable":true,"href":"https:\/\/www.carlofrancio.net\/index.php?rest_route=%2Fwp%2Fv2%2Ftags&post=5116"}],"curies":[{"name":"wp","href":"https:\/\/api.w.org\/{rel}","templated":true}]}}