{"id":5033,"date":"2010-04-08T23:06:28","date_gmt":"2010-04-08T22:06:28","guid":{"rendered":"https:\/\/www.carlofrancio.net\/blog\/?p=5033"},"modified":"2010-04-08T23:06:28","modified_gmt":"2010-04-08T22:06:28","slug":"scaletta-zanclea-unita-a-giampilieri-oltre-che-nelle-vittime-anche-nei-ritardi-e-tanto-altro","status":"publish","type":"post","link":"https:\/\/www.carlofrancio.net\/?p=5033","title":{"rendered":"Scaletta Zanclea unita a Giampilieri, oltre che nelle vittime, anche nei ritardi e &#8230; tanto altro!"},"content":{"rendered":"<p><strong><span style=\"color: #ff6600;\">15 Gennaio 2010<\/span><\/strong> &#8211; In una grigia plumbea gio<a href=\"https:\/\/www.carlofrancio.net\/blog\/wp-content\/uploads\/2010\/01\/150120102685.jpg\"><img loading=\"lazy\" decoding=\"async\" class=\"alignleft\" title=\"150120102685\" src=\"https:\/\/www.carlofrancio.net\/blog\/wp-content\/uploads\/2010\/01\/150120102685-300x225.jpg\" alt=\"\" width=\"300\" height=\"225\" \/><\/a>rnata,\u00a0i <strong>Cittadini<\/strong> <strong>Messinesi<\/strong>, colpiti dalla sciagura del 1\u00b0 Ottobre, si sono riuniti di fronte alla <strong>Prefettura<\/strong> per far sentire la loro voce.<\/p>\n<h3><span style=\"color: #ff6600;\">8 Aprile 2010<\/span> &#8211; Non c&#8217;\u00e8 pi\u00f9 il grigio, c&#8217;\u00e8 una giornata di sole, ma i problemi rimangono e le attese aumentan<a href=\"https:\/\/www.carlofrancio.net\/blog\/wp-content\/uploads\/2010\/04\/080420102887.jpg\"><img loading=\"lazy\" decoding=\"async\" class=\"size-medium wp-image-5035 alignright\" title=\"080420102887\" src=\"https:\/\/www.carlofrancio.net\/blog\/wp-content\/uploads\/2010\/04\/080420102887-300x225.jpg\" alt=\"\" width=\"300\" height=\"225\" \/><\/a>o.<\/h3>\n<h2>I cartelli parlano da soli-<\/h2>\n<p><strong><span style=\"color: #800080;\">Prima si interviene facendo la politica con lo spettacolo.<\/span><\/strong> <span style=\"color: #993300;\">Elicotteri che volteggiano sui luoghi della sciagura.<\/span> <span style=\"color: #800080;\"><strong>Decisioni prese all&#8217;impronta, essendo dotati di vista di &#8216;Aquila. <\/strong><\/span>Dichiarazioni infondate sulle cause. &#8220;<span style=\"color: #993300;\"><strong>Colpa dell&#8217;abusivismo di questo Sud abusivo&#8221;<\/strong><\/span> e cos\u00ec via. Dormite in cattedrale mentre l&#8217;Arcivescovo\u00a0pungola nell&#8217;Omelia i politici. Soldi stanziati sul<a href=\"https:\/\/www.carlofrancio.net\/blog\/wp-content\/uploads\/2010\/04\/080420102888.jpg\"><img loading=\"lazy\" decoding=\"async\" class=\"size-medium wp-image-5036 alignleft\" title=\"080420102888\" src=\"https:\/\/www.carlofrancio.net\/blog\/wp-content\/uploads\/2010\/04\/080420102888-300x225.jpg\" alt=\"\" width=\"300\" height=\"225\" \/><\/a>l&#8217;unghia e sull&#8217;unghia rimasti!<\/p>\n<p>Cari messinesi c&#8217;\u00e8 poco da essere allegri, guardate cosa succede ai 32 Disabili amorevolmente curati presso l&#8217;istituto\u00a0Don Orione!<\/p>\n<p>Articolo correlato: <a title=\"Giampilieri 1 Ottobre 2009\" href=\"http:\/\/carlofrancio.net\/blog\/?page_id=4327\" target=\"_self\">&#8220;Giampilieri &#8211; manifestazione a tre mesi dalla Tragedia-\u00abAttese e Speranze\u00bb&#8221;<\/a><\/p>\n<p>[mp3]https:\/\/www.carlofrancio.net\/blog\/wp-content\/uploads\/2010\/01\/giampilieriaudio.mp3[\/mp3]<\/p>\n","protected":false},"excerpt":{"rendered":"<p>15 Gennaio 2010 &#8211; In una grigia plumbea giornata,\u00a0i Cittadini Messinesi, colpiti dalla sciagura del 1\u00b0 Ottobre, si sono riuniti di fronte alla Prefettura per far sentire la loro voce. &hellip; <\/p>\n","protected":false},"author":1,"featured_media":0,"comment_status":"open","ping_status":"open","sticky":false,"template":"","format":"standard","meta":{"footnotes":""},"categories":[10,63,48],"tags":[428,434,431,52],"class_list":["post-5033","post","type-post","status-publish","format-standard","hentry","category-cultura","category-promozione-umana","category-sociale","tag-istituzioni","tag-promozione-umana","tag-sociale","tag-volontariato"],"_links":{"self":[{"href":"https:\/\/www.carlofrancio.net\/index.php?rest_route=\/wp\/v2\/posts\/5033","targetHints":{"allow":["GET"]}}],"collection":[{"href":"https:\/\/www.carlofrancio.net\/index.php?rest_route=\/wp\/v2\/posts"}],"about":[{"href":"https:\/\/www.carlofrancio.net\/index.php?rest_route=\/wp\/v2\/types\/post"}],"author":[{"embeddable":true,"href":"https:\/\/www.carlofrancio.net\/index.php?rest_route=\/wp\/v2\/users\/1"}],"replies":[{"embeddable":true,"href":"https:\/\/www.carlofrancio.net\/index.php?rest_route=%2Fwp%2Fv2%2Fcomments&post=5033"}],"version-history":[{"count":0,"href":"https:\/\/www.carlofrancio.net\/index.php?rest_route=\/wp\/v2\/posts\/5033\/revisions"}],"wp:attachment":[{"href":"https:\/\/www.carlofrancio.net\/index.php?rest_route=%2Fwp%2Fv2%2Fmedia&parent=5033"}],"wp:term":[{"taxonomy":"category","embeddable":true,"href":"https:\/\/www.carlofrancio.net\/index.php?rest_route=%2Fwp%2Fv2%2Fcategories&post=5033"},{"taxonomy":"post_tag","embeddable":true,"href":"https:\/\/www.carlofrancio.net\/index.php?rest_route=%2Fwp%2Fv2%2Ftags&post=5033"}],"curies":[{"name":"wp","href":"https:\/\/api.w.org\/{rel}","templated":true}]}}