{"id":4909,"date":"2010-03-27T21:04:21","date_gmt":"2010-03-27T20:04:21","guid":{"rendered":"https:\/\/www.carlofrancio.net\/blog\/?p=4909"},"modified":"2010-03-27T21:04:21","modified_gmt":"2010-03-27T20:04:21","slug":"prima-degli-auguri-unidea-vegliate-con-me","status":"publish","type":"post","link":"https:\/\/www.carlofrancio.net\/?p=4909","title":{"rendered":"Prima degli auguri: &quot;UN&#039;IDEA: VEGLIATE CON ME&quot;"},"content":{"rendered":"<h1><a href=\"https:\/\/www.carlofrancio.net\/blog\/wp-content\/uploads\/2010\/03\/Don_Alesiani-BLOG.jpg\"><img loading=\"lazy\" decoding=\"async\" class=\"alignleft size-full wp-image-4647\" title=\"Don_Alesiani-BLOG\" src=\"https:\/\/www.carlofrancio.net\/blog\/wp-content\/uploads\/2010\/03\/Don_Alesiani-BLOG.jpg\" alt=\"\" width=\"177\" height=\"244\" \/><\/a><span style=\"color: #ff6600;\">Cari amici, mi \u00e8 venuta un&#8217;idea&#8230;<\/span><\/h1>\n<p>dopo esserci preparati alla Pasqua\u00a0sul \u201c<strong><em>TESTAMENTO DI GESU\u2019<\/em><\/strong>\u201d (Gv.cc.13 -17) \u00a0vogliamo raccogliere il Suo rimprovero-invito a vegliare un&#8217;ora sola, in preghiera. <em><strong>&#8220;<\/strong>Cos\u00ec, non avete potuto vegliare un\u2019ora sola con me? <\/em><em>Vegliate e pregate, per non cadere in tentazione&#8230;&#8221;(Mt.26.40)<\/em><strong><em><\/em><\/strong><\/p>\n<p>Ecco l\u2019idea:<\/p>\n<h2><span style=\"color: #ff6600;\">OGNI SERA (h. 21 &#8211;\u00a022 ) CI DIAMO APPUNTAMENTO SUL SITO<\/span>: \u00a0<a title=\"-Vegliate con me\" href=\"http:\/\/www.sanbiagiofano.it\/\" target=\"_self\">http:\/\/www.sanbiagiofano.it\/<\/a>\u00a0<\/h2>\n<h3><span style=\"color: #008000;\">per pregare un salmo \u2013 ascoltare una riflessione\u00a0 \u2013 e scambiarci qualcosa di bello: una preghiera, un pensiero, un augurio\u2026 Cominciamo subito, da questa sera\u2026 Domani \u00e8 gi\u00e0 Domenica delle Palme. Ges\u00f9 ci aspetta&#8230;Vi aspetto anch&#8217;io\u2026<\/span><\/h3>\n<p>BUONA SETTIMANA SANTA!<\/p>\n<p>DV <a href=\"mhtml:{2E5F4BE7-AFEC-4311-9FAD-51C681716C4F}mid:\/\/00000020\/!x-usc:mailto:D.ALESIANI@VIRGILIO.IT\">d.alesiani@virgilio.it<\/a><\/p>\n","protected":false},"excerpt":{"rendered":"<p>Cari amici, mi \u00e8 venuta un&#8217;idea&#8230; dopo esserci preparati alla Pasqua\u00a0sul \u201cTESTAMENTO DI GESU\u2019\u201d (Gv.cc.13 -17) \u00a0vogliamo raccogliere il Suo rimprovero-invito a vegliare un&#8217;ora sola, in preghiera. &#8220;Cos\u00ec, non avete &hellip; <\/p>\n","protected":false},"author":2,"featured_media":0,"comment_status":"open","ping_status":"open","sticky":false,"template":"","format":"standard","meta":{"footnotes":""},"categories":[14,24],"tags":[426,434,431],"class_list":["post-4909","post","type-post","status-publish","format-standard","hentry","category-donorione","category-paninodisanbiagio-fano","tag-cultura","tag-promozione-umana","tag-sociale"],"_links":{"self":[{"href":"https:\/\/www.carlofrancio.net\/index.php?rest_route=\/wp\/v2\/posts\/4909","targetHints":{"allow":["GET"]}}],"collection":[{"href":"https:\/\/www.carlofrancio.net\/index.php?rest_route=\/wp\/v2\/posts"}],"about":[{"href":"https:\/\/www.carlofrancio.net\/index.php?rest_route=\/wp\/v2\/types\/post"}],"author":[{"embeddable":true,"href":"https:\/\/www.carlofrancio.net\/index.php?rest_route=\/wp\/v2\/users\/2"}],"replies":[{"embeddable":true,"href":"https:\/\/www.carlofrancio.net\/index.php?rest_route=%2Fwp%2Fv2%2Fcomments&post=4909"}],"version-history":[{"count":0,"href":"https:\/\/www.carlofrancio.net\/index.php?rest_route=\/wp\/v2\/posts\/4909\/revisions"}],"wp:attachment":[{"href":"https:\/\/www.carlofrancio.net\/index.php?rest_route=%2Fwp%2Fv2%2Fmedia&parent=4909"}],"wp:term":[{"taxonomy":"category","embeddable":true,"href":"https:\/\/www.carlofrancio.net\/index.php?rest_route=%2Fwp%2Fv2%2Fcategories&post=4909"},{"taxonomy":"post_tag","embeddable":true,"href":"https:\/\/www.carlofrancio.net\/index.php?rest_route=%2Fwp%2Fv2%2Ftags&post=4909"}],"curies":[{"name":"wp","href":"https:\/\/api.w.org\/{rel}","templated":true}]}}