{"id":4814,"date":"2010-03-15T20:12:56","date_gmt":"2010-03-15T19:12:56","guid":{"rendered":"https:\/\/www.carlofrancio.net\/blog\/?p=4814"},"modified":"2010-03-15T20:12:56","modified_gmt":"2010-03-15T19:12:56","slug":"qualche-tempo-fa-un-uomo-giusto-di-nome-giuseppe-tutelava-con-il-proprio-lavoro-la-sua-famiglia-oggi","status":"publish","type":"post","link":"https:\/\/www.carlofrancio.net\/?p=4814","title":{"rendered":"Qualche tempo fa: &quot;Un Uomo Giusto di nome Giuseppe&#8230;, tutelava con il proprio lavoro la sua Famiglia&quot; &#8211; Oggi&#8230;"},"content":{"rendered":"<h2><span style=\"color: #0000ff;\"><a href=\"https:\/\/www.carlofrancio.net\/blog\/wp-content\/uploads\/2010\/03\/CCI17022010_00000.jpg\"><img loading=\"lazy\" decoding=\"async\" class=\"alignleft size-large wp-image-4815\" title=\"CCI17022010_00000\" src=\"https:\/\/www.carlofrancio.net\/blog\/wp-content\/uploads\/2010\/03\/CCI17022010_00000-421x600.jpg\" alt=\"\" width=\"421\" height=\"600\" \/><\/a>Un richiamo per tutti, per mettere al primo posto l&#8217;Uomo.<\/span><\/h2>\n<p>Come recita <strong><span style=\"color: #000080;\">art.1<\/span><\/strong> della <span style=\"color: #000080;\"><strong>Costituzione Italiana<\/strong> <\/span>e come da\u00a0almeno\u00a0cento anni, a iniziando dalla <strong><span style=\"color: #0000ff;\">&#8220;Rerum Novarum&#8221;,<\/span> <\/strong>ci ricorda la <span style=\"color: #0000ff;\"><strong>Chiesa<\/strong><\/span>, <strong><span style=\"color: #000080;\">il lavoro \u00e8 un diritto dell&#8217;Uomo.<\/span><\/strong><\/p>\n<p>Cos\u00ec si\u00a0esprime il <span style=\"color: #003300;\"><strong>Concilio Vaticano II<\/strong> <\/span>nella <strong><span style=\"color: #008000;\">&#8220;Gaudium et Spes&#8221;<\/span><\/strong> al \u00a0n\u00b0 35.<\/p>\n<p>&#8211;<span style=\"color: #0000ff;\">L&#8217;attivit\u00e0 umana come deriva dall&#8217;uomo cos\u00ec \u00e8 ordinata all&#8217;uomo.<\/span><\/p>\n<p><span style=\"color: #3366ff;\"><strong>L&#8217;uomo, infatti, quando lavora, non trasforma soltanto le cose e la societ\u00e0, ma perfeziona se stesso. Apprende molte cose, sviluppa le sue facolt\u00e0, esece da s\u00e9 e si supera.<\/strong><\/span><\/p>\n<p><span style=\"color: #0000ff;\">Tale sviluppo, se \u00e8 ben compreso, vale pi\u00f9 delle ricchezze esteriori che si possono accumulare.<\/span> <strong><span style=\"color: #0000ff;\">L&#8217;uomo vale molto di pi\u00f9 per quello che \u00ab\u00e8\u00bb che per quello che \u00abha\u00bb.<\/span><\/strong><\/p>\n<p><span style=\"color: #0000ff;\">\u00a0<\/span><span style=\"font-size: medium;\"><span style=\"color: #0000ff;\"><span style=\"color: #993366;\">Parimenti tutto ci\u00f2 che gli uomini compiono allo scopo di conseguire <\/span><strong>una maggiore giustizia<\/strong>, <strong>una pi\u00f9 estesa fraternit\u00e0<\/strong> e un <strong>ordine pi\u00f9 umano dei rapporti social<\/strong>i,<\/span><span style=\"font-family: Times New Roman, serif;\"> <strong><span style=\"color: #993366;\">ha pi\u00f9 valore dei progressi in campo tecnico<\/span>.<\/strong> Questi, infatti, possono fornire, per cos\u00ec dire, la base materiale della promozione umana, ma da soli non valgono in nessun modo a realizzarla. <strong><span style=\"color: #0000ff;\"><span style=\"color: #3366ff;\">Pertanto questa \u00e8 la norma dell&#8217;attivit\u00e0 umana<\/span>: che secondo il disegno di Dio e la sua volont\u00e0 essa corrisponda al vero bene dell&#8217;umanit\u00e0, e che permetta all&#8217;uomo, considerato come individuo o come membro della societ\u00e0, di coltivare e di attuare la sua integrale vocazione<\/span><\/strong>. <\/span><\/span><\/p>\n","protected":false},"excerpt":{"rendered":"<p>Un richiamo per tutti, per mettere al primo posto l&#8217;Uomo. Come recita art.1 della Costituzione Italiana e come da\u00a0almeno\u00a0cento anni, a iniziando dalla &#8220;Rerum Novarum&#8221;, ci ricorda la Chiesa, il &hellip; <\/p>\n","protected":false},"author":2,"featured_media":0,"comment_status":"open","ping_status":"open","sticky":false,"template":"","format":"standard","meta":{"footnotes":""},"categories":[54,63,61,66,91,92],"tags":[425,428,39,434,50],"class_list":["post-4814","post","type-post","status-publish","format-standard","hentry","category-arcidiocesi-di-messina","category-promozione-umana","category-caritas-diocesana","category-ufficio-migrantes","category-ufficio-pastorale-giovanile","category-ufficio-per-i-problemi-sociali-ed-il-lavoro","tag-chiesa_cattolica","tag-istituzioni","tag-lavoro","tag-promozione-umana","tag-vaticano-ii"],"_links":{"self":[{"href":"https:\/\/www.carlofrancio.net\/index.php?rest_route=\/wp\/v2\/posts\/4814","targetHints":{"allow":["GET"]}}],"collection":[{"href":"https:\/\/www.carlofrancio.net\/index.php?rest_route=\/wp\/v2\/posts"}],"about":[{"href":"https:\/\/www.carlofrancio.net\/index.php?rest_route=\/wp\/v2\/types\/post"}],"author":[{"embeddable":true,"href":"https:\/\/www.carlofrancio.net\/index.php?rest_route=\/wp\/v2\/users\/2"}],"replies":[{"embeddable":true,"href":"https:\/\/www.carlofrancio.net\/index.php?rest_route=%2Fwp%2Fv2%2Fcomments&post=4814"}],"version-history":[{"count":0,"href":"https:\/\/www.carlofrancio.net\/index.php?rest_route=\/wp\/v2\/posts\/4814\/revisions"}],"wp:attachment":[{"href":"https:\/\/www.carlofrancio.net\/index.php?rest_route=%2Fwp%2Fv2%2Fmedia&parent=4814"}],"wp:term":[{"taxonomy":"category","embeddable":true,"href":"https:\/\/www.carlofrancio.net\/index.php?rest_route=%2Fwp%2Fv2%2Fcategories&post=4814"},{"taxonomy":"post_tag","embeddable":true,"href":"https:\/\/www.carlofrancio.net\/index.php?rest_route=%2Fwp%2Fv2%2Ftags&post=4814"}],"curies":[{"name":"wp","href":"https:\/\/api.w.org\/{rel}","templated":true}]}}