{"id":4713,"date":"2010-03-11T21:21:21","date_gmt":"2010-03-11T20:21:21","guid":{"rendered":"https:\/\/www.carlofrancio.net\/blog\/?p=4713"},"modified":"2010-03-11T21:21:21","modified_gmt":"2010-03-11T20:21:21","slug":"messina-%c2%abuna-arcidiocesi-giovane-per-i-giovani%c2%bb-ufficio-di-pastorale-giovanile","status":"publish","type":"post","link":"https:\/\/www.carlofrancio.net\/?p=4713","title":{"rendered":"Messina-\u00abUna Arcidiocesi giovane&#8230; per i giovani\u00bb"},"content":{"rendered":"<p><a href=\"https:\/\/www.carlofrancio.net\/blog\/wp-content\/uploads\/2010\/03\/Arcivescovo-Calogero-La-Piana-01.jpg\"><img loading=\"lazy\" decoding=\"async\" class=\"alignleft size-medium wp-image-4714\" title=\"Arcivescovo Calogero La Piana-01\" src=\"https:\/\/www.carlofrancio.net\/blog\/wp-content\/uploads\/2010\/03\/Arcivescovo-Calogero-La-Piana-01-170x300.jpg\" alt=\"\" width=\"170\" height=\"300\" \/><\/a>Forti della volont\u00e0 di rinnovamento perseguito dall&#8217;arcivescovo Calogero La Piana, i nuovi responsabili degli Uffici diocesani,\u00a0dimostrano una grande voglia di perseguire gli obi<a href=\"https:\/\/www.carlofrancio.net\/blog\/wp-content\/uploads\/2010\/03\/160220102758.jpg\"><img loading=\"lazy\" decoding=\"async\" class=\"alignright\" style=\"display: inline; border: 0px;\" title=\"160220102758\" src=\"https:\/\/www.carlofrancio.net\/blog\/wp-content\/uploads\/2010\/03\/160220102758_thumb.jpg\" border=\"0\" alt=\"160220102758\" width=\"244\" height=\"184\" \/><\/a>ettivi comuni per un rilancio delle condizioni umane, sociali e civili del &#8216;Popolo messinese.<\/p>\n<p>Uno dei nuovi protagonisti \u00e8 certamente Don Sergio Siracusano. Il giovane Direttore dell\u2019Ufficio per i problemi sociali ed il lavoro, ha autorevolmente guidato il programmato incontro di verifica e programmazione che\u00a0si \u00e8 svolto il 16 febbraio 2010, nella sede di via I\u00b0 Settembre.<\/p>\n<p><a href=\"https:\/\/www.carlofrancio.net\/blog\/wp-content\/uploads\/2010\/03\/LOGO-Progetto-Policoro.jpg\"><img loading=\"lazy\" decoding=\"async\" class=\"alignright size-medium wp-image-4715\" title=\"LOGO-Progetto Policoro\" src=\"https:\/\/www.carlofrancio.net\/blog\/wp-content\/uploads\/2010\/03\/LOGO-Progetto-Policoro-218x300.jpg\" alt=\"\" width=\"218\" height=\"300\" \/><\/a>Al centro i giovani, e per essi\u00a0 &#8220;Il progetto Policoro&#8221;. frutto dell&#8217;impegno comune\u00a0 con &#8220;l&#8217;Ufficio di Pastorale Giovanile&#8221; e la Caritas Diocesana. L&#8217;anim<a href=\"https:\/\/www.carlofrancio.net\/blog\/wp-content\/uploads\/2010\/03\/160220102756.jpg\"><img loading=\"lazy\" decoding=\"async\" class=\"alignleft\" style=\"display: inline; border: 0px;\" title=\"160220102756\" src=\"https:\/\/www.carlofrancio.net\/blog\/wp-content\/uploads\/2010\/03\/160220102756_thumb.jpg\" border=\"0\" alt=\"160220102756\" width=\"195\" height=\"147\" \/><\/a>atore di Comunit\u00e0, Gianluca Stefanelli, ne ha messo a fuoco le valenze, facendo anche una cronistoria della sua genesi.<\/p>\n<p>Parlando del centro servizi, ha confermato l&#8217;apertura degli sportelli in sede, nella giornata di marted\u00ec dalle ore 10,00 alle ore 12,00. Molti i giovani che sono stati accompagnati a vincere le resistenze ad intraprendere nuove attivit\u00e0, forti solo delle proprie capacit\u00e0 e dell&#8217;apporto dato dall&#8217;organizzazione del\u00a0Progetto Policoro.<\/p>\n<p>Tanti gli appuntamenti e le iniziative messe in cantiere dalla P.G.:<\/p>\n<ol>\n<li>15 marzo &#8211; L&#8217;ACQUA BENE PUBBLICO &#8211; riflessione e spettacolo<\/li>\n<li>18 marzo &#8211; PREGHIERA LAVORATORI &#8211; Celebrazione Arcivescovo<\/li>\n<li>08 maggio &#8211; &#8220;verso la 46\u00aa Settimana Sociale&#8221;<\/li>\n<li>22 maggio -RICORDANDO CAPACI &#8211; part.zione\u00a0\u00a0&#8220;Incontro Azione Cattolica&#8221;<a href=\"https:\/\/www.carlofrancio.net\/blog\/wp-content\/uploads\/2010\/03\/160220102753.jpg\"><img loading=\"lazy\" decoding=\"async\" class=\"alignright\" style=\"display: inline; border: 0px;\" title=\"160220102753\" src=\"https:\/\/www.carlofrancio.net\/blog\/wp-content\/uploads\/2010\/03\/160220102753_thumb.jpg\" border=\"0\" alt=\"160220102753\" width=\"244\" height=\"184\" \/><\/a><\/li>\n<\/ol>\n<p>Molti i rapprese<a href=\"https:\/\/www.carlofrancio.net\/blog\/wp-content\/uploads\/2010\/03\/160220102754.jpg\"><img loading=\"lazy\" decoding=\"async\" class=\"alignleft\" style=\"display: inline; border: 0px;\" title=\"160220102754\" src=\"https:\/\/www.carlofrancio.net\/blog\/wp-content\/uploads\/2010\/03\/160220102754_thumb.jpg\" border=\"0\" alt=\"160220102754\" width=\"244\" height=\"184\" \/><\/a>ntanti delle diverse realt\u00e0 del volontariato presenti: dalle ACLI alla CISL agli operatori del microCredito, a quelli della formazione, alle associazioni di categoria ed anche le realt\u00e0 vicariali con la presenza di Galati &#8211; Santa Maria del Ges\u00f9 Provinciale, parroco Terenzio Pastore\u00a0e del gruppo Vicariato Nord retto da padre Roberto Scolaro, Chiesa Ritiro.<\/p>\n<p>\u00a0Si sono anche ricordate le vittime dell&#8217;alluvione di Giampilieri Saletta Zanclea, con i gesti di concreti di sol<a href=\"https:\/\/www.carlofrancio.net\/blog\/wp-content\/uploads\/2010\/03\/160220102757.jpg\"><img loading=\"lazy\" decoding=\"async\" class=\"alignright\" style=\"display: inline; border: 0px;\" title=\"160220102757\" src=\"https:\/\/www.carlofrancio.net\/blog\/wp-content\/uploads\/2010\/03\/160220102757_thumb.jpg\" border=\"0\" alt=\"160220102757\" width=\"244\" height=\"184\" \/><\/a>idariet\u00e0\u00a0da parte della Caritas diocesana, cuore della generosit\u00e0 delle Parrocchie e dei singoli. Nel proposito, languono i provvedimenti pubblici siano essi statali, regio<a href=\"https:\/\/www.carlofrancio.net\/blog\/wp-content\/uploads\/2010\/03\/160220102755.jpg\"><img loading=\"lazy\" decoding=\"async\" class=\"alignleft\" style=\"display: inline; border: 0px;\" title=\"160220102755\" src=\"https:\/\/www.carlofrancio.net\/blog\/wp-content\/uploads\/2010\/03\/160220102755_thumb.jpg\" border=\"0\" alt=\"160220102755\" width=\"244\" height=\"184\" \/><\/a>nali o comunali. &#8220;Guai ai poveri se non ci fossero i poveri&#8221;.<\/p>\n<p>Nei numerosi interventi \u00e8 stata ribadita la necessit\u00e0 dell&#8217;unit\u00e0, non solo degli intenti ma anche fattuale, di una attuazione pratica che evidenzino le capacit\u00e0 territoriali.<\/p>\n<p>R.B.<\/p>\n<p><a href=\"https:\/\/www.carlofrancio.net\/blog\/wp-content\/uploads\/2010\/03\/160220102753.jpg\"><\/a><\/p>\n","protected":false},"excerpt":{"rendered":"<p>Forti della volont\u00e0 di rinnovamento perseguito dall&#8217;arcivescovo Calogero La Piana, i nuovi responsabili degli Uffici diocesani,\u00a0dimostrano una grande voglia di perseguire gli obiettivi comuni per un rilancio delle condizioni umane, &hellip; <\/p>\n","protected":false},"author":2,"featured_media":0,"comment_status":"open","ping_status":"open","sticky":false,"template":"","format":"standard","meta":{"footnotes":""},"categories":[54,91],"tags":[426,34,39,434],"class_list":["post-4713","post","type-post","status-publish","format-standard","hentry","category-arcidiocesi-di-messina","category-ufficio-pastorale-giovanile","tag-cultura","tag-giovani","tag-lavoro","tag-promozione-umana"],"_links":{"self":[{"href":"https:\/\/www.carlofrancio.net\/index.php?rest_route=\/wp\/v2\/posts\/4713","targetHints":{"allow":["GET"]}}],"collection":[{"href":"https:\/\/www.carlofrancio.net\/index.php?rest_route=\/wp\/v2\/posts"}],"about":[{"href":"https:\/\/www.carlofrancio.net\/index.php?rest_route=\/wp\/v2\/types\/post"}],"author":[{"embeddable":true,"href":"https:\/\/www.carlofrancio.net\/index.php?rest_route=\/wp\/v2\/users\/2"}],"replies":[{"embeddable":true,"href":"https:\/\/www.carlofrancio.net\/index.php?rest_route=%2Fwp%2Fv2%2Fcomments&post=4713"}],"version-history":[{"count":0,"href":"https:\/\/www.carlofrancio.net\/index.php?rest_route=\/wp\/v2\/posts\/4713\/revisions"}],"wp:attachment":[{"href":"https:\/\/www.carlofrancio.net\/index.php?rest_route=%2Fwp%2Fv2%2Fmedia&parent=4713"}],"wp:term":[{"taxonomy":"category","embeddable":true,"href":"https:\/\/www.carlofrancio.net\/index.php?rest_route=%2Fwp%2Fv2%2Fcategories&post=4713"},{"taxonomy":"post_tag","embeddable":true,"href":"https:\/\/www.carlofrancio.net\/index.php?rest_route=%2Fwp%2Fv2%2Ftags&post=4713"}],"curies":[{"name":"wp","href":"https:\/\/api.w.org\/{rel}","templated":true}]}}