{"id":4686,"date":"2010-03-09T21:27:15","date_gmt":"2010-03-09T20:27:15","guid":{"rendered":"https:\/\/www.carlofrancio.net\/blog\/?p=4686"},"modified":"2010-03-09T21:27:15","modified_gmt":"2010-03-09T20:27:15","slug":"sae-%c2%abdi-nuovo-verra%e2%80%a6-il-suo-regno-non-avra-fine%c2%bb-chiesa-avventista","status":"publish","type":"post","link":"https:\/\/www.carlofrancio.net\/?p=4686","title":{"rendered":"SAE- \u00abDi nuovo verr\u00e0\u2026 il suo regno non avr\u00e0 fine\u00bb &#8211; &quot;Chiesa Avventista&quot;"},"content":{"rendered":"<p><a href=\"https:\/\/www.carlofrancio.net\/blog\/wp-content\/uploads\/2010\/03\/IMG_0742.jpg\"><\/a>\u00a0ASSOCIAZIONE ECUMENICA \u201c<em><strong>E. Cialla<\/strong><\/em><strong>\u201d \u2013 <\/strong><strong>SAE<\/strong><strong> <\/strong>&#8211;<strong> <\/strong><strong>Segretariato Attivita\u2019 Ecumeniche- <\/strong>Gruppo di Messina\u00a0<strong><span style=\"color: #800000;\"> <a href=\"https:\/\/www.carlofrancio.net\/blog\/wp-content\/uploads\/2010\/03\/IMG_0742.jpg\"><img loading=\"lazy\" decoding=\"async\" class=\"size-medium wp-image-4687 alignleft\" title=\"IMG_0742\" src=\"https:\/\/www.carlofrancio.net\/blog\/wp-content\/uploads\/2010\/03\/IMG_0742-300x225.jpg\" alt=\"\" width=\"300\" height=\"225\" \/><\/a><\/span><\/strong>,\u00a0nella <span style=\"color: #993300;\"><strong>Chiesa Avventista del 7\u00b0 Giorno<\/strong>\u00a0<\/span>via XXIV Maggio,<strong>\u00a0<\/strong>\u00e8 stato innestato\u00a0un altro tassello nel cammino Ecumenico.<\/p>\n<p><strong>Luned\u00ec 8 <\/strong>marzo alle ore 20.00<\/p>\n<p>Il pastore della \u00a0<span style=\"color: #993300;\"><strong>Chiesa\u00a0Avventista<\/strong><\/span>, <strong><span style=\"color: #0000ff;\">Alessandro Roma\u00a0<\/span><\/strong>ha affrontato con grande senso di responsabilit\u00e0 e partecipazione e con l&#8217;ausilio dei Testi Biblici, \u00a0il\u00a0tema affidatogli:<\/p>\n<p><strong>\u00abDi nuovo verr\u00e0\u2026 il suo regno non avr\u00e0 fine\u00bb, \u00abin nessu<a href=\"https:\/\/www.carlofrancio.net\/blog\/wp-content\/uploads\/2010\/03\/IMG_0745.jpg\"><img loading=\"lazy\" decoding=\"async\" class=\"alignright size-medium wp-image-4689\" title=\"IMG_0745\" src=\"https:\/\/www.carlofrancio.net\/blog\/wp-content\/uploads\/2010\/03\/IMG_0745-300x225.jpg\" alt=\"\" width=\"300\" height=\"225\" \/><\/a>n altro vi \u00e8 salvezza\u00bb <\/strong>(Atti 4,12)<\/p>\n<p><span style=\"color: #ff6600;\">&#8220;Questo Ges\u00f9 che riapparir\u00e0 cos\u00ec come \u00e8 asceso al Cielo, ha bisogno dell&#8217;amore degli uomini, per realizzare pienamente la sua Venuta. E questi uomini, devono essere attenti ai segni dei tempi, per convertirsi e mutare vita.&#8221;<\/span><\/p>\n<p><span style=\"color: #000080;\"><a href=\"https:\/\/www.carlofrancio.net\/blog\/wp-content\/uploads\/2010\/03\/080320102799.jpg\"><img loading=\"lazy\" decoding=\"async\" class=\"alignleft size-thumbnail wp-image-4688\" title=\"080320102799\" src=\"https:\/\/www.carlofrancio.net\/blog\/wp-content\/uploads\/2010\/03\/080320102799-150x150.jpg\" alt=\"\" width=\"150\" height=\"150\" \/><\/a>Cronaca e dialogo di (<em>Carmelo Labate<\/em>)<strong> <\/strong><\/span><\/p>\n<p>&#8221;\u00a0Non credo sia stata curiosit\u00e0 quella di entrare e riempire una <strong>chiesa avventista<\/strong> e ascoltare il suo pastore predicare. No. La \u00ab<strong><span style=\"color: #008000;\">Parola<\/span><\/strong>\u00bb ci ha convocati e alla \u00ab<strong><span style=\"color: #008000;\">Parola<\/span><\/strong>\u00bb abbiamo risposto. C\u2019erano quelli del <span style=\"color: #993366;\">Sae<\/span>, i <span style=\"color: #993366;\">Focolarini<\/span>, la <span style=\"color: #993366;\">Gifra di Pompei<\/span>, il <span style=\"color: #993366;\">Rinnovamento nello Spirito<\/span>, <span style=\"color: #0000ff;\"><strong>p. Alessio<\/strong> <\/span>ortodosso e non pochi membri della stessa <strong><span style=\"color: #993300;\">Chiesa Avventista<\/span><\/strong>. <strong>Abbiamo condiviso davvero tutto<\/strong>: la<strong> preghiera <\/strong>e gl\u2019<strong>inni<\/strong> e la \u00ab<strong><span style=\"color: #008000;\">Parola<\/span><\/strong>\u00bb. Gi\u00e0, il primo che abbiamo intonato (<em>Symbolum<\/em>) realmente ormai appartiene a tutti. Mi \u00e8 venuto in mente, con piacere, il <strong>reciproco scambio ecumenico di canti che facevamo venti anni fa circa<\/strong>, durante gli incontri.<\/p>\n<p><a href=\"https:\/\/www.carlofrancio.net\/blog\/wp-content\/uploads\/2010\/03\/IMG_0746.jpg\"><img loading=\"lazy\" decoding=\"async\" class=\"alignright size-thumbnail wp-image-4696\" title=\"IMG_0746\" src=\"https:\/\/www.carlofrancio.net\/blog\/wp-content\/uploads\/2010\/03\/IMG_0746-150x150.jpg\" alt=\"\" width=\"150\" height=\"150\" \/><\/a>Abbiamo seguito con profond<a href=\"https:\/\/www.carlofrancio.net\/blog\/wp-content\/uploads\/2010\/03\/IMG_0747.jpg\"><img loading=\"lazy\" decoding=\"async\" class=\"size-medium wp-image-4690 alignleft\" title=\"IMG_0747\" src=\"https:\/\/www.carlofrancio.net\/blog\/wp-content\/uploads\/2010\/03\/IMG_0747-300x225.jpg\" alt=\"\" width=\"300\" height=\"225\" \/><\/a>a attenzione <strong>il pastore <span style=\"color: #0000ff;\">Alessandro Roma <\/span>spezzarci la \u00ab<span style=\"color: #008000;\">Parola<\/span>\u00bb<\/strong>: dalla preghiera \u201cvenga il tuo regno\u201d all\u2019attesa di Ges\u00f9 \u201ctrionfante\u201d, tutta una ricca successione di citazioni bibliche non per fare \u201cdottrina\u201d, ma per <strong>annunciare <span style=\"color: #008000;\">Ges\u00f9<\/span><\/strong><strong><span style=\"color: #008000;\"> Cristo<\/span><\/strong>, il Nazareno, messo in croce ma risorto dai morti (Atti 4,10), l\u2019Unico che pu\u00f2 darci salvezza (v.12). E\u2019 nel suo nome che viene guarito l\u2019uomo anche nel suo bisogno fisico, terreno.<\/p>\n<p>Pi\u00f9 che mai <strong>il gruppo si \u00e8 sentito <em>riunito nel suo nome<\/em>, ma anche <a href=\"https:\/\/www.carlofrancio.net\/blog\/wp-content\/uploads\/2010\/03\/080320102800.jpg\"><img loading=\"lazy\" decoding=\"async\" class=\"size-thumbnail wp-image-4693 alignright\" title=\"080320102800\" src=\"https:\/\/www.carlofrancio.net\/blog\/wp-content\/uploads\/2010\/03\/080320102800-150x150.jpg\" alt=\"\" width=\"150\" height=\"150\" \/><\/a>interpellato<\/strong>. Sia a scrutare i segni dei tempi per tenerci pronti e vigilanti alla ritorno del Signore; sia a farci portavoce della resurrezione del Cristo; sia ad operare<strong> <\/strong>a favore dei pi\u00f9 miseri<strong> <\/strong>e di tutto il\u00a0 popolo<strong> <\/strong>anche quando si tratta di contrastare quel potere (politico e religioso) che dimentica la \u00abParola\u00bb per servire Mammona. Vivere dunque tra gli uomini ma con lo sguardo rivolto al \u201cDio che viene\u201d (Lettera a Diogneto). Ricordando, che la \u00abParola di Dio\u00bb si diffonde fino ai confini della terra se si rende visibile la \u201ccomunione\u201d tra le chiese e i cristiani conducono una vita coerente al Vangelo. &#8221;<\/p>\n<p><a title=\"Dialogo Ortodossi\" href=\"http:\/\/www.avvenire.it\/Chiesa\/Dialogo+con+gli+ortodossi+una+guida+per+le+comunit_201003030837393900000.htm\" target=\"_blank\"><\/a><\/p>\n","protected":false},"excerpt":{"rendered":"<p>\u00a0ASSOCIAZIONE ECUMENICA \u201cE. Cialla\u201d \u2013 SAE &#8211; Segretariato Attivita\u2019 Ecumeniche- Gruppo di Messina\u00a0 ,\u00a0nella Chiesa Avventista del 7\u00b0 Giorno\u00a0via XXIV Maggio,\u00a0\u00e8 stato innestato\u00a0un altro tassello nel cammino Ecumenico. Luned\u00ec 8 &hellip; <\/p>\n","protected":false},"author":2,"featured_media":0,"comment_status":"open","ping_status":"open","sticky":false,"template":"","format":"standard","meta":{"footnotes":""},"categories":[17,67,90,56],"tags":[26,28,426],"class_list":["post-4686","post","type-post","status-publish","format-standard","hentry","category-focolarini","category-gi-fra-di-pompei","category-rinnovamento-nello-spirito","category-servizi-attivita-ecumeniche","tag-chiesa-avventista","tag-chiesa-luterana","tag-cultura"],"_links":{"self":[{"href":"https:\/\/www.carlofrancio.net\/index.php?rest_route=\/wp\/v2\/posts\/4686","targetHints":{"allow":["GET"]}}],"collection":[{"href":"https:\/\/www.carlofrancio.net\/index.php?rest_route=\/wp\/v2\/posts"}],"about":[{"href":"https:\/\/www.carlofrancio.net\/index.php?rest_route=\/wp\/v2\/types\/post"}],"author":[{"embeddable":true,"href":"https:\/\/www.carlofrancio.net\/index.php?rest_route=\/wp\/v2\/users\/2"}],"replies":[{"embeddable":true,"href":"https:\/\/www.carlofrancio.net\/index.php?rest_route=%2Fwp%2Fv2%2Fcomments&post=4686"}],"version-history":[{"count":0,"href":"https:\/\/www.carlofrancio.net\/index.php?rest_route=\/wp\/v2\/posts\/4686\/revisions"}],"wp:attachment":[{"href":"https:\/\/www.carlofrancio.net\/index.php?rest_route=%2Fwp%2Fv2%2Fmedia&parent=4686"}],"wp:term":[{"taxonomy":"category","embeddable":true,"href":"https:\/\/www.carlofrancio.net\/index.php?rest_route=%2Fwp%2Fv2%2Fcategories&post=4686"},{"taxonomy":"post_tag","embeddable":true,"href":"https:\/\/www.carlofrancio.net\/index.php?rest_route=%2Fwp%2Fv2%2Ftags&post=4686"}],"curies":[{"name":"wp","href":"https:\/\/api.w.org\/{rel}","templated":true}]}}