{"id":4604,"date":"2010-03-02T12:37:39","date_gmt":"2010-03-02T11:37:39","guid":{"rendered":"https:\/\/www.carlofrancio.net\/blog\/?p=4604"},"modified":"2011-02-15T18:03:30","modified_gmt":"2011-02-15T18:03:30","slug":"sae-chiesa-avventista-%c2%abdi-nuovo-verra%e2%80%a6-il-suo-regno-non-avra-fine%c2%bb-%c2%abin-nessun-altro-vi-e-salvezza%c2%bb-atti-412","status":"publish","type":"post","link":"https:\/\/www.carlofrancio.net\/?p=4604","title":{"rendered":"Messina &#8211; SAE &#8211; Chiesa Avventista &#8211; \u00abDi nuovo verr\u00e0\u2026 il suo regno non avr\u00e0 fine\u00bb, \u00abin nessun altro vi \u00e8 salvezza\u00bb (Atti 4,12)"},"content":{"rendered":"<p><a href=\"https:\/\/www.carlofrancio.net\/blog\/wp-content\/uploads\/2009\/10\/SAE-Cialla-logo.jpg\"><img loading=\"lazy\" decoding=\"async\" class=\"alignleft size-thumbnail wp-image-3151\" title=\"SAE-Cialla-logo\" src=\"https:\/\/www.carlofrancio.net\/blog\/wp-content\/uploads\/2009\/10\/SAE-Cialla-logo-150x123.jpg\" alt=\"\" width=\"91\" height=\"75\" \/><\/a>\u00a0<span style=\"color: #000000;\"><span style=\"font-family: Times New Roman, serif;\"><span style=\"font-size: small;\"><span style=\"font-size: medium;\"><strong>\u00a0<\/strong><\/span><\/span><\/span><\/span><span style=\"color: #000000;\"><span style=\"font-family: Times New Roman, serif;\"><span style=\"font-size: small;\"><span style=\"font-size: medium;\"><strong>ASSOCIAZIONE ECUMENICA \u201c<\/strong><\/span><span style=\"font-size: medium;\"><em><strong>E. Cialla<\/strong><\/em><\/span><span style=\"font-size: medium;\"><strong>\u201d<\/strong><\/span><\/span><\/span><\/span><\/p>\n<p><span style=\"color: #000000;\"><span style=\"font-family: Times New Roman, serif;\"><span style=\"font-size: small;\"><span style=\"font-size: medium;\"><strong>\u00a0SAE<\/strong><\/span><span style=\"font-size: medium;\"><strong> <\/strong><\/span><span style=\"font-size: medium;\">&#8211;<\/span><span style=\"font-size: medium;\"><strong> <\/strong><\/span><span style=\"font-size: medium;\"><strong>Segretariato Attivita\u2019 Ecumeniche &#8211; <\/strong><\/span><\/span><\/span><\/span><span style=\"color: #000000;\"><span style=\"font-family: Garamond, serif;\"><span style=\"font-size: medium;\">Gruppo di Messina<\/span><\/span><\/span><\/p>\n<h2 style=\"text-align: left;\"><span style=\"color: #ff00ff;\"><a href=\"https:\/\/www.carlofrancio.net\/blog\/wp-content\/uploads\/2010\/03\/Roma_Alessandro-quadro.jpg\"><img loading=\"lazy\" decoding=\"async\" class=\"alignleft size-full wp-image-4610\" title=\"Roma_Alessandro-quadro\" src=\"https:\/\/www.carlofrancio.net\/blog\/wp-content\/uploads\/2010\/03\/Roma_Alessandro-quadro.jpg\" alt=\"\" width=\"134\" height=\"143\" \/><\/a>Luned\u00ec 8 marzo alle ore 20.00 <\/span><\/h2>\n<p><span style=\"color: #000000;\"><span style=\"font-family: Times New Roman, serif;\"><span style=\"font-size: small;\"><span style=\"font-family: Comic Sans MS, cursive;\"><span style=\"font-size: small;\"><strong>Chiesa Avventista del 7\u00b0 Giorno <\/strong><\/span><\/span><span style=\"font-family: Comic Sans MS, cursive;\">via XXIV Maggio<\/span><span style=\"font-family: Comic Sans MS, cursive;\"><span style=\"font-size: small;\"><strong> <\/strong><\/span><\/span><\/span><\/span><\/span><\/p>\n<p style=\"text-align: left;\"><span style=\"color: #000000;\"><span style=\"font-family: Times New Roman, serif;\"><span style=\"font-size: small;\"><span style=\"font-family: Comic Sans MS, cursive;\"><span style=\"font-size: small;\"><strong>Alessandro Roma, <\/strong><\/span><\/span><span style=\"font-family: Comic Sans MS, cursive;\"><span style=\"font-size: small;\">pastore della Chiesa Avventista<\/span><\/span><span style=\"font-family: Comic Sans MS, cursive;\">,<\/span><span style=\"font-size: small;\"> sul tema<\/span><\/span><\/span><\/span><\/p>\n<p style=\"text-align: left;\"><span style=\"color: #000000;\"><span style=\"font-family: Times New Roman, serif;\"><span style=\"font-size: small;\"><span style=\"font-family: Comic Sans MS, cursive;\"><span style=\"font-size: x-small;\"><strong>\u00abDi nuovo verr\u00e0\u2026 il suo regno non avr\u00e0 fine\u00bb, \u00abin nessun altro vi \u00e8 salvezza\u00bb <\/strong><\/span><\/span><span style=\"font-family: Comic Sans MS, cursive;\"><span style=\"font-size: x-small;\">(Atti 4,12)<\/span><\/span><\/span><\/span><\/span>\u00a0<\/p>\n<p><span style=\"font-size: x-small;\"><a href=\"https:\/\/www.carlofrancio.net\/blog\/wp-content\/uploads\/2010\/03\/Labate_Carmelo.jpg\"><img loading=\"lazy\" decoding=\"async\" class=\"size-full wp-image-4606 alignleft\" title=\"Labate_Carmelo\" src=\"https:\/\/www.carlofrancio.net\/blog\/wp-content\/uploads\/2010\/03\/Labate_Carmelo.jpg\" alt=\"\" width=\"82\" height=\"97\" \/><\/a><a href=\"https:\/\/www.carlofrancio.net\/blog\/wp-content\/uploads\/2010\/03\/Labate_Carmelo.jpg\"><\/a><\/span><\/p>\n<p><span style=\"font-size: x-small;\">\u00a0<\/span><span style=\"font-size: x-small;\">Il SAE \u00e8 una Associazione ecumenica di credenti\u00a0<\/span><span style=\"font-size: x-small;\">appartenenti a diverse chiese cristiane: cattolici, evangelici e ortodossi. <\/span><span style=\"color: #000000;\"><span style=\"font-family: Times New Roman, serif;\"><span style=\"font-size: small;\">Info: Carmelo 09040352 <span style=\"color: #0000ff;\"><span style=\"text-decoration: underline;\"><a href=\"mailto:labacar@tele2.it\">labacar@tele2.it<\/a><\/span><\/span>; <span style=\"color: #0000ff;\"><span style=\"text-decoration: underline;\"><a href=\"http:\/\/www.saenotizie.it\/\">www.saenotizie.it<\/a><\/span><\/span><\/span><\/span><\/span><\/p>\n<h3>l\u2019approfondimento di<span style=\"color: #0000ff;\"> Carmelo Labate<\/span><span style=\"color: #0000ff;\">\u00a0<\/span><\/h3>\n<h4><span style=\"font-size: small;\"><!--more--><\/span><span style=\"color: #000000;\"><span style=\"font-family: Times New Roman, serif;\"><span style=\"font-size: small;\"><span style=\"font-size: small;\">Il clima ecumenico che viviamo ormai da <\/span><span style=\"font-size: small;\"><strong>cento anni<\/strong><\/span><span style=\"font-size: small;\">, per quanto presenti tante lacune da ogni parte, facilita tuttavia la conoscenza di persone e l\u2019<\/span><span style=\"font-size: small;\"><strong>approfondimento<\/strong><\/span><span style=\"font-size: small;\"> di temi che uno storico insegnamento polemico ci aveva tramandato come elementi di divisione dell\u2019<\/span><span style=\"font-size: small;\"><strong>unica Chiesa di Cristo<\/strong><\/span><span style=\"font-size: small;\">. Penso che recitando il \u201cCredo\u201d, la nostra <\/span><span style=\"font-size: small;\"><strong>comune professione di fede<\/strong><\/span><span style=\"font-size: small;\">, tutti mettiamo in evidenza il credere \u201cla Chiesa, una santa, cattolica (universale) e apostolica\u201d. Se poi diciamo di appartenere e parliamo di pi\u00f9 chiese, evidentemente facciamo riferimento alle istituzioni storiche e geografiche che nel corso dei secoli hanno dato vita ad organismi dentro i quali le diverse generazioni e i credenti dei diversi luoghi possano esprimere meglio la loro fede in Cristo. Impossibile \u2013 sostiene <\/span><span style=\"font-size: small;\"><strong>G. Calvino<\/strong><\/span><span style=\"font-size: small;\"> \u2013 smembrare Cristo anche solo in due o tre Chiese (<\/span><span style=\"font-size: small;\"><em>cf. Inst. IV, 1,2<\/em><\/span><span style=\"font-size: small;\">). Impossibile professare la fede in <\/span><span style=\"font-size: small;\"><strong>Dio<\/strong><\/span><span style=\"font-size: small;\"> come <\/span><span style=\"font-size: small;\"><strong>Padre comune<\/strong><\/span><span style=\"font-size: small;\"> o sostenere di avere <\/span><span style=\"font-size: small;\"><strong>Cristo come capo di tutti<\/strong><\/span><span style=\"font-size: small;\"> senza poi condividere con gli altri quanto hanno ricevuto (ivi 1,3). <\/span><span style=\"font-size: small;\"><strong>L\u2019unit\u00e0 della Chiesa la promuove Dio stesso<\/strong><\/span><span style=\"font-size: small;\"> attraverso la Parola, i ministeri, i sacramenti (ivi 1,1). Anzi, proprio la comune partecipazione ai sacramenti conserva la Chiesa nella sua unit\u00e0 che nessun peccato pu\u00f2 separare (ivi 1,16). Poich\u00e9 nessuno \u00e8 perfetto, <\/span><span style=\"font-size: small;\"><strong>ogni credente ha bisogno dell\u2019aiuto dell\u2019altro<\/strong><\/span><span style=\"font-size: small;\">. In pratica Dio distribuisce i carismi (doni) perch\u00e9 ciascuno aiuti gli altri a mantenere il proprio posto nell\u2019unico corpo di Cristo (Cor 2,16). Quindi l\u2019unit\u00e0 della Chiesa \u00e8 opera di Dio, ma <\/span><span style=\"font-size: small;\"><strong>ogni chiesa locale \u00e8 responsabile del suo farsi o non-farsi<\/strong><\/span><span style=\"font-size: small;\">. Non ci si pu\u00f2 mettere in disparte e dire \u201cquando Dio vorr\u00e0\u201d. S\u00ec, quando Dio vorr\u00e0 si compir\u00e0 il Regno, ma noi <\/span><span style=\"font-size: small;\"><strong>siamo chiamati a rimboccarci le maniche per non sprecare i talenti affidatici<\/strong><\/span><span style=\"font-size: small;\">. Certamente non possiamo confondere l\u2019insegnamento essenziale (Dio, Trinit\u00e0, la divinit\u00e0 di Ges\u00f9 Cristo, Resurrezione, Chiesa, ecc.), con gli elementi della dottrina di secondaria importanza (es., l\u2019escatologia, lo stato intermedio tra morte e risurrezione, ecc.). <\/span><span style=\"font-size: small;\"><strong>Il dialogo tra le chiese su queste tematiche non indebolisce l&#8217;unit\u00e0 della fede<\/strong><\/span><span style=\"font-size: small;\">. N\u00e9 le chiese devono disprezzarsi reciprocamente (ivi 10,32) e, a causa dei loro differenti ordinamenti, dimenticare il comandamento dell\u2019amore e non perseguire il mantenimento della pace. Calvino sostiene che <\/span><span style=\"font-size: small;\"><strong>le debolezze dei <\/strong><\/span><span style=\"font-size: small;\"><em><strong>responsabili<\/strong><\/em><\/span><span style=\"font-size: small;\"><strong> non devono essere un incentivo per separarsi dalla Chiesa <\/strong><\/span><span style=\"font-size: small;\">(ivi 13-22). E\u2019 vero che Calvino insiste che i credenti abbiano lo stesso parere &#8220;in tutto e per tutto&#8221; (ivi l,12); \u201csenza riserve\u201d (1Cor.10), ma pi\u00f9 impor\u00adtante \u00e8 un&#8217;unit\u00e0 tra i cristiani e tra le Chiese, unit\u00e0 che tenga conto delle situazioni reali e che non sia portata a rompersi su que\u00adstioni secondarie. <\/span><span style=\"font-size: small;\"><strong>I diversi punti di vista servono al dialogo nella prospettiva di una maggiore unit\u00e0<\/strong><\/span><span style=\"font-size: small;\">, alla quale non si pu\u00f2 rinunciare per quanto imperfetta possa essere. Se non cessiamo di avere lo stesso Cristo e di essere uno in lui, forse un giorno ci sar\u00e0 concesso di raggiungere una unit\u00e0 visibile. Con questo spirito di comunione ascolteremo <\/span><\/span><\/span><\/span><\/h4>\n<p><span style=\"color: #000000;\"><span style=\"font-family: Times New Roman, serif;\"><span style=\"font-size: small;\"><span style=\"font-family: Comic Sans MS, cursive;\"><span style=\"font-size: small;\"><strong>Alessandro Roma, <\/strong><\/span><\/span><span style=\"font-family: Comic Sans MS, cursive;\"><span style=\"font-size: small;\">pastore della Chiesa Avventista<\/span><\/span><span style=\"font-family: Comic Sans MS, cursive;\">,<\/span><span style=\"font-size: small;\"> sul tema<\/span><\/span><\/span><\/span><\/p>\n<p><span style=\"color: #000000;\"><span style=\"font-family: Times New Roman, serif;\"><span style=\"font-size: small;\"><span style=\"font-family: Comic Sans MS, cursive;\"><span style=\"font-size: x-small;\"><strong>\u00abDi nuovo verr\u00e0\u2026 il suo regno non avr\u00e0 fine\u00bb, \u00abin nessun altro vi \u00e8 salvezza\u00bb <\/strong><\/span><\/span><span style=\"font-family: Comic Sans MS, cursive;\"><span style=\"font-size: x-small;\">(Atti 4,12)<\/span><\/span><\/span><\/span><\/span><\/p>\n<p><span style=\"color: #000000;\"><span style=\"font-family: Times New Roman, serif;\"><span style=\"font-size: small;\"><span style=\"font-family: Comic Sans MS, cursive;\"><span style=\"font-size: small;\"><strong>Luned\u00ec 8<\/strong><\/span><\/span><span style=\"font-family: Comic Sans MS, cursive;\"><span style=\"font-size: small;\"><strong> marzo <\/strong><\/span><\/span><span style=\"font-family: Comic Sans MS, cursive;\"><span style=\"font-size: small;\"><strong>alle<\/strong><\/span><\/span><span style=\"font-family: Comic Sans MS, cursive;\"><span style=\"font-size: small;\"> <\/span><\/span><span style=\"font-family: Comic Sans MS, cursive;\"><span style=\"font-size: small;\"><strong>ore 20.00 &#8211; <\/strong><\/span><\/span><\/span><\/span><\/span><span style=\"color: #000000;\"><span style=\"font-family: Times New Roman, serif;\"><span style=\"font-size: small;\"><span style=\"font-family: Comic Sans MS, cursive;\"><span style=\"font-size: small;\"><strong>Chiesa Avventista del 7\u00b0 Giorno <\/strong><\/span><\/span><span style=\"font-family: Comic Sans MS, cursive;\">via XXIV Maggio<\/span><span style=\"font-family: Comic Sans MS, cursive;\"><span style=\"font-size: small;\"><strong> <\/strong><\/span><\/span><\/span><\/span><\/span><\/p>\n<p><span style=\"font-size: x-small;\">Il SAE \u00e8 una Associazione ecumenica di credenti <\/span><span style=\"font-size: x-small;\">appartenenti a diverse chiese cristiane: cattolici, evangelici e ortodossi<\/span><\/p>\n<p><span style=\"color: #000000;\"><span style=\"font-family: Times New Roman, serif;\"><span style=\"font-size: small;\">Info: <span style=\"color: #0000ff;\"><span style=\"text-decoration: underline;\"><a href=\"https:\/\/www.carlofrancio.net\/\"><strong>www.carlofrancio.net<\/strong><\/a><\/span><\/span>; Carmelo 09040352 <span style=\"color: #0000ff;\"><span style=\"text-decoration: underline;\"><a href=\"mailto:labacar@tele2.it\">labacar@tele2.it<\/a><\/span><\/span>; <span style=\"color: #0000ff;\"><span style=\"text-decoration: underline;\"><a href=\"http:\/\/www.saenotizie.it\/\">www.saenotizie.it<\/a><\/span><\/span><\/span><\/span><\/span><\/p>\n","protected":false},"excerpt":{"rendered":"<p>\u00a0\u00a0ASSOCIAZIONE ECUMENICA \u201cE. Cialla\u201d \u00a0SAE &#8211; Segretariato Attivita\u2019 Ecumeniche &#8211; Gruppo di Messina Luned\u00ec 8 marzo alle ore 20.00 Chiesa Avventista del 7\u00b0 Giorno via XXIV Maggio Alessandro Roma, pastore &hellip; <\/p>\n","protected":false},"author":2,"featured_media":0,"comment_status":"open","ping_status":"open","sticky":false,"template":"","format":"standard","meta":{"footnotes":""},"categories":[10,56],"tags":[26,27,32],"class_list":["post-4604","post","type-post","status-publish","format-standard","hentry","category-cultura","category-servizi-attivita-ecumeniche","tag-chiesa-avventista","tag-chiesa-cattolica","tag-ecumenismo"],"_links":{"self":[{"href":"https:\/\/www.carlofrancio.net\/index.php?rest_route=\/wp\/v2\/posts\/4604","targetHints":{"allow":["GET"]}}],"collection":[{"href":"https:\/\/www.carlofrancio.net\/index.php?rest_route=\/wp\/v2\/posts"}],"about":[{"href":"https:\/\/www.carlofrancio.net\/index.php?rest_route=\/wp\/v2\/types\/post"}],"author":[{"embeddable":true,"href":"https:\/\/www.carlofrancio.net\/index.php?rest_route=\/wp\/v2\/users\/2"}],"replies":[{"embeddable":true,"href":"https:\/\/www.carlofrancio.net\/index.php?rest_route=%2Fwp%2Fv2%2Fcomments&post=4604"}],"version-history":[{"count":2,"href":"https:\/\/www.carlofrancio.net\/index.php?rest_route=\/wp\/v2\/posts\/4604\/revisions"}],"predecessor-version":[{"id":7461,"href":"https:\/\/www.carlofrancio.net\/index.php?rest_route=\/wp\/v2\/posts\/4604\/revisions\/7461"}],"wp:attachment":[{"href":"https:\/\/www.carlofrancio.net\/index.php?rest_route=%2Fwp%2Fv2%2Fmedia&parent=4604"}],"wp:term":[{"taxonomy":"category","embeddable":true,"href":"https:\/\/www.carlofrancio.net\/index.php?rest_route=%2Fwp%2Fv2%2Fcategories&post=4604"},{"taxonomy":"post_tag","embeddable":true,"href":"https:\/\/www.carlofrancio.net\/index.php?rest_route=%2Fwp%2Fv2%2Ftags&post=4604"}],"curies":[{"name":"wp","href":"https:\/\/api.w.org\/{rel}","templated":true}]}}