{"id":4601,"date":"2010-03-01T18:19:10","date_gmt":"2010-03-01T17:19:10","guid":{"rendered":"https:\/\/www.carlofrancio.net\/blog\/?p=4601"},"modified":"2010-03-01T18:19:10","modified_gmt":"2010-03-01T17:19:10","slug":"concilio-ecumenico-vaticano-ii-evangelizzazione-e-promozione-umana-solo-per-i-bianchi-solo-per-i-cattolici-%c2%abper-tutti-gli-uomini-di-tutti-i-tempi%c2%bb","status":"publish","type":"post","link":"https:\/\/www.carlofrancio.net\/?p=4601","title":{"rendered":"Concilio Ecumenico Vaticano II &#8211; Evangelizzazione e Promozione Umana &#8211; Solo per i bianchi ? Solo per i Cattolici ? &#8230; &#8211; \u00abPer TUTTI GLI UOMINI di tutti i tempi!\u00bb"},"content":{"rendered":"<p>\u00a0\u00a0<a href=\"https:\/\/www.carlofrancio.net\/blog\/wp-content\/uploads\/2010\/03\/Sciopero-degli-stranieri.jpg\"><img loading=\"lazy\" decoding=\"async\" class=\"alignleft size-full wp-image-4602\" title=\"Sciopero degli stranieri\" src=\"https:\/\/www.carlofrancio.net\/blog\/wp-content\/uploads\/2010\/03\/Sciopero-degli-stranieri.jpg\" alt=\"\" width=\"353\" height=\"486\" \/><\/a><\/p>\n<h3>Il centro <em>Senza Frontiere<\/em> aderisce allo sciopero degli stranieri.<\/h3>\n<h4>Stranieri non tanto dal punto di vista anagrafico, ma perch\u00e9 estranei al clima di razzismo che avvelena l&#8217;Italia del presente. Autoctoni e immigrati, uniti nella stessa battaglia di civilt\u00e0.<\/h4>\n<h3>24 ore senza di noi<\/h3>\n<p><strong>Cosa succederebbe se i quattro milioni e mezzo di immigrati che vivono in Italia decidessero di incrociare le braccia per un giorno? E se a sostenere la loro azione ci fossero anche i milioni di italiani stanchi del razzismo? <\/strong><\/p>\n<p><strong>Primo marzo 2010<\/strong> si propone di organizzare una grande manifestazione non violenta per far capire all&#8217;opinione pubblica italiana quanto sia determinante l&#8217;apporto dei migranti alla tenuta e al funzionamento della nostra societ\u00e0.<br \/>\nQuesto movimento nasce meticcio ed \u00e8 orgoglioso di riunire al proprio interno italiani, stranieri, seconde generazioni, e chiunque condivida il rifiuto del razzismo e delle discriminazioni verso i pi\u00f9 deboli. Si collega e si ispira <a href=\"mhtml:{2E5F4BE7-AFEC-4311-9FAD-51C681716C4F}mid:\/\/00000043\/!x-usc:http:\/\/www.lajourneesansimmigres.org\/fr\/\">La journ\u00e9e sans immigr\u00e9s: 24h sans nou<\/a>, il movimento che in Francia sta organizzando uno sciopero degli immigrati per il 1 marzo 2010.<\/p>\n<p><!--more--><\/p>\n<p>Il <strong>colore di riferimento<\/strong> di Primo marzo 2010 \u00e8 <strong>il giallo<\/strong>. Lo abbiamo scelto perch\u00e9 \u00e8 considerato il colore del cambiamento e per la sua neutralit\u00e0 politica: il giallo non rimanda infatti ad alcuno schieramento in particolare.<br \/>\nVi invitiamo, quindi, a usare un braccialettino o un nastrino giallo come segno di riconoscimento.<\/p>\n<p>A\u00a0Messina appuntamento ore 18 a piazza Cairoli.<\/p>\n<p>Per ulteriori informazioni sull&#8217;iniziativa andate sul sito: <a href=\"mhtml:{2E5F4BE7-AFEC-4311-9FAD-51C681716C4F}mid:\/\/00000043\/!x-usc:http:\/\/primomarzo2010.blogspot.com\/\" target=\"_blank\">http:\/\/primomarzo2010.blogspot.com\/<\/a><\/p>\n","protected":false},"excerpt":{"rendered":"<p>\u00a0\u00a0 Il centro Senza Frontiere aderisce allo sciopero degli stranieri. Stranieri non tanto dal punto di vista anagrafico, ma perch\u00e9 estranei al clima di razzismo che avvelena l&#8217;Italia del presente. &hellip; <\/p>\n","protected":false},"author":2,"featured_media":0,"comment_status":"open","ping_status":"open","sticky":false,"template":"","format":"standard","meta":{"footnotes":""},"categories":[88],"tags":[426,434,431,52],"class_list":["post-4601","post","type-post","status-publish","format-standard","hentry","category-senza-frontiere","tag-cultura","tag-promozione-umana","tag-sociale","tag-volontariato"],"_links":{"self":[{"href":"https:\/\/www.carlofrancio.net\/index.php?rest_route=\/wp\/v2\/posts\/4601","targetHints":{"allow":["GET"]}}],"collection":[{"href":"https:\/\/www.carlofrancio.net\/index.php?rest_route=\/wp\/v2\/posts"}],"about":[{"href":"https:\/\/www.carlofrancio.net\/index.php?rest_route=\/wp\/v2\/types\/post"}],"author":[{"embeddable":true,"href":"https:\/\/www.carlofrancio.net\/index.php?rest_route=\/wp\/v2\/users\/2"}],"replies":[{"embeddable":true,"href":"https:\/\/www.carlofrancio.net\/index.php?rest_route=%2Fwp%2Fv2%2Fcomments&post=4601"}],"version-history":[{"count":0,"href":"https:\/\/www.carlofrancio.net\/index.php?rest_route=\/wp\/v2\/posts\/4601\/revisions"}],"wp:attachment":[{"href":"https:\/\/www.carlofrancio.net\/index.php?rest_route=%2Fwp%2Fv2%2Fmedia&parent=4601"}],"wp:term":[{"taxonomy":"category","embeddable":true,"href":"https:\/\/www.carlofrancio.net\/index.php?rest_route=%2Fwp%2Fv2%2Fcategories&post=4601"},{"taxonomy":"post_tag","embeddable":true,"href":"https:\/\/www.carlofrancio.net\/index.php?rest_route=%2Fwp%2Fv2%2Ftags&post=4601"}],"curies":[{"name":"wp","href":"https:\/\/api.w.org\/{rel}","templated":true}]}}