{"id":4339,"date":"2010-01-20T07:48:39","date_gmt":"2010-01-20T06:48:39","guid":{"rendered":"https:\/\/www.carlofrancio.net\/blog\/?p=4339"},"modified":"2010-01-20T07:48:39","modified_gmt":"2010-01-20T06:48:39","slug":"iniziato-nella-chiesa-madonna-della-mercede-lottavario-di-preghiera-per-lunita-dei-cristiani","status":"publish","type":"post","link":"https:\/\/www.carlofrancio.net\/?p=4339","title":{"rendered":"Iniziato nella Chiesa Madonna della Mercede &#8211; L&#039;ottavario di preghiera per l&#039;Unit\u00e0 dei cristiani"},"content":{"rendered":"<p><a href=\"https:\/\/www.carlofrancio.net\/blog\/wp-content\/uploads\/2010\/01\/IMG_0656-1.jpg\"><img loading=\"lazy\" decoding=\"async\" class=\"alignleft size-thumbnail wp-image-4344\" title=\"IMG_0656-1\" src=\"https:\/\/www.carlofrancio.net\/blog\/wp-content\/uploads\/2010\/01\/IMG_0656-1-150x150.jpg\" alt=\"\" width=\"150\" height=\"150\" \/><\/a><a href=\"https:\/\/www.carlofrancio.net\/blog\/wp-content\/uploads\/2010\/01\/IMG_0655-1.jpg\"><img loading=\"lazy\" decoding=\"async\" class=\"alignleft size-thumbnail wp-image-4340\" title=\"IMG_0655-1\" src=\"https:\/\/www.carlofrancio.net\/blog\/wp-content\/uploads\/2010\/01\/IMG_0655-1-150x150.jpg\" alt=\"\" width=\"150\" height=\"150\" \/><\/a><a href=\"https:\/\/www.carlofrancio.net\/blog\/wp-content\/uploads\/2010\/01\/IMG_0654-1.jpg\"><img loading=\"lazy\" decoding=\"async\" class=\"alignright size-thumbnail wp-image-4341\" title=\"IMG_0654-1\" src=\"https:\/\/www.carlofrancio.net\/blog\/wp-content\/uploads\/2010\/01\/IMG_0654-1-150x150.jpg\" alt=\"\" width=\"150\" height=\"150\" \/><\/a>Luned\u00ec 18 Gennaio 2010, nella\u00a0Chiesa dedicata alla\u00a0Madonna della Mercede e a San Valentino, si sono riuniti nella preghiera ecumenica un nucleo di cristiani di buona volont\u00e0<\/p>\n<p><a href=\"https:\/\/www.carlofrancio.net\/blog\/wp-content\/uploads\/2010\/01\/180120102697-1.jpg\"><img loading=\"lazy\" decoding=\"async\" class=\"alignleft size-medium wp-image-4342\" title=\"180120102697-1\" src=\"https:\/\/www.carlofrancio.net\/blog\/wp-content\/uploads\/2010\/01\/180120102697-1-300x225.jpg\" alt=\"\" width=\"240\" height=\"180\" \/><\/a>Evento centrale \u00e8 stata la celebrazione della Parola con la lettura del capitolo 24 del Vangelo di Luca. Questo capitolo\u00a0ha in s\u00e8 la valenza del nostro Credo o simbolo degli Apostoli.<\/p>\n<p><a href=\"https:\/\/www.carlofrancio.net\/blog\/wp-content\/uploads\/2010\/01\/IMG_0658-1.jpg\"><img loading=\"lazy\" decoding=\"async\" class=\"alignright size-medium wp-image-4346\" title=\"IMG_0658-1\" src=\"https:\/\/www.carlofrancio.net\/blog\/wp-content\/uploads\/2010\/01\/IMG_0658-1-300x225.jpg\" alt=\"\" width=\"240\" height=\"180\" \/><\/a>Le meditazioni seguenti ci hanno fatto gustare il fatto pi\u00f9 misterioso ed esaltante della nostra fede, il nocciolo che la caratterizza: &#8220;La Resurrezione&#8221;. I padri della Chiesa ci richiamano alla grandezza della Creazione ma sottolineano che ancor pi\u00f9 grande \u00e8 il Mistero della Redenzione. Uomini di tutti i tempi in cammino per Emmaus. Donne che vedono il sepolcro vuoto e per prime capiscono che il Signore \u00e8 risorto. Giovani che arrivano per primi al Sepolcro e aspettano l&#8217;anziano, il pi\u00f9 attrezzato, quello sulle cui spalle \u00e8 stato posto un grande peso di unit\u00e0,\u00a0quello che aveva riconosciuto &#8220;Il Signore&#8221;.<a href=\"https:\/\/www.carlofrancio.net\/blog\/wp-content\/uploads\/2010\/01\/IMG_0660-1.jpg\"><img loading=\"lazy\" decoding=\"async\" class=\"alignright size-medium wp-image-4347\" title=\"IMG_0660-1\" src=\"https:\/\/www.carlofrancio.net\/blog\/wp-content\/uploads\/2010\/01\/IMG_0660-1-300x225.jpg\" alt=\"\" width=\"240\" height=\"180\" \/><\/a> Sono cento anni che \u00e8 iniziato questo cammino di unit\u00e0. Nei tempi della comunicazione ultra veloce speriamo ne bastino molti di meno per portarla a termine.<\/p>\n<p>Carmelo Labate legge &#8220;Luca,24&#8221;<\/p>\n<p>[mp3]https:\/\/www.carlofrancio.net\/blog\/wp-content\/uploads\/2010\/01\/vangeloluca.mp3[\/mp3]<\/p>\n","protected":false},"excerpt":{"rendered":"<p>Luned\u00ec 18 Gennaio 2010, nella\u00a0Chiesa dedicata alla\u00a0Madonna della Mercede e a San Valentino, si sono riuniti nella preghiera ecumenica un nucleo di cristiani di buona volont\u00e0 Evento centrale \u00e8 stata &hellip; <\/p>\n","protected":false},"author":2,"featured_media":0,"comment_status":"open","ping_status":"open","sticky":false,"template":"","format":"standard","meta":{"footnotes":""},"categories":[84,65,56],"tags":[425,427,32,50],"class_list":["post-4339","post","type-post","status-publish","format-standard","hentry","category-chiesa-della-mercede","category-comunita-di-s-egidio","category-servizi-attivita-ecumeniche","tag-chiesa_cattolica","tag-chiesa-ortodossa","tag-ecumenismo","tag-vaticano-ii"],"_links":{"self":[{"href":"https:\/\/www.carlofrancio.net\/index.php?rest_route=\/wp\/v2\/posts\/4339","targetHints":{"allow":["GET"]}}],"collection":[{"href":"https:\/\/www.carlofrancio.net\/index.php?rest_route=\/wp\/v2\/posts"}],"about":[{"href":"https:\/\/www.carlofrancio.net\/index.php?rest_route=\/wp\/v2\/types\/post"}],"author":[{"embeddable":true,"href":"https:\/\/www.carlofrancio.net\/index.php?rest_route=\/wp\/v2\/users\/2"}],"replies":[{"embeddable":true,"href":"https:\/\/www.carlofrancio.net\/index.php?rest_route=%2Fwp%2Fv2%2Fcomments&post=4339"}],"version-history":[{"count":0,"href":"https:\/\/www.carlofrancio.net\/index.php?rest_route=\/wp\/v2\/posts\/4339\/revisions"}],"wp:attachment":[{"href":"https:\/\/www.carlofrancio.net\/index.php?rest_route=%2Fwp%2Fv2%2Fmedia&parent=4339"}],"wp:term":[{"taxonomy":"category","embeddable":true,"href":"https:\/\/www.carlofrancio.net\/index.php?rest_route=%2Fwp%2Fv2%2Fcategories&post=4339"},{"taxonomy":"post_tag","embeddable":true,"href":"https:\/\/www.carlofrancio.net\/index.php?rest_route=%2Fwp%2Fv2%2Ftags&post=4339"}],"curies":[{"name":"wp","href":"https:\/\/api.w.org\/{rel}","templated":true}]}}