{"id":4196,"date":"2010-01-02T17:48:31","date_gmt":"2010-01-02T16:48:31","guid":{"rendered":"https:\/\/www.carlofrancio.net\/blog\/?p=4196"},"modified":"2010-01-02T17:48:31","modified_gmt":"2010-01-02T16:48:31","slug":"%c2%abpace-in-tutte-le-terre%c2%bb-la-comunita-di-santegidio-promotrice-e-capofila-di-gruppi-e-associazioni-di-una-civile-messina-che-ripudia-le-guerre-tutte-le-guerre","status":"publish","type":"post","link":"https:\/\/www.carlofrancio.net\/?p=4196","title":{"rendered":"\u00abPACE IN TUTTE LE TERRE\u00bb &#8211; La Comunit\u00e0 di Sant&#039;Egidio promotrice e capofila di Gruppi e Associazioni di una Civile Messina che &quot;Ripudia le guerre, tutte le Guerre!&quot;"},"content":{"rendered":"<p><a href=\"https:\/\/www.carlofrancio.net\/blog\/wp-content\/uploads\/2010\/01\/IMG_0576.jpg\"><img loading=\"lazy\" decoding=\"async\" class=\"size-medium wp-image-4204 alignleft\" title=\"IMG_0576\" src=\"https:\/\/www.carlofrancio.net\/blog\/wp-content\/uploads\/2010\/01\/IMG_0576-300x225.jpg\" alt=\"\" width=\"300\" height=\"225\" \/><\/a><a href=\"https:\/\/www.carlofrancio.net\/blog\/wp-content\/uploads\/2009\/12\/Pace_in_tutte_le_terre-2010-BLOG.bmp\"><img loading=\"lazy\" decoding=\"async\" class=\"size-full wp-image-4117 alignright\" title=\"Pace_in_tutte_le_terre-2010-BLOG\" src=\"https:\/\/www.carlofrancio.net\/blog\/wp-content\/uploads\/2009\/12\/Pace_in_tutte_le_terre-2010-BLOG.bmp\" alt=\"\" width=\"172\" height=\"216\" \/><\/a>In una semifredda serata, nello spiazzo antistante Piazza Cairoli, prende lentamente corpo\u00a0un movimento di persone. Giovani, anziani, bimbi, laici, religiosi, monaci\u00a0ortodossi, presidenti e singoli aderenti di varie\u00a0associazioni messinesi insieme ai rappresentanti delle Comunit\u00e0,\u00a0provenienti da tanti paesi di tutto il Mondo, che vivono nel\u00a0territorio messinese. <a href=\"https:\/\/www.carlofrancio.net\/blog\/wp-content\/uploads\/2010\/01\/IMG_0582.jpg\"><img loading=\"lazy\" decoding=\"async\" class=\"alignleft size-medium wp-image-4206\" title=\"IMG_0582\" src=\"https:\/\/www.carlofrancio.net\/blog\/wp-content\/uploads\/2010\/01\/IMG_0582-300x225.jpg\" alt=\"\" width=\"300\" height=\"225\" \/><\/a>E&#8217; con questo richiamo a tutti i continenti che il primo Oratore, con stile sobrio, facendo risuonare le Parole del Papa Benedetto XVI,\u00a0elenca le manifestazioni di cui si \u00e8 fatta alfiere\u00a0la Comunit\u00e0 di Sant&#8217;Egidio . <a href=\"https:\/\/www.carlofrancio.net\/blog\/wp-content\/uploads\/2010\/01\/IMG_0583.jpg\"><img loading=\"lazy\" decoding=\"async\" class=\"alignright size-medium wp-image-4207\" title=\"IMG_0583\" src=\"https:\/\/www.carlofrancio.net\/blog\/wp-content\/uploads\/2010\/01\/IMG_0583-300x225.jpg\" alt=\"\" width=\"300\" height=\"225\" \/><\/a>(Con il papa\u00a0a Roma nel 2009 erano oltre 15.000 i partecipanti\u00a0alla Marcia per la Pace).<\/p>\n<p>Molto pi\u00f9 contenuti i nostri numeri, ma la qualit\u00e0 \u00e8 invariata. I cartelli delle varie nazioni, vogliono evidenziare la grande famiglia formata da tutti i Popoli della Terra. <a href=\"https:\/\/www.carlofrancio.net\/blog\/wp-content\/uploads\/2010\/01\/IMG_0593.jpg\"><img loading=\"lazy\" decoding=\"async\" class=\"alignleft size-thumbnail wp-image-4208\" title=\"IMG_0593\" src=\"https:\/\/www.carlofrancio.net\/blog\/wp-content\/uploads\/2010\/01\/IMG_0593-150x150.jpg\" alt=\"\" width=\"150\" height=\"150\" \/><\/a><a href=\"https:\/\/www.carlofrancio.net\/blog\/wp-content\/uploads\/2010\/01\/IMG_0601.jpg\"><img loading=\"lazy\" decoding=\"async\" class=\"alignright size-thumbnail wp-image-4209\" title=\"IMG_0601\" src=\"https:\/\/www.carlofrancio.net\/blog\/wp-content\/uploads\/2010\/01\/IMG_0601-150x150.jpg\" alt=\"\" width=\"150\" height=\"150\" \/><\/a>Iniziata la marcia sul Viale S.martino a salire fino alla Chiesa S. Nicol\u00f2 all&#8217;Arcivescovado dove i partecipanti sono stati accolti dal parroco mons. Tonino Schifilliti. Una Chiesa ritornata a splendere, con un articolato altorilievo che fa da sfondo all&#8217;altare.<\/p>\n<figure id=\"attachment_4212\" aria-describedby=\"caption-attachment-4212\" style=\"width: 300px\" class=\"wp-caption alignleft\"><a href=\"https:\/\/www.carlofrancio.net\/blog\/wp-content\/uploads\/2010\/01\/IMG_0608.jpg\"><img loading=\"lazy\" decoding=\"async\" class=\"size-medium wp-image-4212\" title=\"IMG_0608\" src=\"https:\/\/www.carlofrancio.net\/blog\/wp-content\/uploads\/2010\/01\/IMG_0608-300x225.jpg\" alt=\"\" width=\"300\" height=\"225\" \/><\/a><figcaption id=\"caption-attachment-4212\" class=\"wp-caption-text\">Padre Alessio -Ieromonaco ortodosso<\/figcaption><\/figure>\n<p><a href=\"https:\/\/www.carlofrancio.net\/blog\/wp-content\/uploads\/2010\/01\/IMG_0602.jpg\"><img loading=\"lazy\" decoding=\"async\" class=\"alignright size-thumbnail wp-image-4210\" title=\"IMG_0602\" src=\"https:\/\/www.carlofrancio.net\/blog\/wp-content\/uploads\/2010\/01\/IMG_0602-150x150.jpg\" alt=\"\" width=\"150\" height=\"150\" \/><\/a><a href=\"https:\/\/www.carlofrancio.net\/blog\/wp-content\/uploads\/2010\/01\/IMG_0603.jpg\"><img loading=\"lazy\" decoding=\"async\" class=\"alignright size-thumbnail wp-image-4211\" title=\"IMG_0603\" src=\"https:\/\/www.carlofrancio.net\/blog\/wp-content\/uploads\/2010\/01\/IMG_0603-150x150.jpg\" alt=\"\" width=\"150\" height=\"150\" \/><\/a>Vari e suggestivi i momenti che hanno voluto ricordare tutte le vittime della guerra e del terrorismo. Canti, preghiera del Salmo 121, lettura del Vangelo dei Poveri. Preghiere di Intercessione e di Invocazione. P. Padre nostro. Lettura dell&#8217;appello della pace. Silenzio. Accensione delle candele in memoria dei poveri di tutto il mondo. Abbraccio, canto finale intonato dai tanti Bimbi e firma del documento, hanno suggellato un&#8217;altra pagina di partecipazione e solidariet\u00e0.<\/p>\n<p style=\"text-align: left;\">[flv:https:\/\/www.carlofrancio.net\/blog\/wp-content\/uploads\/2010\/01\/IMG_0609.flv 320 240]<\/p>\n","protected":false},"excerpt":{"rendered":"<p>In una semifredda serata, nello spiazzo antistante Piazza Cairoli, prende lentamente corpo\u00a0un movimento di persone. Giovani, anziani, bimbi, laici, religiosi, monaci\u00a0ortodossi, presidenti e singoli aderenti di varie\u00a0associazioni messinesi insieme ai &hellip; <\/p>\n","protected":false},"author":2,"featured_media":0,"comment_status":"open","ping_status":"open","sticky":false,"template":"","format":"standard","meta":{"footnotes":""},"categories":[6,65,83],"tags":[425,426,434,431,52],"class_list":["post-4196","post","type-post","status-publish","format-standard","hentry","category-chiesa_cattolica","category-comunita-di-s-egidio","category-chiesa-s-nicolo-allarcivescovado","tag-chiesa_cattolica","tag-cultura","tag-promozione-umana","tag-sociale","tag-volontariato"],"_links":{"self":[{"href":"https:\/\/www.carlofrancio.net\/index.php?rest_route=\/wp\/v2\/posts\/4196","targetHints":{"allow":["GET"]}}],"collection":[{"href":"https:\/\/www.carlofrancio.net\/index.php?rest_route=\/wp\/v2\/posts"}],"about":[{"href":"https:\/\/www.carlofrancio.net\/index.php?rest_route=\/wp\/v2\/types\/post"}],"author":[{"embeddable":true,"href":"https:\/\/www.carlofrancio.net\/index.php?rest_route=\/wp\/v2\/users\/2"}],"replies":[{"embeddable":true,"href":"https:\/\/www.carlofrancio.net\/index.php?rest_route=%2Fwp%2Fv2%2Fcomments&post=4196"}],"version-history":[{"count":0,"href":"https:\/\/www.carlofrancio.net\/index.php?rest_route=\/wp\/v2\/posts\/4196\/revisions"}],"wp:attachment":[{"href":"https:\/\/www.carlofrancio.net\/index.php?rest_route=%2Fwp%2Fv2%2Fmedia&parent=4196"}],"wp:term":[{"taxonomy":"category","embeddable":true,"href":"https:\/\/www.carlofrancio.net\/index.php?rest_route=%2Fwp%2Fv2%2Fcategories&post=4196"},{"taxonomy":"post_tag","embeddable":true,"href":"https:\/\/www.carlofrancio.net\/index.php?rest_route=%2Fwp%2Fv2%2Ftags&post=4196"}],"curies":[{"name":"wp","href":"https:\/\/api.w.org\/{rel}","templated":true}]}}