{"id":4127,"date":"2009-12-31T14:50:41","date_gmt":"2009-12-31T13:50:41","guid":{"rendered":"https:\/\/www.carlofrancio.net\/blog\/?p=4127"},"modified":"2011-11-14T15:37:31","modified_gmt":"2011-11-14T15:37:31","slug":"%c2%abcircolarita-tra-vita-e-lavoro-rosaria-lucia-natoli%c2%bb-a-lei-dedicato-il-centro-di-prima-accoglienza","status":"publish","type":"post","link":"https:\/\/www.carlofrancio.net\/?p=4127","title":{"rendered":"Messina &#8211; \u00abCircolarit\u00e0 tra vita e lavoro-Rosaria Lucia Natoli \u00bb &#8211; A lei dedicato il &quot;Centro di Prima Accoglienza&quot; &#8211;"},"content":{"rendered":"<p><a href=\"https:\/\/www.carlofrancio.net\/blog\/wp-content\/uploads\/2009\/12\/IMG_0556.jpg\"><img loading=\"lazy\" decoding=\"async\" class=\"alignleft size-medium wp-image-4144\" title=\"IMG_0556\" src=\"https:\/\/www.carlofrancio.net\/blog\/wp-content\/uploads\/2009\/12\/IMG_0556-300x225.jpg\" alt=\"\" width=\"270\" height=\"203\" \/><\/a><\/p>\n<p><span style=\"color: #800080;\"><strong><a href=\"https:\/\/www.carlofrancio.net\/blog\/wp-content\/uploads\/2009\/12\/291220092660.jpg\"><img loading=\"lazy\" decoding=\"async\" class=\"alignright size-medium wp-image-4128\" title=\"291220092660\" src=\"https:\/\/www.carlofrancio.net\/blog\/wp-content\/uploads\/2009\/12\/291220092660-300x225.jpg\" alt=\"\" width=\"270\" height=\"203\" \/><\/a>Marted\u00ec 29 Dicembre 2009 alle ore 12.00,<\/strong> <\/span>con una semplice cerimonia, preceduta da una breve commemorazione caratterizzata\u00a0da qualificati e partecipati\u00a0interventi, \u00e8 stata scoperta la <span style=\"color: #0000ff;\"><strong>Targa <\/strong><\/span>che titola, il <strong><span style=\"color: #333399;\">Centro di Prima Accoglienza<\/span><\/strong>, alla memoria della Dott.ssa &#8220;<strong><span style=\"color: #0000ff;\">Rosaria Lucia Natoli<\/span><\/strong>&#8220;.<\/p>\n<p><a href=\"https:\/\/www.carlofrancio.net\/blog\/wp-content\/uploads\/2009\/12\/IMG_0537.jpg\"><img loading=\"lazy\" decoding=\"async\" class=\"alignright size-thumbnail wp-image-4131\" title=\"IMG_0537\" src=\"https:\/\/www.carlofrancio.net\/blog\/wp-content\/uploads\/2009\/12\/IMG_0537-150x150.jpg\" alt=\"\" width=\"150\" height=\"150\" \/><\/a><a href=\"https:\/\/www.carlofrancio.net\/blog\/wp-content\/uploads\/2009\/12\/IMG_0538.jpg\"><img loading=\"lazy\" decoding=\"async\" class=\"alignleft size-thumbnail wp-image-4130\" title=\"IMG_0538\" src=\"https:\/\/www.carlofrancio.net\/blog\/wp-content\/uploads\/2009\/12\/IMG_0538-150x150.jpg\" alt=\"\" width=\"150\" height=\"150\" \/><\/a>Introdotto dalla direttrice dell&#8217;Ufficio\u00a0di\u00a0Servizio Sociale\u00a0dott.ssa <strong><span style=\"color: #333399;\">Maria Palella<\/span><\/strong>,\u00a0\u00e8 \u00a0intervenuto il dirigente Centro Giustizia Minorile Sicilia dott. <span style=\"color: #333399;\"><strong>Michele Di Martino, <\/strong>che\u00a0ha reso omaggio alla splendida figura\u00a0di\u00a0<strong><span style=\"color: #0000ff;\">&#8220;Lucia<\/span><\/strong>&#8220;,\u00a0che ha saputo trasfondere nel suo difficile lavoro oltre la notevole competenza professionale le sue grandi doti di umanit\u00e0.\u00a0<\/span><\/p>\n<p><span style=\"color: #333399;\">La stessa Direttrice Palella ha poi letto, non senza emozione,\u00a0la lettera indirizzata agli astanti, dalla figlia <strong>Valeria<\/strong>. &#8220;Un quadro di vita familiare ove ogni com<span style=\"color: #333399;\"><a href=\"https:\/\/www.carlofrancio.net\/blog\/wp-content\/uploads\/2009\/12\/IMG_0539.jpg\"><img loading=\"lazy\" decoding=\"async\" class=\"alignleft size-thumbnail wp-image-4132\" title=\"IMG_0539\" src=\"https:\/\/www.carlofrancio.net\/blog\/wp-content\/uploads\/2009\/12\/IMG_0539-150x150.jpg\" alt=\"\" width=\"150\" height=\"150\" \/><\/a><\/span>ponente: figlia Valeria, mamma Lucia e pap\u00e0 Matteo hanno saputo mettere\u00a0<\/span><span style=\"color: #333399;\">insieme la ricchezza delle loro conoscenze (<span style=\"color: #008000;\">pap\u00e0 sindacalista, la mamma al &#8216;Ministero<\/span>, &#8220;<span style=\"color: #008000;\">formavano una coppia complementare, piena di fiducia e lealt\u00e0&#8221;<\/span>),\u00a0per un libero e approfondito dialogo senza sdolcinature e compromessi. E&#8217; dura la vita,\u00a0in questa Messina che sembra una Sfinge, per chi vuol dare il suo contributo alla crescita di questa citt\u00e0 e invece vede\u00a0sempre pi\u00f9 restringersi\u00a0gli spazi di democratico confronto. Ma la fierezza,\u00a0tipico attributo\u00a0delle donne siciliane e messinesi in particolare, prende il sopravvento. E con una &#8216;Proposizione condivisa da tutta la famiglia,\u00a0si decide di\u00a0continuare lungo il sentiero difficile del riscatto di questa amata terra.<\/span><\/p>\n<p><span style=\"color: #333399;\"><a href=\"https:\/\/www.carlofrancio.net\/blog\/wp-content\/uploads\/2009\/12\/IMG_0543.jpg\"><img loading=\"lazy\" decoding=\"async\" class=\"alignleft size-thumbnail wp-image-4136\" title=\"IMG_0543\" src=\"https:\/\/www.carlofrancio.net\/blog\/wp-content\/uploads\/2009\/12\/IMG_0543-150x150.jpg\" alt=\"\" width=\"150\" height=\"150\" \/><\/a><a href=\"https:\/\/www.carlofrancio.net\/blog\/wp-content\/uploads\/2009\/12\/IMG_0541.jpg\"><img loading=\"lazy\" decoding=\"async\" class=\"alignright size-thumbnail wp-image-4133\" title=\"IMG_0541\" src=\"https:\/\/www.carlofrancio.net\/blog\/wp-content\/uploads\/2009\/12\/IMG_0541-150x150.jpg\" alt=\"\" width=\"150\" height=\"150\" \/><\/a>Presenti alla cerimonia le due <strong>sorelle, <\/strong>un <strong>nipote<\/strong> ed il <strong>fratello<\/strong> prof.re <strong>Salvatore Natoli<\/strong>,\u00a0<\/span><span style=\"color: #333399;\">che ha tratteggiato la figura della sorella <span style=\"color: #0000ff;\"><strong>Lucia<\/strong><\/span>, rivelando l&#8217;intreccio molto stretto tra la sua vita familiare e la vita professionale, coniando cos\u00ec quel termine di circolarit\u00e0 tra la vita e il lavoro, che abbiamo voluto evidenziare nel titolo. <strong><span style=\"color: #0000ff;\">Lucia Natoli<\/span><\/strong> era impegnata in tantissimi campi; dalla sociologia alla psicologia: operatrice,\u00a0scrittrice, volontaria&#8230; &#8220;<span style=\"color: #000080;\">Ma tutto ci\u00f2 che faceva nella vita professionale diventava un arricchimento personale<\/span>&#8220;.<\/span><\/p>\n<p><span style=\"color: #333399;\"><a href=\"https:\/\/www.carlofrancio.net\/blog\/wp-content\/uploads\/2009\/12\/IMG_0542.jpg\"><img loading=\"lazy\" decoding=\"async\" class=\"alignleft size-thumbnail wp-image-4134\" title=\"IMG_0542\" src=\"https:\/\/www.carlofrancio.net\/blog\/wp-content\/uploads\/2009\/12\/IMG_0542-150x150.jpg\" alt=\"\" width=\"135\" height=\"135\" \/><\/a>Commovente il ricordo di una sua cara amica ginecologa con la quale ha condiviso tanta parte della sua vita e tanti progetti\u00a0 comuni, dal primo consultorio a Santa Lucia sopra Contesse alla scrittura di libri&#8230; Molto bella la poesia dedicatale -&#8220;Parlarsi oltre la vita&#8221; che termina con parole di fiducia.<\/span><\/p>\n<p><span style=\"color: #333399;\"><a href=\"https:\/\/www.carlofrancio.net\/blog\/wp-content\/uploads\/2009\/12\/IMG_0544.jpg\"><img loading=\"lazy\" decoding=\"async\" class=\"alignright size-thumbnail wp-image-4137\" title=\"IMG_0544\" src=\"https:\/\/www.carlofrancio.net\/blog\/wp-content\/uploads\/2009\/12\/IMG_0544-150x150.jpg\" alt=\"\" width=\"150\" height=\"150\" \/><\/a>Un omaggio visivo-Filmato di un convegno sulla giustizia minorile- \u00e8 stato fatto dall&#8217;avv. Centorrino ai familiari presenti.<\/span><\/p>\n<p><span style=\"color: #333399;\"><a href=\"https:\/\/www.carlofrancio.net\/blog\/wp-content\/uploads\/2009\/12\/IMG_0546.jpg\"><img loading=\"lazy\" decoding=\"async\" class=\"alignleft size-thumbnail wp-image-4138\" title=\"IMG_0546\" src=\"https:\/\/www.carlofrancio.net\/blog\/wp-content\/uploads\/2009\/12\/IMG_0546-150x150.jpg\" alt=\"\" width=\"135\" height=\"135\" \/><\/a><a href=\"https:\/\/www.carlofrancio.net\/blog\/wp-content\/uploads\/2009\/12\/IMG_0550.jpg\"><img loading=\"lazy\" decoding=\"async\" class=\"alignright size-thumbnail wp-image-4140\" title=\"IMG_0550\" src=\"https:\/\/www.carlofrancio.net\/blog\/wp-content\/uploads\/2009\/12\/IMG_0550-150x150.jpg\" alt=\"\" width=\"150\" height=\"150\" \/><\/a>E&#8217; seguita cos\u00ec la parte finale, quando nell&#8217;atrio d&#8217;ingresso, il Dott. Di Martino\u00a0ha svelato la Targa posta all&#8217;ingresso del CPA. Si tratta di locali ristrutturati\u00a0formanti un piccolo ma completo appartamento, sobrio e allo stesso tempo colorato, capace di accogliere adeguatamente i minori, cos\u00ec come lo vuole\u00a0preannunciare e testimoniare \u00a0il nome inciso nella targa quello della dott.ssa &#8220;<strong><span style=\"color: #0000ff;\">Rosaria Lucia Natoli&#8221;. <\/span><\/strong><\/span><\/p>\n<p><span style=\"color: #333399;\">Molto senti<span style=\"color: #333399;\"><a href=\"https:\/\/www.carlofrancio.net\/blog\/wp-content\/uploads\/2009\/12\/IMG_0551.jpg\"><img loading=\"lazy\" decoding=\"async\" class=\"alignleft size-medium wp-image-4141\" title=\"IMG_0551\" src=\"https:\/\/www.carlofrancio.net\/blog\/wp-content\/uploads\/2009\/12\/IMG_0551-300x225.jpg\" alt=\"\" width=\"240\" height=\"180\" \/><\/a><\/span>to il senso di appartenenza al territorio e l&#8217;idea vincente di una <strong>Rete di Servizi Territoriali. <\/strong>Da questo convincimento nasce\u00a0la sua partecipazione, nel territorio emarginato del VILLAGGIO ALDISIO, \u00a0al <strong>G.O.Z<\/strong>.. Gruppo Operativo di Zona (progetto &#8220;Comunit\u00e0 e Diritti&#8221;).<\/span><\/p>\n<p><span style=\"color: #333399;\">E&#8217; stato un gesto esemplare condiviso da tutte le componenti giudiziarie , sociali e del volontariato, un intervento riuscito che merita il plauso per le Istituzioni che se sono fatte carico.<\/span><\/p>\n<p><span style=\"color: #333399;\">Cosa sono i CENTRI di PRIMA ACCOGLIENZA (CPA)<\/span><\/p>\n<p><span style=\"color: #333399;\"><!--more--><\/span><\/p>\n<p><span style=\"color: #333399;\">\u00a0<\/span>I <strong>Centri di Prima Accoglienza (CPA)<\/strong> ospitano i minorenni in stato di arresto, fermo o accompagnamento fino all&#8217;udienza di convalida che deve aver luogo entro 96 ore dall&#8217;arresto fermo o accompagnamento, assicurando la custodia dei minorenni pur non essendo strutture di tipo carcerario.<\/p>\n<p>L&#8217;\u00e9quipe del Servizio predispone una prima relazione informativa sulla situazione psicologica e sociale del minorenne e sulle risorse disponibili sul territorio per quel caso con l&#8217;obiettivo di fornire all&#8217;Autorit\u00e0 giudiziaria competente, tutti gli elementi utili ad individuare, in caso di applicazione di misura cautelare, quella pi\u00f9 idonea alla personalit\u00e0 del minorenne.<\/p>\n","protected":false},"excerpt":{"rendered":"<p>Marted\u00ec 29 Dicembre 2009 alle ore 12.00, con una semplice cerimonia, preceduta da una breve commemorazione caratterizzata\u00a0da qualificati e partecipati\u00a0interventi, \u00e8 stata scoperta la Targa che titola, il Centro di &hellip; <\/p>\n","protected":false},"author":2,"featured_media":0,"comment_status":"open","ping_status":"open","sticky":false,"template":"","format":"standard","meta":{"footnotes":""},"categories":[10,64,63,48,77],"tags":[426,428,434,431,52],"class_list":["post-4127","post","type-post","status-publish","format-standard","hentry","category-cultura","category-goz","category-promozione-umana","category-sociale","category-universita","tag-cultura","tag-istituzioni","tag-promozione-umana","tag-sociale","tag-volontariato"],"_links":{"self":[{"href":"https:\/\/www.carlofrancio.net\/index.php?rest_route=\/wp\/v2\/posts\/4127","targetHints":{"allow":["GET"]}}],"collection":[{"href":"https:\/\/www.carlofrancio.net\/index.php?rest_route=\/wp\/v2\/posts"}],"about":[{"href":"https:\/\/www.carlofrancio.net\/index.php?rest_route=\/wp\/v2\/types\/post"}],"author":[{"embeddable":true,"href":"https:\/\/www.carlofrancio.net\/index.php?rest_route=\/wp\/v2\/users\/2"}],"replies":[{"embeddable":true,"href":"https:\/\/www.carlofrancio.net\/index.php?rest_route=%2Fwp%2Fv2%2Fcomments&post=4127"}],"version-history":[{"count":2,"href":"https:\/\/www.carlofrancio.net\/index.php?rest_route=\/wp\/v2\/posts\/4127\/revisions"}],"predecessor-version":[{"id":8227,"href":"https:\/\/www.carlofrancio.net\/index.php?rest_route=\/wp\/v2\/posts\/4127\/revisions\/8227"}],"wp:attachment":[{"href":"https:\/\/www.carlofrancio.net\/index.php?rest_route=%2Fwp%2Fv2%2Fmedia&parent=4127"}],"wp:term":[{"taxonomy":"category","embeddable":true,"href":"https:\/\/www.carlofrancio.net\/index.php?rest_route=%2Fwp%2Fv2%2Fcategories&post=4127"},{"taxonomy":"post_tag","embeddable":true,"href":"https:\/\/www.carlofrancio.net\/index.php?rest_route=%2Fwp%2Fv2%2Ftags&post=4127"}],"curies":[{"name":"wp","href":"https:\/\/api.w.org\/{rel}","templated":true}]}}