{"id":3813,"date":"2009-12-07T10:35:42","date_gmt":"2009-12-07T09:35:42","guid":{"rendered":"https:\/\/www.carlofrancio.net\/blog\/?p=3813"},"modified":"2009-12-07T10:35:42","modified_gmt":"2009-12-07T09:35:42","slug":"sae-occasioni-di-dialogo-per-conoscere-e-segnalare-in-maniera-diversa-la-condizione-di-poverta","status":"publish","type":"post","link":"https:\/\/www.carlofrancio.net\/?p=3813","title":{"rendered":"SAE-&quot;occasioni di dialogo&quot;- Per conoscere e segnalare in maniera diversa la condizione di povert\u00e0."},"content":{"rendered":"<p align=\"left\"><span style=\"color: #000000;\"><span style=\"font-family: Times New Roman, serif;\"><span style=\"font-size: small;\"><span style=\"font-size: medium;\"><span style=\"color: #000000;\"><span style=\"font-family: Times New Roman, serif;\"><span style=\"font-size: small;\"><strong><span style=\"font-family: Comic Sans MS, cursive;\"><span style=\"font-size: medium;\">Luned\u00ec 14<\/span><\/span><span style=\"font-family: Comic Sans MS, cursive;\"><span style=\"font-size: medium;\"> dicembre <\/span><\/span><\/strong><span style=\"font-family: Comic Sans MS, cursive;\"><span style=\"font-size: medium;\">alle<\/span><\/span><span style=\"font-family: Comic Sans MS, cursive;\"><span style=\"font-size: medium;\"><strong> <\/strong><\/span><\/span><span style=\"font-family: Comic Sans MS, cursive;\"><span style=\"font-size: medium;\"><strong>ore 20.15 <\/strong><\/span><\/span><\/span><\/span><\/span><\/span><\/span><\/span><\/span><span style=\"color: #000000;\"><span style=\"font-family: Times New Roman, serif;\"><span style=\"font-size: small;\"><span style=\"font-size: medium;\"><span style=\"color: #000000;\"><span style=\"font-family: Times New Roman, serif;\"><span style=\"font-size: small;\"><span style=\"font-family: Comic Sans MS, cursive;\"><span style=\"font-size: medium;\">nella<strong> <span style=\"color: #0000ff;\">\u00ab<span style=\"font-size: medium;\">sala dell\u2019oratorio<\/span><\/span><\/strong><span style=\"font-family: Comic Sans MS, cursive;\"><span style=\"font-size: medium;\"><strong><span style=\"color: #0000ff;\">\u00bb<\/span> <\/strong>della<strong>\u00a0<\/strong><\/span><\/span><span style=\"color: #000000;\"><span style=\"font-family: Times New Roman, serif;\"><span style=\"font-size: small;\"><span style=\"font-family: Comic Sans MS, cursive;\"><span style=\"font-size: medium;\"><strong>Parrocchia della Consolata (Don Orione). (<\/strong>Entrata<strong> di <span style=\"color: #000000;\"><span style=\"font-family: Comic Sans MS, cursive;\"><span style=\"font-size: small;\">viale San Martino-vicino piscina comunale)<\/span><\/span><\/span> <a href=\"https:\/\/www.carlofrancio.net\/blog\/wp-content\/uploads\/2009\/10\/SAE-Cialla-logo.jpg\"><img loading=\"lazy\" decoding=\"async\" class=\"alignleft size-thumbnail wp-image-3151\" title=\"SAE-Cialla-logo\" src=\"https:\/\/www.carlofrancio.net\/blog\/wp-content\/uploads\/2009\/10\/SAE-Cialla-logo-150x123.jpg\" alt=\"SAE-Cialla-logo\" width=\"110\" height=\"123\" \/><\/a><\/strong><\/span><\/span><\/span><\/span><\/span><\/span><\/span><\/span><\/span><\/span><\/span><\/span><\/span><\/span><\/p>\n<h3><span style=\"color: #333399;\">\u00a0\u00a0\u00a0\u00a0\u00a0\u00a0\u00a0\u00a0\u00a0\u00a0\u00a0 \u00a0 L&#8217;ASSOCIAZIONE ECUMENICA \u201c<\/span><span style=\"color: #333399;\">E. Cialla\u201d<\/span><\/h3>\n<h4 style=\"TEXT-ALIGN: left\"><span style=\"color: #003300;\">SAE-Segretariato Attivit\u00e0 Ecumeniche <\/span><span style=\"color: #003300;\">Gruppo di Messina<\/span><\/h4>\n<p style=\"TEXT-ALIGN: center\">\u00a0\u00a0 in collaborazione con la<\/p>\n<h3 style=\"TEXT-ALIGN: center\"><span style=\"color: #0000ff;\">\u00a0Parrocchia Maria\u00a0Consolata (<span style=\"color: #000080;\">Don Orione<\/span>)<\/span><\/h3>\n<h2 style=\"TEXT-ALIGN: center; TEXT-INDENT: 0.64cm\"><span style=\"color: #ff00ff;\">Invita<span style=\"color: #993300;\"> all\u2019incontro<\/span><\/span><span style=\"color: #ff00ff;\"><span style=\"color: #993300;\">\u00a0cristiano-islamico.<\/span><\/span><\/h2>\n<h2 style=\"TEXT-ALIGN: left; TEXT-INDENT: 0.64cm\"><span style=\"color: #000000;\"><span style=\"font-family: Times New Roman, serif;\"><span style=\"font-size: small;\"><span style=\"font-size: small;\"><span style=\"color: #ff00ff;\">Due interventi comunicativi:<\/span><\/span>\u00a0<\/span><\/span><\/span>\u00a0<\/h2>\n<p style=\"TEXT-ALIGN: left; BACKGROUND: #e6e6e6\"><span style=\"color: #000000;\"><span style=\"font-family: Times New Roman, serif;\"><span style=\"font-size: small;\"><span style=\"font-size: medium;\">I\u00b0 intervento sulla<\/span><span style=\"font-size: medium;\"><strong> \u00ab<span style=\"color: #008000;\">Cultura araba in Sicilia<\/span>\u00bb\u00a0<\/strong><\/span><span style=\"font-size: medium;\">di <\/span><\/span><\/span><\/span><span style=\"color: #000000;\"><span style=\"font-family: Times New Roman, serif;\"><span style=\"font-size: small;\"><span style=\"font-size: medium;\"><strong>Giuseppe Restifo<\/strong><\/span><span style=\"font-size: medium;\">, <\/span><\/span><\/span><\/span>Docente di Storia moderna presso la facolt\u00e0 di Lettere dell\u2019Universit\u00e0 di Messina;<\/p>\n<p style=\"TEXT-ALIGN: left; BACKGROUND: #e6e6e6\"><span style=\"color: #000000;\"><span style=\"font-family: Times New Roman, serif;\"><span style=\"font-size: small;\"><span style=\"font-size: medium;\">II\u00b0\u00a0intervento la<\/span><span style=\"font-size: medium;\"><strong> <\/strong><\/span><span style=\"font-size: medium;\">testimonianza su<\/span><span style=\"font-size: medium;\"><strong> \u00ab<span style=\"color: #008000;\">Come mi sono inserito tra voi<\/span>\u00bb <\/strong><\/span><\/span><\/span><\/span><span style=\"color: #000000;\"><span style=\"font-family: Times New Roman, serif;\"><span style=\"font-size: small;\"><span style=\"font-size: medium;\"><strong>di Amin Saladin &#8211; <\/strong><\/span><\/span><\/span><\/span><span style=\"color: #000000;\"><span style=\"font-family: Times New Roman, serif;\"><span style=\"font-size: small;\"><span style=\"font-size: small;\"><em>restauratore di antichit\u00e0<\/em><\/span><span style=\"font-size: medium;\"> <\/span><\/span><\/span><\/span><\/p>\n<p style=\"text-align: left;\"><span style=\"font-size: x-small;\">Il SAE \u00e8 una Associazione ecumenica di credenti <\/span><span style=\"font-size: x-small;\">appartenenti a diverse chiese cristiane: cattolici, evangelici e ortodossi<\/span><\/p>\n<p align=\"left\"><span style=\"color: #000000;\"><span style=\"font-family: Times New Roman, serif;\"><span style=\"font-size: small;\">Info: Carmelo 090 40352 <span style=\"color: #0000ff;\"><span style=\"text-decoration: underline;\"><a href=\"mailto:labacar@tele2.it\">labacar@tele2.it<\/a>\u00a0&#8211;<\/span><\/span><span style=\"color: #0000ff;\"><span style=\"text-decoration: underline;\"><a href=\"http:\/\/www.saenotizie.it\/\">www.saenotizie.it<\/a><\/span><\/span><\/span><\/span><\/span><\/p>\n<p align=\"justify\"><span style=\"color: #800080;\">Lettera di presentazione dell&#8217;evento,\u00a0a cura del <\/span><span style=\"color: #800080;\">\u00a0Dott.<span style=\"color: #0000ff;\"><strong> Carmelo Labate<\/strong> <\/span>&#8211; <span style=\"color: #3366ff;\">Presidente <span style=\"color: #008000;\"><strong>SAE Messina<\/strong><\/span><\/span><strong><span style=\"color: #008000;\"> <\/span><span style=\"color: #ff0000;\">&gt;&gt;<\/span><\/strong><\/span><\/p>\n<p align=\"justify\"><!--more--><\/p>\n<p style=\"BORDER-BOTTOM: #000000 1px solid; BORDER-LEFT: #000000 1px solid; PADDING-BOTTOM: 0.11cm; PADDING-LEFT: 0.14cm; PADDING-RIGHT: 0.14cm; BACKGROUND: #e0e0e0; BORDER-TOP: #000000 1px solid; BORDER-RIGHT: #000000 1px solid; PADDING-TOP: 0.04cm\" align=\"center\"><span style=\"color: #000000;\"><span style=\"font-family: Times New Roman, serif;\"><span style=\"font-size: small;\"><span style=\"font-size: medium;\"><strong>ASSOCIAZIONE ECUMENICA \u201c<\/strong><\/span><span style=\"font-size: medium;\"><em><strong>E. Cialla<\/strong><\/em><\/span><span style=\"font-size: medium;\"><strong>\u201d<\/strong><\/span><\/span><\/span><\/span><\/p>\n<p align=\"center\"><span style=\"color: #000000;\"><span style=\"font-family: Times New Roman, serif;\"><span style=\"font-size: small;\"><span style=\"font-family: Garamond, serif;\"><span style=\"font-size: medium;\"><strong>SAE<\/strong><\/span><\/span><span style=\"font-size: medium;\"><strong> <\/strong><\/span><span style=\"font-size: medium;\">&#8211;<\/span><span style=\"font-size: medium;\"><strong> <\/strong><\/span><span style=\"font-family: Garamond, serif;\"><span style=\"font-size: medium;\"><strong>Segretariato Attivita\u2019 Ecumeniche<\/strong><\/span><\/span><\/span><\/span><\/span><\/p>\n<p align=\"center\"><span style=\"color: #000000;\"><span style=\"font-family: Garamond, serif;\"><span style=\"font-size: medium;\">Gruppo di Messina<\/span><\/span><\/span><\/p>\n<h4 style=\"MARGIN-TOP: 0cm; TEXT-INDENT: 0.95cm; MARGIN-BOTTOM: 0cm; FONT-WEIGHT: normal\"><span style=\"font-size: small;\">Carissima\/o, <\/span><\/h4>\n<p style=\"TEXT-INDENT: 0.64cm\" align=\"justify\"><span style=\"color: #000000;\"><span style=\"font-family: Times New Roman, serif;\"><span style=\"font-size: small;\"><span style=\"font-size: small;\">Non \u00e8 facile seguire tutte le buone <\/span><span style=\"font-size: small;\"><strong>occasioni di dialogo<\/strong><\/span><span style=\"font-size: small;\">. Facciamo del nostro meglio cogliendone appena alcune. Soltanto ora, infatti, possiamo condividere con i fratelli musulmani la gioia che loro provano nel celebrare l\u2019\u00ab<\/span><span style=\"color: #000000;\"><span style=\"font-size: small;\"><strong>Id al-Fitr<\/strong><\/span><\/span><span style=\"color: #000000;\"><span style=\"font-size: small;\">\u00bb, la festa di conclusione del <\/span><\/span><span style=\"color: #000000;\"><span style=\"font-size: small;\"><strong>Ramadan<\/strong><\/span><\/span><span style=\"color: #000000;\"><span style=\"font-size: small;\">, caduta quest\u2019anno il <\/span><\/span><span style=\"font-size: small;\">27 ottobre 2009<\/span><span style=\"color: #000000;\"><span style=\"font-size: small;\">. Trascorso il mese del <\/span><\/span><span style=\"color: #000000;\"><span style=\"font-size: small;\"><em><strong>digiuno<\/strong><\/em><\/span><\/span><span style=\"color: #000000;\"><span style=\"font-size: small;\"> resta un altro pilastro dell\u2019Islam: l\u2019<\/span><\/span><span style=\"color: #000000;\"><span style=\"font-size: small;\"><em><strong>elemosina<\/strong><\/em><\/span><\/span><span style=\"color: #000000;\"><span style=\"font-size: small;\">. Non il dare quel che ci avanza, ma il provvedere per tutti quelli che si trovano in povert\u00e0. Un senso di equa distribuzione del bene che Dio dona. Da osservare tutto l\u2019anno. <\/span><\/span><\/span><\/span><\/span><\/p>\n<p style=\"TEXT-INDENT: 0.64cm\" align=\"justify\"><span style=\"color: #000000;\"><span style=\"font-family: Times New Roman, serif;\"><span style=\"font-size: small;\"><span style=\"color: #000000;\"><span style=\"font-size: small;\">La nostra associazione, in <\/span><\/span><span style=\"color: #000000;\"><span style=\"font-size: small;\"><strong>collaborazione con la <\/strong><\/span><\/span><span style=\"font-size: small;\"><strong>Parrocchia della Consolata (Don Orione)<\/strong><\/span><span style=\"font-size: small;\">,<\/span><span style=\"color: #000000;\"><span style=\"font-size: small;\"> ha scelto di segnalare in maniera diversa <\/span><\/span><span style=\"color: #000000;\"><span style=\"font-size: small;\"><strong>la condizione di povert\u00e0<\/strong><\/span><\/span><span style=\"color: #000000;\"><span style=\"font-size: small;\">. Noi cristiani di oggi <\/span><\/span><span style=\"color: #000000;\"><span style=\"font-size: small;\"><strong>ignoriamo<\/strong><\/span><\/span><span style=\"color: #000000;\"><span style=\"font-size: small;\"> le vere condizioni di fratelli musulmani (e di altri) che bussano alle nostre porte e finiamo con lo scambiarli per \u201crapinatori\u201d del nostro lavoro, della nostra sicurezza, dei nostri spazi di vita. D\u2019altro canto, forse mossi da notizie rese troppo rosee, loro <\/span><\/span><span style=\"color: #000000;\"><span style=\"font-size: small;\"><strong>ignorano<\/strong><\/span><\/span><span style=\"color: #000000;\"><span style=\"font-size: small;\"> quali sono le nostre reali condizioni, le nostre apparenti ricchezze, i nostri veri costumi, le nostre leggi (sempre pi\u00f9 lontane dalle dichiarazioni dei diritti umani e dallo spirito della nostra Costituzione). N\u00e9 noi, n\u00e9 loro conosciamo a sufficienza le nostre culture. Gi\u00e0, <\/span><\/span><span style=\"color: #000000;\"><span style=\"font-size: small;\"><strong>la cultura<\/strong><\/span><\/span><span style=\"color: #000000;\"><span style=\"font-size: small;\">!<\/span><\/span><\/span><\/span><\/span><\/p>\n<p style=\"TEXT-INDENT: 0.64cm\" align=\"justify\"><span style=\"color: #000000;\"><span style=\"font-family: Times New Roman, serif;\"><span style=\"font-size: small;\"><span style=\"color: #000000;\"><span style=\"font-size: small;\">Se solo andassimo un po\u2019 indietro nel tempo non sarebbe difficile osservare che <\/span><\/span><span style=\"color: #000000;\"><span style=\"font-size: small;\"><strong>\u00ab<\/strong><\/span><\/span><span style=\"color: #000000;\"><span style=\"font-size: small;\"><em><strong>migrare<\/strong><\/em><\/span><\/span><span style=\"color: #000000;\"><span style=\"font-size: small;\"><strong>\u00bb \u00e8 una condizione dell\u2019essere umano<\/strong><\/span><\/span><span style=\"color: #000000;\"><span style=\"font-size: small;\">. Nei tempi moderni molti viaggiano per motivi di studio o di svago o per ritrovare le origini. Ma da sempre gli uomini viaggiano <\/span><\/span><span style=\"color: #000000;\"><span style=\"font-size: small;\"><strong>in cerca del necessario per sopravvivere<\/strong><\/span><\/span><span style=\"color: #000000;\"><span style=\"font-size: small;\"> o inserendosi nelle forme lavorative locali o inventandosi nuovi modi. La maggior parte si ferma, \u00e8 creativa e, resa libera dalla necessit\u00e0 quotidiana, contribuisce a sviluppare la cultura e l\u2019arte e le scienze, contribuisce al \u00ab<\/span><\/span><span style=\"color: #000000;\"><span style=\"font-size: small;\"><em>progresso<\/em><\/span><\/span><span style=\"color: #000000;\"><span style=\"font-size: small;\">\u00bb dell\u2019umanit\u00e0. E\u2019 una cosa che ci accomuna, perch\u00e9 <\/span><\/span><span style=\"color: #000000;\"><span style=\"font-size: small;\"><strong>dovunque nel mondo troviamo gente immigrata che<\/strong><\/span><\/span><span style=\"color: #000000;\"><span style=\"font-size: small;\">, abbia o no \u201cfatto fortuna\u201d, <\/span><\/span><span style=\"color: #000000;\"><span style=\"font-size: small;\"><strong>lascia segni tangibili di progresso<\/strong><\/span><\/span><span style=\"color: #000000;\"><span style=\"font-size: small;\">.<\/span><\/span><\/span><\/span><\/span><\/p>\n<p style=\"TEXT-INDENT: 0.64cm\" align=\"justify\"><span style=\"color: #000000;\"><span style=\"font-family: Times New Roman, serif;\"><span style=\"font-size: small;\"><span style=\"color: #000000;\"><span style=\"font-size: small;\">Immagino che tutti voi che mi leggete abbiate visitato la Sicilia (o la Spagna o altre terre) e abbiate osservato come l\u2019architettura, l\u2019ingegneria, l\u2019utilizzo ingegnoso ed equilibrato dei luoghi e dei materiali e dei beni naturali, la toponomastica delle citt\u00e0, la lingua, i frutti ecc., tutto, insomma, \u00e8 segnato dall\u2019<\/span><\/span><span style=\"color: #000000;\"><span style=\"font-size: small;\"><strong>influenza e presenza araba<\/strong><\/span><\/span><span style=\"color: #000000;\"><span style=\"font-size: small;\"> nel nostro territorio, da un intrecciarsi di questa gente con i popoli d\u2019origine. Neanche il nostro sommo poeta <\/span><\/span><span style=\"color: #000000;\"><span style=\"font-size: small;\"><strong>Dante<\/strong><\/span><\/span><span style=\"color: #000000;\"><span style=\"font-size: small;\"> sfugg\u00ec a tale influenza, se \u00e8 vero \u2013 come \u00e8 dimostrato \u2013 che tramite Brunetto Latini venne a conoscenza del <\/span><\/span><span style=\"color: #000000;\"><span style=\"font-size: small;\"><em>Libro della Scala<\/em><\/span><\/span><span style=\"color: #000000;\"><span style=\"font-size: small;\"> e a questo s\u2019ispir\u00f2 per alcuni aspetti della <\/span><\/span><span style=\"color: #000000;\"><span style=\"font-size: small;\"><em>Divina Commedia<\/em><\/span><\/span><span style=\"color: #000000;\"><span style=\"font-size: small;\">. Ma non c\u2019\u00e8 autentico progresso se lo sviluppo non ha come scopo il bene di \u201ctutto l&#8217;uomo\u201d e di \u201ctutti gli uomini\u201d (<\/span><\/span><span style=\"color: #000000;\"><span style=\"font-size: small;\"><em>PP<\/em><\/span><\/span><span style=\"color: #000000;\"><span style=\"font-size: small;\">, 42).<\/span><\/span><\/span><\/span><\/span><\/p>\n<p style=\"TEXT-INDENT: 0.64cm\" align=\"justify\"><span style=\"color: #000000;\"><span style=\"font-family: Times New Roman, serif;\"><span style=\"font-size: small;\"><span style=\"color: #000000;\"><span style=\"font-size: small;\">Oggi, probabilmente, siamo noi a poter offrire loro risultati tecnologici avanzati, una impostazione di <\/span><\/span><span style=\"color: #000000;\"><span style=\"font-size: small;\"><strong>vita sociale partecipativa e \u00abdemocratica\u00bb<\/strong><\/span><\/span><span style=\"color: #000000;\"><span style=\"font-size: small;\"> (sempre che non venga svilita, come ci pare che stia accadendo!) cui n\u00e9 l\u2019Africa n\u00e9 il Medioriente sembrano volersi ispirare. <\/span><\/span><\/span><\/span><\/span><\/p>\n<p style=\"TEXT-INDENT: 0.64cm\" align=\"justify\"><span style=\"color: #000000;\"><span style=\"font-family: Times New Roman, serif;\"><span style=\"font-size: small;\"><span style=\"color: #000000;\"><span style=\"font-size: small;\">Ma <\/span><\/span><span style=\"color: #000000;\"><span style=\"font-size: small;\"><strong>il problema<\/strong><\/span><\/span><span style=\"color: #000000;\"><span style=\"font-size: small;\"> non \u00e8 \u201cchi \u00e8 pi\u00f9 e chi \u00e8 meno\u201d, chi ha dato ieri e chi pu\u00f2 dare oggi. <\/span><\/span><span style=\"color: #000000;\"><span style=\"font-size: small;\"><strong>Non \u00e8 un confronto<\/strong><\/span><\/span><span style=\"color: #000000;\"><span style=\"font-size: small;\"> che \u201cuna campagna mediatica martellante e perversa\u201d fomenta come \u201cscontro\u201d inducendo all\u2019odio razziale. Il vero problema sta nel <\/span><\/span><span style=\"color: #000000;\"><span style=\"font-size: small;\"><strong>conoscersi per quello che si \u00e8<\/strong><\/span><\/span><span style=\"color: #000000;\"><span style=\"font-size: small;\"> e nell\u2019aiutarsi reciprocamente, nel condividere beni e tensioni, nell\u2019attuare insieme <\/span><\/span><span style=\"font-size: small;\">politiche di integrazione e di dialogo fra le persone<\/span><span style=\"color: #000000;\"><span style=\"font-size: small;\"> al fine di realizzare una vita migliore per tutti e una pace duratura.<\/span><\/span><\/span><\/span><\/span><\/p>\n<p style=\"TEXT-INDENT: 0.64cm\" align=\"justify\"><a name=\"09091104\"><\/a><a name=\"09091105\"><\/a><span style=\"color: #000000;\"><span style=\"font-family: Times New Roman, serif;\"><span style=\"font-size: small;\"><span style=\"color: #000000;\"><span style=\"font-size: small;\">Siamo gi\u00e0 all\u2019ottavo anno, ma sentiamo, ancora, il <\/span><\/span><span style=\"color: #000000;\"><span style=\"font-size: small;\"><strong>bisogno di raccontarci<\/strong><\/span><\/span><span style=\"color: #000000;\"><span style=\"font-size: small;\">. Noi a loro e loro a noi. \u201cRaccontarci <\/span><\/span><span style=\"font-size: small;\">la vita, la propria cultura, le proprie tradizioni, la propria fede, i propri sogni, le proprie speranze di pace e di un mondo migliore\u201d.<\/span><span style=\"color: #000000;\"><span style=\"font-size: small;\"> Per <\/span><\/span><span style=\"color: #000000;\"><span style=\"font-size: small;\"><strong>riscoprire il valore dell\u2019incontro<\/strong><\/span><\/span><span style=\"color: #000000;\"><span style=\"font-size: small;\"> e conoscerci come popoli e come singole persone col proprio vissuto sociale e religioso. Per riscoprire che il <\/span><\/span><span style=\"color: #000000;\"><span style=\"font-size: small;\"><strong>prendersi cura vicendevolmente<\/strong><\/span><\/span><span style=\"color: #000000;\"><span style=\"font-size: small;\"> (anche con modalit\u00e0 nuove) \u00e8 suggerito nei testi sacri degli uni e degli altri. Tanto, quello che \u00e8 da \u201ccombattere \u00e8 sotto gli occhi di tutti: la fame, la mancanza di acqua potabile, la scarsit\u00e0 di cure mediche e di alloggi adeguati, la carenza di sistemi educativi e culturali, l&#8217;analfabetismo, le nuove forme di povert\u00e0, i fenomeni di emarginazione, di carenza relazionale, morale e spirituale\u201d. Imparando, piuttosto, a \u201ccondurre uno stile di vita semplice ed essenziale, che evita lo spreco, rispetta l&#8217;ambiente e tutti i beni della creazione\u201d.<\/span><\/span><\/span><\/span><\/span><\/p>\n<p style=\"TEXT-INDENT: 0.64cm\" align=\"justify\"><span style=\"color: #000000;\"><span style=\"font-family: Times New Roman, serif;\"><span style=\"font-size: small;\"><span style=\"font-size: small;\"><strong>Perci\u00f2, insieme alla Parrocchia della Consolata (Don Orione), ti invitiamo all\u2019incontro cristiano- islamico.<\/strong><\/span><span style=\"font-size: small;\"> Esso avr\u00e0 due comunicazioni:<\/span> <\/span><\/span><\/span><\/p>\n<p align=\"justify\">\u00a0<\/p>\n<p style=\"BACKGROUND: #e6e6e6\" align=\"center\"><span style=\"color: #000000;\"><span style=\"font-family: Times New Roman, serif;\"><span style=\"font-size: small;\"><span style=\"font-size: medium;\">Il primo intervento sulla<\/span><span style=\"font-size: medium;\"><strong> \u00abCultura araba in Sicilia\u00bb <\/strong><\/span><span style=\"font-size: medium;\">sar\u00e0 di<\/span><\/span><\/span><\/span><\/p>\n<p style=\"BACKGROUND: #e6e6e6\" align=\"center\"><span style=\"color: #000000;\"><span style=\"font-family: Times New Roman, serif;\"><span style=\"font-size: small;\"><span style=\"font-size: medium;\"><strong>Giuseppe Restifo<\/strong><\/span><span style=\"font-size: medium;\">,<\/span><\/span><\/span><\/span><\/p>\n<p style=\"BACKGROUND: #e6e6e6\" align=\"center\"><span style=\"color: #000000;\"><span style=\"font-family: Times New Roman, serif;\"><span style=\"font-size: small;\"><span style=\"font-size: small;\">Docente di Storia moderna presso la facolt\u00e0 di Lettere dell\u2019universit\u00e0 di Messina;<\/span><\/span><\/span><\/span><\/p>\n<p style=\"BACKGROUND: #e6e6e6\" align=\"center\"><span style=\"color: #000000;\"><span style=\"font-family: Times New Roman, serif;\"><span style=\"font-size: small;\"><span style=\"font-size: medium;\">il secondo sar\u00e0 una<\/span><span style=\"font-size: medium;\"><strong> <\/strong><\/span><span style=\"font-size: medium;\">testimonianza su<\/span><span style=\"font-size: medium;\"><strong> \u00abCome mi sono inserito tra voi\u00bb<\/strong><\/span><\/span><\/span><\/span><\/p>\n<p style=\"BACKGROUND: #e6e6e6\" align=\"center\"><span style=\"color: #000000;\"><span style=\"font-family: Times New Roman, serif;\"><span style=\"font-size: small;\"><span style=\"font-size: medium;\"><strong>di Amin Saladin<\/strong><\/span><\/span><\/span><\/span><\/p>\n<p style=\"BACKGROUND: #e6e6e6\" align=\"center\"><span style=\"color: #000000;\"><span style=\"font-family: Times New Roman, serif;\"><span style=\"font-size: small;\"><span style=\"font-size: small;\">restauratore di antichit\u00e0<\/span><span style=\"font-size: medium;\"> <\/span><\/span><\/span><\/span><\/p>\n<p align=\"justify\">\u00a0<\/p>\n<p style=\"BORDER-BOTTOM: #000000 1px solid; BORDER-LEFT: #000000 1px solid; PADDING-BOTTOM: 0.11cm; PADDING-LEFT: 0.14cm; PADDING-RIGHT: 0.14cm; BACKGROUND: #e0e0e0; BORDER-TOP: #000000 1px solid; BORDER-RIGHT: #000000 1px solid; PADDING-TOP: 0.04cm\" align=\"center\"><span style=\"color: #000000;\"><span style=\"font-family: Times New Roman, serif;\"><span style=\"font-size: small;\"><span style=\"font-family: Comic Sans MS, cursive;\"><span style=\"font-size: medium;\">ti aspettiamo nella \u00ab<\/span><\/span><span style=\"font-family: Comic Sans MS, cursive;\"><span style=\"font-size: medium;\"><strong>sala dell\u2019oratorio<\/strong><\/span><\/span><span style=\"font-family: Comic Sans MS, cursive;\"><span style=\"font-size: medium;\">\u00bb<\/span><\/span><\/span><\/span><\/span><\/p>\n<p style=\"BORDER-BOTTOM: #000000 1px solid; BORDER-LEFT: #000000 1px solid; PADDING-BOTTOM: 0.11cm; PADDING-LEFT: 0.14cm; PADDING-RIGHT: 0.14cm; BACKGROUND: #e0e0e0; BORDER-TOP: #000000 1px solid; BORDER-RIGHT: #000000 1px solid; PADDING-TOP: 0.04cm\" align=\"center\"><span style=\"color: #000000;\"><span style=\"font-family: Times New Roman, serif;\"><span style=\"font-size: small;\"><span style=\"font-family: Comic Sans MS, cursive;\"><span style=\"font-size: medium;\">presso la <\/span><\/span><span style=\"font-family: Comic Sans MS, cursive;\"><span style=\"font-size: medium;\">Parrocchia della Consolata (Don Orione)<\/span><\/span><\/span><\/span><\/span><\/p>\n<p style=\"BORDER-BOTTOM: #000000 1px solid; BORDER-LEFT: #000000 1px solid; PADDING-BOTTOM: 0.11cm; PADDING-LEFT: 0.14cm; PADDING-RIGHT: 0.14cm; BACKGROUND: #e0e0e0; BORDER-TOP: #000000 1px solid; BORDER-RIGHT: #000000 1px solid; PADDING-TOP: 0.04cm\" align=\"center\"><span style=\"color: #000000;\"><span style=\"font-family: Comic Sans MS, cursive;\"><span style=\"font-size: small;\">viale San Martino, pressi piscina comunale,<\/span><\/span><\/span><\/p>\n<p style=\"BORDER-BOTTOM: #000000 1px solid; BORDER-LEFT: #000000 1px solid; PADDING-BOTTOM: 0.11cm; PADDING-LEFT: 0.14cm; PADDING-RIGHT: 0.14cm; BACKGROUND: #e0e0e0; BORDER-TOP: #000000 1px solid; BORDER-RIGHT: #000000 1px solid; PADDING-TOP: 0.04cm\" align=\"center\"><span style=\"color: #000000;\"><span style=\"font-family: Times New Roman, serif;\"><span style=\"font-size: small;\"><span style=\"font-family: Comic Sans MS, cursive;\"><span style=\"font-size: medium;\"><strong>Luned\u00ec 14<\/strong><\/span><\/span><span style=\"font-family: Comic Sans MS, cursive;\"><span style=\"font-size: medium;\"><strong> dicembre <\/strong><\/span><\/span><span style=\"font-family: Comic Sans MS, cursive;\"><span style=\"font-size: medium;\"><strong>alle<\/strong><\/span><\/span><span style=\"font-family: Comic Sans MS, cursive;\"><span style=\"font-size: medium;\"> <\/span><\/span><span style=\"font-family: Comic Sans MS, cursive;\"><span style=\"font-size: medium;\"><strong>ore 20.15<\/strong><\/span><\/span><\/span><\/span><\/span><\/p>\n<p align=\"center\">\u00a0<\/p>\n<p align=\"center\"><span style=\"font-size: x-small;\">Il SAE \u00e8 una Associazione ecumenica di credenti <\/span><\/p>\n<p align=\"center\"><span style=\"font-size: x-small;\">appartenenti a diverse chiese cristiane: cattolici, evangelici e ortodossi<\/span><\/p>\n<p align=\"left\"><span style=\"color: #000000;\"><span style=\"font-family: Times New Roman, serif;\"><span style=\"font-size: small;\">Info: Carmelo 090 40352 <span style=\"color: #0000ff;\"><span style=\"text-decoration: underline;\"><a href=\"mailto:labacar@tele2.it\">labacar@tele2.it<\/a><\/span><\/span> ; <span style=\"color: #0000ff;\"><span style=\"text-decoration: underline;\"><a href=\"https:\/\/www.carlofrancio.net\/\"><strong>www.carlofrancio.net<\/strong><\/a><\/span><\/span> ; <span style=\"color: #0000ff;\"><span style=\"text-decoration: underline;\"><a href=\"http:\/\/www.saenotizie.it\/\">www.saenotizie.it<\/a><\/span><\/span><\/span><\/span><\/span><\/p>\n<p align=\"left\">\u00a0<\/p>\n","protected":false},"excerpt":{"rendered":"<p>Luned\u00ec 14 dicembre alle ore 20.15 nella \u00absala dell\u2019oratorio\u00bb della\u00a0Parrocchia della Consolata (Don Orione). (Entrata di viale San Martino-vicino piscina comunale) \u00a0\u00a0\u00a0\u00a0\u00a0\u00a0\u00a0\u00a0\u00a0\u00a0\u00a0 \u00a0 L&#8217;ASSOCIAZIONE ECUMENICA \u201cE. Cialla\u201d SAE-Segretariato Attivit\u00e0 Ecumeniche &hellip; <\/p>\n","protected":false},"author":1,"featured_media":0,"comment_status":"open","ping_status":"open","sticky":false,"template":"","format":"standard","meta":{"footnotes":""},"categories":[56],"tags":[425,426,32,434],"class_list":["post-3813","post","type-post","status-publish","format-standard","hentry","category-servizi-attivita-ecumeniche","tag-chiesa_cattolica","tag-cultura","tag-ecumenismo","tag-promozione-umana"],"_links":{"self":[{"href":"https:\/\/www.carlofrancio.net\/index.php?rest_route=\/wp\/v2\/posts\/3813","targetHints":{"allow":["GET"]}}],"collection":[{"href":"https:\/\/www.carlofrancio.net\/index.php?rest_route=\/wp\/v2\/posts"}],"about":[{"href":"https:\/\/www.carlofrancio.net\/index.php?rest_route=\/wp\/v2\/types\/post"}],"author":[{"embeddable":true,"href":"https:\/\/www.carlofrancio.net\/index.php?rest_route=\/wp\/v2\/users\/1"}],"replies":[{"embeddable":true,"href":"https:\/\/www.carlofrancio.net\/index.php?rest_route=%2Fwp%2Fv2%2Fcomments&post=3813"}],"version-history":[{"count":0,"href":"https:\/\/www.carlofrancio.net\/index.php?rest_route=\/wp\/v2\/posts\/3813\/revisions"}],"wp:attachment":[{"href":"https:\/\/www.carlofrancio.net\/index.php?rest_route=%2Fwp%2Fv2%2Fmedia&parent=3813"}],"wp:term":[{"taxonomy":"category","embeddable":true,"href":"https:\/\/www.carlofrancio.net\/index.php?rest_route=%2Fwp%2Fv2%2Fcategories&post=3813"},{"taxonomy":"post_tag","embeddable":true,"href":"https:\/\/www.carlofrancio.net\/index.php?rest_route=%2Fwp%2Fv2%2Ftags&post=3813"}],"curies":[{"name":"wp","href":"https:\/\/api.w.org\/{rel}","templated":true}]}}