{"id":3750,"date":"2009-12-05T00:47:39","date_gmt":"2009-12-04T23:47:39","guid":{"rendered":"https:\/\/www.carlofrancio.net\/blog\/?p=3750"},"modified":"2009-12-05T00:47:39","modified_gmt":"2009-12-04T23:47:39","slug":"riapre-la-chiesa-del-ringo-larcivescovo-c-la-piana-%c2%abuno-scrigno-della-fede-messinese%c2%bb","status":"publish","type":"post","link":"https:\/\/www.carlofrancio.net\/?p=3750","title":{"rendered":"Riapre la &quot;Chiesa del Ringo&quot;-L&#039;arcivescovo C. La Piana: \u00abUno Scrigno della Fede Messinese\u00bb"},"content":{"rendered":"<p style=\"MARGIN-LEFT: 0.13cm\" align=\"left\"><span style=\"color: #ff0000;\"><span style=\"font-family: Times New Roman;\"><a href=\"https:\/\/www.carlofrancio.net\/blog\/wp-content\/uploads\/2009\/12\/CHIESA_RINGO-02.jpg\"><strong><img loading=\"lazy\" decoding=\"async\" class=\"alignleft size-medium wp-image-3752\" title=\"CHIESA_RINGO-02\" src=\"https:\/\/www.carlofrancio.net\/blog\/wp-content\/uploads\/2009\/12\/CHIESA_RINGO-02-300x193.jpg\" alt=\"CHIESA_RINGO-02\" width=\"180\" height=\"116\" \/><\/strong><\/a><strong><span style=\"color: #000000;\">Semplice cerimonia per\u00a0la riapertura al Culto della <\/span><span style=\"color: #000000;\">Chiesa di<\/span> <span style=\"color: #000080;\">&#8220;Ges\u00f9 e Maria del Buon Viaggio&#8221;<\/span><span style=\"color: #000000;\">.<\/span> <\/strong><\/span><\/span><span style=\"color: #ff0000;\"><span style=\"font-family: Times New Roman;\"><a href=\"https:\/\/www.carlofrancio.net\/blog\/wp-content\/uploads\/2009\/12\/031220092545.jpg\"><strong><img loading=\"lazy\" decoding=\"async\" class=\"size-medium wp-image-3754 alignright\" title=\"031220092545\" src=\"https:\/\/www.carlofrancio.net\/blog\/wp-content\/uploads\/2009\/12\/031220092545-300x225.jpg\" alt=\"031220092545\" width=\"216\" height=\"162\" \/><\/strong><\/a><strong><span style=\"color: #ff0000;\"><span style=\"color: #000000;\">Puntuale alle 18.00,<\/span> <\/span><span style=\"color: #000000;\">l&#8217;<\/span><span style=\"color: #3366ff;\">Arcivescovo<\/span> <span style=\"color: #000080;\">Calogero La Piana<\/span><\/strong><span style=\"color: #000000;\"><strong>,<\/strong> alla presenza di<\/span> <strong><span style=\"color: #3366ff;\">mons.<\/span> <span style=\"color: #0000ff;\">Pippo Principato<\/span><\/strong>\u00a0<span style=\"color: #000000;\">Parroco <\/span><strong><span style=\"color: #000000;\">di Sant&#8217;Elen<\/span><span style=\"color: #000000;\">a<\/span> <span style=\"color: #003366;\">ha<\/span> <span style=\"color: #800080;\">&#8216;riaperto il portone esterno,\u00a0<\/span><span style=\"color: #000000;\">accolto al suo ingresso dalla<\/span> <\/strong><a href=\"https:\/\/www.carlofrancio.net\/blog\/wp-content\/uploads\/2009\/12\/031220092572.jpg\"><strong><img loading=\"lazy\" decoding=\"async\" class=\"alignleft size-medium wp-image-3761\" title=\"031220092572\" src=\"https:\/\/www.carlofrancio.net\/blog\/wp-content\/uploads\/2009\/12\/031220092572-300x225.jpg\" alt=\"031220092572\" width=\"300\" height=\"225\" \/><\/strong><\/a><strong><span style=\"color: #0000ff;\">Comunit\u00e0 di S. Elena<\/span><span style=\"color: #003366;\">, <\/span><span style=\"color: #000000;\">completata da ben otto<\/span> <span style=\"color: #0000ff;\">Sacerdoti <span style=\"color: #003366;\">pastoralmente <\/span><\/span><span style=\"color: #003366;\">legati alla<\/span>\u00a0<span style=\"color: #0000ff;\">&#8220;Chiesa del Ringo<\/span><span style=\"color: #000000;\"><span style=\"color: #0000ff;\">&#8220;,<\/span> due<\/span> <span style=\"color: #0000ff;\">Diaconi,<\/span><span style=\"color: #000000;\"> due <span style=\"color: #0000ff;\">Seminaristi<\/span>, un<\/span> <span style=\"color: #0000ff;\">Accolito<\/span> <span style=\"color: #000000;\">e due <\/span><span style=\"color: #0000ff;\">Confraternite<\/span><\/strong><\/span><\/span><span style=\"color: #ff0000;\"><span style=\"font-family: Times New Roman;\"><strong>.<\/strong><\/span><\/span><\/p>\n<p style=\"MARGIN-LEFT: 0.13cm\" align=\"left\"><strong><span style=\"font-family: Times New Roman; color: #ff0000;\"><a href=\"https:\/\/www.carlofrancio.net\/blog\/wp-content\/uploads\/2009\/12\/031220092553.jpg\"><img loading=\"lazy\" decoding=\"async\" class=\"alignleft size-thumbnail wp-image-3755\" title=\"031220092553\" src=\"https:\/\/www.carlofrancio.net\/blog\/wp-content\/uploads\/2009\/12\/031220092553-150x150.jpg\" alt=\"031220092553\" width=\"150\" height=\"150\" \/><\/a><span style=\"color: #800000;\"><span style=\"color: #0000ff;\">Padre Pippo <\/span>ha brevemente ringraziato tutti quelli<\/span><a href=\"https:\/\/www.carlofrancio.net\/blog\/wp-content\/uploads\/2009\/12\/031220092542.jpg\"><span style=\"color: #800000;\"><img loading=\"lazy\" decoding=\"async\" class=\"alignright size-thumbnail wp-image-3756\" title=\"031220092542\" src=\"https:\/\/www.carlofrancio.net\/blog\/wp-content\/uploads\/2009\/12\/031220092542-150x150.jpg\" alt=\"031220092542\" width=\"150\" height=\"150\" \/><\/span><\/a><span style=\"color: #800000;\"> che si sono adoperati per sostenere in vario modo, secondo le competenze, l&#8217;opera di restauro della Chiesa. <\/span><span style=\"color: #003366;\">(In evidenza il rifacimento del tetto in legno a due falde\u00a0con capriate\u00a0portanti). <\/span><\/span><\/strong><\/p>\n<p style=\"MARGIN-LEFT: 0.13cm\" align=\"left\"><strong><span style=\"font-family: Times New Roman; color: #ff0000;\"><a href=\"https:\/\/www.carlofrancio.net\/blog\/wp-content\/uploads\/2009\/12\/031220092559.jpg\"><img loading=\"lazy\" decoding=\"async\" class=\"alignright size-thumbnail wp-image-3758\" title=\"031220092559\" src=\"https:\/\/www.carlofrancio.net\/blog\/wp-content\/uploads\/2009\/12\/031220092559-150x150.jpg\" alt=\"031220092559\" width=\"150\" height=\"150\" \/><\/a><a href=\"https:\/\/www.carlofrancio.net\/blog\/wp-content\/uploads\/2009\/12\/031220092556.jpg\"><img loading=\"lazy\" decoding=\"async\" class=\"alignleft size-medium wp-image-3757\" title=\"031220092556\" src=\"https:\/\/www.carlofrancio.net\/blog\/wp-content\/uploads\/2009\/12\/031220092556-300x225.jpg\" alt=\"031220092556\" width=\"240\" height=\"180\" \/><\/a><span style=\"color: #003366;\">Rinnovato il canone della dedicazione della Chiesa al Culto,\u00a0 ha avuto inizio la\u00a0Santa Messa.<\/span><\/span><\/strong><\/p>\n<p style=\"MARGIN-LEFT: 0.13cm\" align=\"left\"><strong><span style=\"font-family: Times New Roman; color: #ff0000;\"><a href=\"https:\/\/www.carlofrancio.net\/blog\/wp-content\/uploads\/2009\/12\/031220092566.jpg\"><img loading=\"lazy\" decoding=\"async\" class=\"size-medium wp-image-3759 alignright\" title=\"031220092566\" src=\"https:\/\/www.carlofrancio.net\/blog\/wp-content\/uploads\/2009\/12\/031220092566-300x225.jpg\" alt=\"031220092566\" width=\"240\" height=\"180\" \/><\/a><span style=\"color: #003366;\">Nell&#8217;Omelia, valutato positivamente il restauro della chiesa di &#8216;mattoni, l&#8217;Arcivescovo in riferimento al\u00a0<span style=\"color: #ff0000;\"><strong><span style=\"color: #003300;\">Vangelo<\/span> <span style=\"color: #003300;\">(<\/span><\/strong><\/span><\/span><span style=\"color: #ff0000;\"><span style=\"font-family: Times New Roman;\"><span style=\"color: #003300;\">Mt 7,21.24-27),<\/span><span style=\"color: #ff00ff;\"><span style=\"color: #003300;\"> <\/span><span style=\"color: #008000;\">\u00abNon chiunque mi dice: \u00ab\u201cSignore, Signore\u201d, entrer\u00e0 nel regno dei cieli, ma colui che fa la volont\u00e0 del Padre mio che \u00e8 nei cieli. <\/span><\/span><span style=\"color: #ff0000;\"><span style=\"font-family: Times New Roman;\"><span style=\"color: #008000;\">Perci\u00f2 chiunque ascolta queste mie parole e le mette in pratica, sar\u00e0 simile a un uomo saggio, che ha costruito la sua casa sulla roccia. &#8230;\u00bb, <\/span><\/span><span style=\"color: #003366;\">m<\/span><\/span><\/span><\/span><\/span><\/strong><strong><span style=\"font-family: Times New Roman; color: #ff0000;\"><span style=\"color: #003366;\">ette\u00a0in risalto\u00a0che \u00e8\u00a0Ges\u00f9 Cristo\u00a0la &#8220;Pietra angolare&#8221;, e ci\u00a0invita a diventare anche noi\u00a0pietre vive per la costruzione dell&#8217;edificio spirituale che \u00e8 la Chiesa.<\/span>\u00a0\u00a0<\/span><\/strong><\/p>\n<p style=\"MARGIN-LEFT: 0.13cm\" align=\"left\"><strong><span style=\"font-family: Times New Roman; color: #ff0000;\"><a href=\"https:\/\/www.carlofrancio.net\/blog\/wp-content\/uploads\/2009\/12\/031220092606.jpg\"><img loading=\"lazy\" decoding=\"async\" class=\"alignleft size-thumbnail wp-image-3763\" title=\"031220092606\" src=\"https:\/\/www.carlofrancio.net\/blog\/wp-content\/uploads\/2009\/12\/031220092606-150x150.jpg\" alt=\"031220092606\" width=\"150\" height=\"150\" \/><\/a><span style=\"color: #003366;\">I gruppi cantori di Sant&#8217;Elena, assiepati nel piccolo <\/span><a href=\"https:\/\/www.carlofrancio.net\/blog\/wp-content\/uploads\/2009\/12\/031220092603.jpg\"><span style=\"color: #003366;\"><img loading=\"lazy\" decoding=\"async\" class=\"alignright size-thumbnail wp-image-3764\" title=\"031220092603\" src=\"https:\/\/www.carlofrancio.net\/blog\/wp-content\/uploads\/2009\/12\/031220092603-150x150.jpg\" alt=\"031220092603\" width=\"150\" height=\"150\" \/><\/span><\/a><span style=\"color: #003366;\">coro sovrastante\u00a0la porta\u00a0d&#8217;ingresso hanno contribuito ad animare la liturgia contribuendo a favorire il raccoglimento e\u00a0 la partecipazione dei<\/span> <span style=\"color: #003366;\">numerosissimi\u00a0fedeli.<\/span><\/span><\/strong><\/p>\n<p style=\"MARGIN-LEFT: 0.13cm\" align=\"left\">\u00a0Seguono foto e testo del Vangelo*<\/p>\n<p style=\"MARGIN-LEFT: 0.13cm\" align=\"left\"><span style=\"color: #ff0000;\"><span style=\"font-family: Times New Roman;\"><strong><!--more--><\/strong><\/span><\/span><\/p>\n<p style=\"MARGIN-LEFT: 0.13cm\" align=\"left\">\n<div style=\"MARGIN-LEFT: 0.13cm\"><span style=\"color: #ff0000;\"><span style=\"font-family: Times New Roman;\"><strong><\/p>\n<p><\/strong><\/span><\/span>\u00a0<\/p>\n<div><span style=\"color: #ff0000;\"><span style=\"font-family: Times New Roman;\"><strong>\u00a0<\/strong><\/span><\/span><\/div>\n<div><span style=\"color: #ff0000;\"><span style=\"font-family: Times New Roman;\"><strong>\u00a0<\/strong><\/span><\/span><\/div>\n<p><span style=\"color: #ff0000;\"><span style=\"font-family: Times New Roman;\"><strong>\u00a0<\/p>\n<p><\/strong><\/span><\/span><\/p>\n<p style=\"MARGIN-LEFT: 0.13cm\" align=\"left\"><span style=\"color: #ff0000;\"><span style=\"font-family: Times New Roman;\"><strong>+ Vangelo <\/strong><\/span><\/span><\/p>\n<div style=\"MARGIN-LEFT: 0.13cm\"><span style=\"color: #ff0000;\"><span style=\"font-family: Times New Roman;\">Mt 7,21.24-27<br \/>\nChi fa la volont\u00e0 del Padre mio, entrer\u00e0 nel regno dei cieli.<\/span><\/span><\/div>\n<div><span style=\"color: #ff0000;\"><span style=\"font-family: Times New Roman;\"><span style=\"color: #ff0000;\"><span style=\"font-family: Times New Roman;\"><em>Dal vangelo secondo Matteo<\/em><\/span><\/span><span style=\"color: #ff0000;\"><span style=\"font-family: Times New Roman;\"><br \/>\n<\/span><\/span><span style=\"color: #000000;\"><span style=\"font-family: Times New Roman;\">In quel tempo, Ges\u00f9 disse ai suoi discepoli:<br \/>\n\u00abNon chiunque mi dice: \u201cSignore, Signore\u201d, entrer\u00e0 nel regno dei cieli, ma colui che fa la volont\u00e0 del Padre mio che \u00e8 nei cieli.<br \/>\nPerci\u00f2 chiunque ascolta queste mie parole e le mette in pratica, sar\u00e0 simile a un uomo saggio, che ha costruito la sua casa sulla roccia. Cadde la pioggia, strariparono i fiumi, soffiarono i venti e si abbatterono su quella casa, ma essa non cadde, perch\u00e9 era fondata sulla roccia.<br \/>\nChiunque ascolta queste mie parole e non le mette in pratica, sar\u00e0 simile a un uomo stolto, che ha costruito la sua casa sulla sabbia. Cadde la pioggia, strariparono i fiumi, soffiarono i venti e si abbatterono su quella casa, ed essa cadde e la sua rovina fu grande\u00bb.<\/span><\/span><\/span><\/span><\/div>\n<div><span style=\"color: #ff0000;\"><span style=\"font-family: Times New Roman;\">\u00a0<\/span><\/span><\/div>\n<p><span style=\"color: #ff0000;\"><span style=\"font-family: Times New Roman;\">\u00a0<\/p>\n<p><\/span><\/span><\/div><\/p>\n","protected":false},"excerpt":{"rendered":"<p>Semplice cerimonia per\u00a0la riapertura al Culto della Chiesa di &#8220;Ges\u00f9 e Maria del Buon Viaggio&#8221;. Puntuale alle 18.00, l&#8217;Arcivescovo Calogero La Piana, alla presenza di mons. Pippo Principato\u00a0Parroco di Sant&#8217;Elena &hellip; <\/p>\n","protected":false},"author":2,"featured_media":0,"comment_status":"open","ping_status":"open","sticky":false,"template":"","format":"standard","meta":{"footnotes":""},"categories":[6,79],"tags":[425,431],"class_list":["post-3750","post","type-post","status-publish","format-standard","hentry","category-chiesa_cattolica","category-parrocchia-santelena","tag-chiesa_cattolica","tag-sociale"],"_links":{"self":[{"href":"https:\/\/www.carlofrancio.net\/index.php?rest_route=\/wp\/v2\/posts\/3750","targetHints":{"allow":["GET"]}}],"collection":[{"href":"https:\/\/www.carlofrancio.net\/index.php?rest_route=\/wp\/v2\/posts"}],"about":[{"href":"https:\/\/www.carlofrancio.net\/index.php?rest_route=\/wp\/v2\/types\/post"}],"author":[{"embeddable":true,"href":"https:\/\/www.carlofrancio.net\/index.php?rest_route=\/wp\/v2\/users\/2"}],"replies":[{"embeddable":true,"href":"https:\/\/www.carlofrancio.net\/index.php?rest_route=%2Fwp%2Fv2%2Fcomments&post=3750"}],"version-history":[{"count":0,"href":"https:\/\/www.carlofrancio.net\/index.php?rest_route=\/wp\/v2\/posts\/3750\/revisions"}],"wp:attachment":[{"href":"https:\/\/www.carlofrancio.net\/index.php?rest_route=%2Fwp%2Fv2%2Fmedia&parent=3750"}],"wp:term":[{"taxonomy":"category","embeddable":true,"href":"https:\/\/www.carlofrancio.net\/index.php?rest_route=%2Fwp%2Fv2%2Fcategories&post=3750"},{"taxonomy":"post_tag","embeddable":true,"href":"https:\/\/www.carlofrancio.net\/index.php?rest_route=%2Fwp%2Fv2%2Ftags&post=3750"}],"curies":[{"name":"wp","href":"https:\/\/api.w.org\/{rel}","templated":true}]}}