{"id":3716,"date":"2009-12-02T12:30:32","date_gmt":"2009-12-02T11:30:32","guid":{"rendered":"https:\/\/www.carlofrancio.net\/blog\/?p=3716"},"modified":"2009-12-02T12:30:32","modified_gmt":"2009-12-02T11:30:32","slug":"%c2%abla-bibbia-sulle-strade-del-mondo%c2%bb-unoccasione-vera-di-riflessioni-comunitarie-sulla-parola-oggi","status":"publish","type":"post","link":"https:\/\/www.carlofrancio.net\/?p=3716","title":{"rendered":"\u00abLa Bibbia sulle strade del mondo\u00bb &#8211; Un&#039;occasione vera di riflessioni comunitarie sulla &quot;Parola&quot; &#8211; oggi."},"content":{"rendered":"<p style=\"text-align: left; text-indent: 0.64cm; margin-bottom: 0cm;\"><strong><a href=\"https:\/\/www.carlofrancio.net\/blog\/wp-content\/uploads\/2009\/12\/IMG_0055.JPG\"><img loading=\"lazy\" decoding=\"async\" class=\"alignleft size-medium wp-image-3717\" title=\"IMG_0055\" src=\"https:\/\/www.carlofrancio.net\/blog\/wp-content\/uploads\/2009\/12\/IMG_0055-300x225.jpg\" alt=\"IMG_0055\" width=\"300\" height=\"225\" \/><\/a>Quando si lavora insieme (7 gruppi)per\u00a0un servizio di conoscenza, quando gli oratori, tutti,\u00a0mettono in comune con l&#8217;Uditorio, non il loro &#8216;sapere, ma il frutto della loro personale esperienza nel difficile cammino di conversione per il grande obiettivo di rendere visibile ad ogni uomo\u00a0il Dio che dichiara ad Abramo: <\/strong><strong>\u201cIn Te saranno benedette tutte le famiglie della Terra\u201d <\/strong>(Gen. 12,3). \u201c:<a href=\"https:\/\/www.carlofrancio.net\/blog\/wp-content\/uploads\/2009\/12\/IMG_0050.JPG\"><img loading=\"lazy\" decoding=\"async\" class=\"alignright size-medium wp-image-3718\" title=\"IMG_0050\" src=\"https:\/\/www.carlofrancio.net\/blog\/wp-content\/uploads\/2009\/12\/IMG_0050-300x225.jpg\" alt=\"IMG_0050\" width=\"243\" height=\"183\" \/><\/a>\u00a0Possiamo utilmente affermare, che questa &#8216;Due giorni, con tre sessioni, ha saputo scrivere una bella\u00a0pagina nel cammino di una &#8216;porzione della pi\u00f9 vasta comunit\u00e0 Messinese.<\/p>\n<p style=\"text-align: left; text-indent: 0.64cm; margin-bottom: 0cm;\"><strong>Ripercorriamo per immagini la serie di interventi, modificati rispetto al piano iniziale, per cui la relazione di Pino Ruggieri, ha fatto seguito a quella di Paolo Ricca.<\/strong><\/p>\n<p style=\"text-align: left; text-indent: 0.64cm; margin-bottom: 0cm;\"><a href=\"https:\/\/www.carlofrancio.net\/blog\/wp-content\/uploads\/2009\/12\/IMG_0049.JPG\"><img loading=\"lazy\" decoding=\"async\" class=\"alignleft size-thumbnail wp-image-3723\" title=\"IMG_0049\" src=\"https:\/\/www.carlofrancio.net\/blog\/wp-content\/uploads\/2009\/12\/IMG_0049-150x150.jpg\" alt=\"IMG_0049\" width=\"150\" height=\"150\" \/><\/a>Il saluto iniziale \u00e8 di<strong> <span style=\"color: #0000ff;\">Rosario D&#8217;Anna<\/span>, <\/strong>moderatore<strong> <span style=\"color: #0000ff;\">Dino Calderone<\/span>.<\/strong><\/p>\n<p style=\"text-align: left; text-indent: 0.64cm; margin-bottom: 0cm;\"><a href=\"https:\/\/www.carlofrancio.net\/blog\/wp-content\/uploads\/2009\/12\/IMG_0052.JPG\"><img loading=\"lazy\" decoding=\"async\" class=\"alignright size-thumbnail wp-image-3724\" title=\"IMG_0052\" src=\"https:\/\/www.carlofrancio.net\/blog\/wp-content\/uploads\/2009\/12\/IMG_0052-150x150.jpg\" alt=\"IMG_0052\" width=\"150\" height=\"150\" \/><\/a>Inizia<strong> <span style=\"color: #0000ff;\">Silvia Geraci<\/span> (<\/strong>relazione dei gruppi di studio sul libro del <strong>teologo valdese <span style=\"color: #0000ff;\">Paolo Ricca<\/span>, \u201cAbramo, l\u2019alleanza, il Dio di ogni uomo: tra Bibbia e riflessione filosofica\u201d),<\/strong> a seguire lo stesso autore<strong>\u00a0<\/strong>ha illuminato il tema <strong><em>\u201cDalla minoranza all\u2019universalismo. La condizione di minoranza come vocazione delle Chiese?\u201d.<\/em><a href=\"https:\/\/www.carlofrancio.net\/blog\/wp-content\/uploads\/2009\/12\/IMG_0057.JPG\"><em><img loading=\"lazy\" decoding=\"async\" class=\"alignright size-medium wp-image-3726\" title=\"IMG_0057\" src=\"https:\/\/www.carlofrancio.net\/blog\/wp-content\/uploads\/2009\/12\/IMG_0057-300x225.jpg\" alt=\"IMG_0057\" width=\"240\" height=\"180\" \/><\/em><\/a><\/strong><\/p>\n<p style=\"text-align: left; text-indent: 0.64cm; margin-bottom: 0cm;\"><strong>Quasi in risposta\u00a0il<\/strong>\u00a0teologo cattolico <span style=\"color: #0000ff;\"><strong>Pino Ruggieri<\/strong><\/span> (dell\u2019Istituto Teologico S. Paolo di Catania)\u00a0ha &#8216;vangato sul tema <strong><em>\u201cIl Dio di Ges\u00f9 tra accaparramenti e visioni planetarie di salvezza\u201d.<\/em><\/strong><\/p>\n<p style=\"text-align: left; text-indent: 0.64cm; margin-bottom: 0cm;\"><a href=\"https:\/\/www.carlofrancio.net\/blog\/wp-content\/uploads\/2009\/12\/IMG_0060.JPG\"><img loading=\"lazy\" decoding=\"async\" class=\"alignleft size-thumbnail wp-image-3727\" title=\"IMG_0060\" src=\"https:\/\/www.carlofrancio.net\/blog\/wp-content\/uploads\/2009\/12\/IMG_0060-150x150.jpg\" alt=\"IMG_0060\" width=\"150\" height=\"150\" \/><\/a>In ultimo ha tirato le somme <span style=\"color: #0000ff;\"><strong>Sandro Gorgone<\/strong><\/span> (Universit\u00e0 di Friburgo), dando il destro a ulteriori 8 apprezzati interventi del &#8216;pubblico, che hanno colto vari aspetti delle Relazioni e fornito anche importanti considerazioni.<\/p>\n<p style=\"MARGIN-BOTTOM: 0cm\"><a href=\"https:\/\/www.carlofrancio.net\/blog\/wp-content\/uploads\/2009\/12\/IMG_0091.JPG\"><img loading=\"lazy\" decoding=\"async\" class=\"alignleft size-thumbnail wp-image-3733\" title=\"IMG_0091\" src=\"https:\/\/www.carlofrancio.net\/blog\/wp-content\/uploads\/2009\/12\/IMG_0091-150x150.jpg\" alt=\"IMG_0091\" width=\"150\" height=\"150\" \/><\/a>Sabato,14 \u00e8 stata\u00a0\u00a0<span style=\"color: #0000ff;\"><strong>Antonietta Mondello Signorino\u00a0<\/strong><\/span>ad introdurre e moderare i lavori\u00a0della II sessione dal titolo \u201cLe testimonianz<a href=\"https:\/\/www.carlofrancio.net\/blog\/wp-content\/uploads\/2009\/12\/IMG_0090.JPG\"><img loading=\"lazy\" decoding=\"async\" class=\"alignright size-medium wp-image-3734\" title=\"IMG_0090\" src=\"https:\/\/www.carlofrancio.net\/blog\/wp-content\/uploads\/2009\/12\/IMG_0090-300x225.jpg\" alt=\"IMG_0090\" width=\"300\" height=\"225\" \/><\/a>e\u201d, straripante e godibilissimo l&#8217;ntervento di <span style=\"color: #0000ff;\"><strong>Karim Hannachi<\/strong><\/span> studioso, storico e teologo islamico dell\u2019Universit\u00e0 di Palermo sul tema <strong>\u201cIsl\u00e0m e Occidente: dialogo possibile o scontro inevitabile?\u201d<\/strong>, fulminanti alcune osservazioni sulla situazione attuale e su precedenti\u00a0Dichiarazioni.<\/p>\n<p style=\"MARGIN-BOTTOM: 0cm\">E&#8217; toccato poi a\u00a0don <span style=\"color: #0000ff;\"><strong>Pippo Gliozzo<\/strong><\/span> su <strong>\u201cLa presenza di diversi e di diversit\u00e0 in una parrocchia urbana\u201d<\/strong>; che con molta umilt\u00e0 ha arricchito l&#8217;Evangelico concetto di &#8216;Accoglienza, raccontando con semplicit\u00e0 la vita quotidiana di una realt\u00e0 diocesana.<\/p>\n<p style=\"MARGIN-BOTTOM: 0cm\"><a href=\"https:\/\/www.carlofrancio.net\/blog\/wp-content\/uploads\/2009\/12\/IMG_0089.JPG\"><img loading=\"lazy\" decoding=\"async\" class=\"alignleft size-thumbnail wp-image-3735\" title=\"IMG_0089\" src=\"https:\/\/www.carlofrancio.net\/blog\/wp-content\/uploads\/2009\/12\/IMG_0089-150x150.jpg\" alt=\"IMG_0089\" width=\"150\" height=\"150\" \/><\/a><span style=\"color: #0000ff;\"><strong>Carmelo Labate<\/strong><\/span> ha letto l&#8217;interessantissima relazione del pastore valdese <span style=\"color: #0000ff;\"><strong>Jens Hansen<\/strong><\/span>(assente per motivi di salute) sul tema <strong>\u201cUn percorso di dialogo con non credenti e cristiani&#8221;<\/strong> .<\/p>\n<p style=\"MARGIN-BOTTOM: 0cm\"><a href=\"https:\/\/www.carlofrancio.net\/blog\/wp-content\/uploads\/2009\/12\/IMG_01101.JPG\"><img loading=\"lazy\" decoding=\"async\" class=\"alignright size-medium wp-image-3741\" title=\"IMG_0110\" src=\"https:\/\/www.carlofrancio.net\/blog\/wp-content\/uploads\/2009\/12\/IMG_01101-300x225.jpg\" alt=\"IMG_0110\" width=\"300\" height=\"225\" \/><\/a>Appassionato, documentato,\u00a0sofferto\u00a0ed anche condiviso dal pubblico, l&#8217;intervento di <span style=\"color: #0000ff;\"><strong>Gabriella Caramore, <\/strong><\/span>giornalista di Radio 3\u00a0sul tema <strong>\u201cI figli del Dio vivente: fratelli o nemici?\u201d<\/strong>.<\/p>\n<p style=\"MARGIN-BOTTOM: 0cm\"><a href=\"https:\/\/www.carlofrancio.net\/blog\/wp-content\/uploads\/2009\/12\/IMG_0115.JPG\"><img loading=\"lazy\" decoding=\"async\" class=\"alignleft size-thumbnail wp-image-3736\" title=\"IMG_0115\" src=\"https:\/\/www.carlofrancio.net\/blog\/wp-content\/uploads\/2009\/12\/IMG_0115-150x150.jpg\" alt=\"IMG_0115\" width=\"150\" height=\"150\" \/><\/a>Molto snello ma apprezzato l\u2019intervento programmato di <span style=\"color: #0000ff;\"><strong>Alessia Pesaresi<\/strong><\/span> (Comunit\u00e0 di Sant\u2019Egidio) sul tema <em><strong>\u201cEducare alla pace in un clima di tensioni\u201d<\/strong><\/em><\/p>\n<p style=\"MARGIN-BOTTOM: 0cm\"><strong><em><a href=\"https:\/\/www.carlofrancio.net\/blog\/wp-content\/uploads\/2009\/12\/IMG_0125.JPG\"><img loading=\"lazy\" decoding=\"async\" class=\"size-medium wp-image-3739 alignright\" title=\"IMG_0125\" src=\"https:\/\/www.carlofrancio.net\/blog\/wp-content\/uploads\/2009\/12\/IMG_0125-300x225.jpg\" alt=\"IMG_0125\" width=\"240\" height=\"180\" \/><\/a>Coinvolgente <\/em><\/strong>e condito anche di una sana vena di autocritica, come Comunit\u00e0 Cristiana, l&#8217;intervento\u00a0di padre <span style=\"color: #0000ff;\"><strong>Ettore Sentimentale<\/strong><\/span>, <em>parroco di S. Luca , sull\u2019esperienza di matrimoni misti nella Comunit\u00e0 parrocchiale di Messina. <\/em><a href=\"https:\/\/www.carlofrancio.net\/blog\/wp-content\/uploads\/2009\/12\/IMG_0126.JPG\"><em><img loading=\"lazy\" decoding=\"async\" class=\"alignright size-medium wp-image-3743\" title=\"IMG_0126\" src=\"https:\/\/www.carlofrancio.net\/blog\/wp-content\/uploads\/2009\/12\/IMG_0126-300x225.jpg\" alt=\"IMG_0126\" width=\"216\" height=\"162\" \/><\/em><\/a><\/p>\n<p style=\"MARGIN-BOTTOM: 0cm\"><em>Niente conclusioni perch\u00e8 <span style=\"color: #0000ff;\"><strong>Carmelo Labate, <\/strong><\/span>saggiamente, vista l&#8217;ora le ha\u00a0rimandate. Nella terza sessione\u00a0 coordinata da <\/em><strong><span style=\"color: #0000ff;\">Nino Mantineo<\/span> <\/strong><em>sono intervenuti <strong><span style=\"color: #0000ff;\">Pippo Lipari e<\/span><\/strong> <strong><span style=\"color: #0000ff;\">Antonio Amato<\/span><\/strong>. Le conclusioni sono state tratte da<\/em> <strong><span style=\"color: #0000ff;\">Caterina Resta.<\/span><\/strong><\/p>\n<p style=\"MARGIN-BOTTOM: 0cm\"><em>Per una cronaca e analisi dettagliata <a href=\"https:\/\/www.carlofrancio.net\/blog\/wp-content\/uploads\/2009\/12\/IMG_00591.JPG\"><img loading=\"lazy\" decoding=\"async\" class=\"size-medium wp-image-3744 alignright\" title=\"IMG_0059\" src=\"https:\/\/www.carlofrancio.net\/blog\/wp-content\/uploads\/2009\/12\/IMG_00591-300x225.jpg\" alt=\"IMG_0059\" width=\"270\" height=\"203\" \/><\/a>dell&#8217;evento e da condividere il prezioso articolo di\u00a0 <\/em><span style=\"color: #0000ff;\"><strong><em>Santino Irrera <\/em><\/strong>sul <strong><em>NuovoSoldo.it<\/em><\/strong><\/span><\/p>\n<p style=\"MARGIN-BOTTOM: 0cm\"><strong><em><span style=\"color: #0000ff;\"><a href=\"https:\/\/www.carlofrancio.net\/blog\/wp-content\/uploads\/2009\/12\/IMG_00591.JPG\"><\/a><\/span><\/em><\/strong><\/p>\n<p style=\"MARGIN-BOTTOM: 0cm\">\u00a0<\/p>\n<p style=\"MARGIN-BOTTOM: 0cm\">\u00a0<\/p>\n<p style=\"MARGIN-BOTTOM: 0cm\">A seguire Documento Finale<\/p>\n<p style=\"MARGIN-BOTTOM: 0cm\">\u00a0<\/p>\n<p style=\"MARGIN-BOTTOM: 0cm\">\u00a0<\/p>\n<p style=\"MARGIN-BOTTOM: 0cm\"><!--more--><\/p>\n<p style=\"MARGIN-BOTTOM: 0cm\">Il documento programmatico e \u2018politico\u2019 finale:<\/p>\n<p style=\"MARGIN-BOTTOM: 0cm\">Noi comunit\u00e0 cristiana di Messina, donne ed uomini riuniti per riflettere sul significato della Parola di Dio oggi, come richiamata dal versetto \u201cIn te saranno benedette tutte le famiglie della terra\u201d (Gen., 12, 3) :<\/p>\n<p style=\"MARGIN-BOTTOM: 0cm\">\u00a0<\/p>\n<ol>\n<li>\n<p style=\"MARGIN-BOTTOM: 0cm\">Avvertiamo come sia ancora lontana e gravemente compromessa la promessa fatta da Dio ad Abramo, padre comune nella fede per ebrei, cristiani e mussulmani, promessa che si estende a tutte le famiglie della terra;<\/p>\n<\/li>\n<li>\n<p style=\"MARGIN-BOTTOM: 0cm\">Sperimentiamo, infatti, quante siano le divisioni, le contrapposizioni, le ineguaglianze e le discriminazioni che, talvolta, anche in nome di Dio vengono incusse a tanta parte di umanit\u00e0, la cui maggioranza vive oppressa da una minoranza;<\/p>\n<\/li>\n<li>\n<p style=\"MARGIN-BOTTOM: 0cm\">Soffriamo perch\u00e9 anche all\u2019interno della Chiesa, spesso, sono presenti e, tuttora, esercitate logiche e introdotti comportamenti di emarginazione e di esclusione che non possono trovare alcuna giustificazione, neppure in nome dell\u2019unit\u00e0 della fede, perch\u00e9 condizione principale di ogni uomo, creato ad immagine di Dio, e di ogni battezzato rimane la dignit\u00e0 e la libert\u00e0 personali (cfr. Cost. Dignitatis humanae, e Gaudium et Spes) purch\u00e9 esercitate nel rispetto verso gli altri. Tale dignit\u00e0 \u00e8 da tutelare e sviluppare, con il concorso dei cristiani, soprattutto nei confronti dei pi\u00f9 deboli, innanzitutto verso le donne e i bambini, e gli stranieri;<\/p>\n<\/li>\n<li>\n<p style=\"MARGIN-BOTTOM: 0cm\">Auspichiamo che riprenda nelle Chiese con coraggio e fiducia, a partire dai livelli locali e fino a coinvolgere i responsabili apicali, il dialogo ecumenico ed interreligioso, perch\u00e9 le diverse confessioni cristiane e le diverse religioni siano segno tangibile della comprensione reciproca e della ricerca di unit\u00e0 nella Chiesa e nell\u2019umanit\u00e0 intera, avvalorando e sostenendo le ragioni del dialogo e del rispetto, e riducendo i conflitti e le incomprensioni. E ci\u00f2 non nella prospettiva d\u2019inglobare le posizioni pi\u00f9 intransigenti e conservatrici che, pure, sono presenti, ma nella prospettiva che le religioni si pongano al servizio dell\u2019uomo e dell\u2019ambiente in cui abita;<\/p>\n<\/li>\n<li>\n<p style=\"MARGIN-BOTTOM: 0cm\">Chiediamo che dentro la Chiesa cattolica si favoriscano processi di democratizzazione e di collegialit\u00e0, non solo nella sua struttura gerarchica ma anche nelle chiese locali. Tali percorsi, probabilmente dai tempi lunghi, sono stati segnati gi\u00e0 dai principi del Concilio Vaticano II ma richiedono una pi\u00f9 compiuta e coerente attuazione e, oggi, una ripresa;<\/p>\n<\/li>\n<li>\n<p style=\"MARGIN-BOTTOM: 0cm\">Confidiamo, perci\u00f2, in una maggiore responsabilit\u00e0 di noi laici, i quali, senza condizionamenti, paure, atteggiamenti di clericalismo e servilismo, siamo chiamati nel lavoro, nell\u2019economia, nella politica, nella ricerca scientifica a dare un maggiore contributo ai problemi dell\u2019umanit\u00e0, compresa quella del nostro Paese, che appare molto sfiduciata ed attraversata da una profonda crisi;<\/p>\n<\/li>\n<li>\n<p style=\"MARGIN-BOTTOM: 0cm\">Siamo consapevoli, come figli di questa Chiesa italiana, di avere lasciato alle spalle un lungo periodo di compromessi con il potere politico, anche se le conseguenze sono tutte sotto i nostri occhi, rinunciando ad essere testimoni dell\u2019essenzialit\u00e0 e radicalit\u00e0 del Vangelo di Ges\u00f9. Tali condizioni hanno contribuito a determinare una societ\u00e0 che non pu\u00f2 dirsi cristiana se produce leggi che offendono la dignit\u00e0 umana, specie delle minoranze costituite da stranieri e rom; o, ancora, quando tende a marginalizzare migliaia di giovani senza lavoro, o precari a vita, senza garanzie e speranze;<\/p>\n<\/li>\n<li>\n<p style=\"MARGIN-BOTTOM: 0cm\">Sosteniamo gli atti di accoglienza e di amore con i quali tante chiese ed anche tanti pastori, presbiteri e battezzati, si aprono verso le famiglie, le donne e gli uomini provati dal dolore e dalla sofferenza di separazioni e divorzi e che, risposati, non sono esclusi dalle comunit\u00e0;<\/p>\n<\/li>\n<li>\n<p style=\"MARGIN-BOTTOM: 0cm\">Crediamo vada perci\u00f2 migliorata ed intensificata la pastoralit\u00e0 e la cura verso tutte le famiglie e verso tutte le relazioni affettive, fondate sull\u2019amore, anche quando non consacrate nel sacramento del matrimonio, perch\u00e9 la promessa della benedizione si estende a tutti coloro che amano e sono amati;<\/p>\n<\/li>\n<li>\n<p style=\"MARGIN-BOTTOM: 0cm\">Condividiamo con i nostri Vescovi, soprattutto quelli delle Chiese del Meridione, l\u2019attenzione e la denuncia a favore della legalit\u00e0 e della giustizia sociale nei nostri territori;<\/p>\n<\/li>\n<li>\n<p style=\"MARGIN-BOTTOM: 0cm\">Rivendichiamo il diritto e la responsabilit\u00e0 ad una riforma della politica e ad un rinnovamento della rappresentanza della politica e dei politici, ispirati ad un\u2019etica pubblica e privata ed al perseguimento del bene comune ed alla soluzione concreta delle sfide odierne;<\/p>\n<\/li>\n<li>\n<p style=\"MARGIN-BOTTOM: 0cm\">Facciamo nostra la sofferenza delle famiglie messinesi, colpite dall\u2019alluvione, e con il nostro Vescovo di Messina chiediamo non vane e strumentali promesse ma l\u2019impegno concreto per ricreare condizioni di vita dignitose, una casa, un lavoro, dentro un territorio bello ma troppo violentato;<\/p>\n<\/li>\n<li>\n<p style=\"MARGIN-BOTTOM: 0cm\">Sogniamo e preghiamo perch\u00e9, con tutte le diverse famiglie che costituiscono il genere umano, sappiamo riconoscerci come fratelli, perch\u00e9 insieme chiamati a costruire il regno d\u2019Amore, a cominciare da ora e qui, su questa comune terra.<\/p>\n<\/li>\n<\/ol>\n<p style=\"MARGIN-BOTTOM: 0cm\">\u00a0<\/p>\n","protected":false},"excerpt":{"rendered":"<p>Quando si lavora insieme (7 gruppi)per\u00a0un servizio di conoscenza, quando gli oratori, tutti,\u00a0mettono in comune con l&#8217;Uditorio, non il loro &#8216;sapere, ma il frutto della loro personale esperienza nel difficile &hellip; <\/p>\n","protected":false},"author":2,"featured_media":0,"comment_status":"open","ping_status":"open","sticky":false,"template":"","format":"standard","meta":{"footnotes":""},"categories":[71,78,65,21,23,76,56,77],"tags":[425,426,32,52],"class_list":["post-3716","post","type-post","status-publish","format-standard","hentry","category-ass-terra-e-cielo","category-azione-cattolica","category-comunita-di-s-egidio","category-meic","category-nuovi-orizzonti","category-parrocchia-san-luca","category-servizi-attivita-ecumeniche","category-universita","tag-chiesa_cattolica","tag-cultura","tag-ecumenismo","tag-volontariato"],"_links":{"self":[{"href":"https:\/\/www.carlofrancio.net\/index.php?rest_route=\/wp\/v2\/posts\/3716","targetHints":{"allow":["GET"]}}],"collection":[{"href":"https:\/\/www.carlofrancio.net\/index.php?rest_route=\/wp\/v2\/posts"}],"about":[{"href":"https:\/\/www.carlofrancio.net\/index.php?rest_route=\/wp\/v2\/types\/post"}],"author":[{"embeddable":true,"href":"https:\/\/www.carlofrancio.net\/index.php?rest_route=\/wp\/v2\/users\/2"}],"replies":[{"embeddable":true,"href":"https:\/\/www.carlofrancio.net\/index.php?rest_route=%2Fwp%2Fv2%2Fcomments&post=3716"}],"version-history":[{"count":0,"href":"https:\/\/www.carlofrancio.net\/index.php?rest_route=\/wp\/v2\/posts\/3716\/revisions"}],"wp:attachment":[{"href":"https:\/\/www.carlofrancio.net\/index.php?rest_route=%2Fwp%2Fv2%2Fmedia&parent=3716"}],"wp:term":[{"taxonomy":"category","embeddable":true,"href":"https:\/\/www.carlofrancio.net\/index.php?rest_route=%2Fwp%2Fv2%2Fcategories&post=3716"},{"taxonomy":"post_tag","embeddable":true,"href":"https:\/\/www.carlofrancio.net\/index.php?rest_route=%2Fwp%2Fv2%2Ftags&post=3716"}],"curies":[{"name":"wp","href":"https:\/\/api.w.org\/{rel}","templated":true}]}}