{"id":3599,"date":"2009-11-16T21:37:03","date_gmt":"2009-11-16T20:37:03","guid":{"rendered":"https:\/\/www.carlofrancio.net\/blog\/?p=3599"},"modified":"2009-11-16T21:37:03","modified_gmt":"2009-11-16T20:37:03","slug":"parrocchia-san-luca-una-veglia-di-preghiera-con-la-fraternita-romena-di-pratovecchio-arezzo","status":"publish","type":"post","link":"https:\/\/www.carlofrancio.net\/?p=3599","title":{"rendered":"Parrocchia San LUCA  &#8211; Una Veglia di preghiera con la Fraternit\u00e0 Romena di Pratovecchio &#8211; (Arezzo)"},"content":{"rendered":"<p><strong><span style=\"color: #0000ff;\">Molti s<\/span><\/strong><strong><span style=\"color: #0000ff;\">ono i modi per pregare e<a href=\"https:\/\/www.carlofrancio.net\/blog\/wp-content\/uploads\/2009\/11\/IMG_0085.JPG\"><img loading=\"lazy\" decoding=\"async\" class=\"size-thumbnail wp-image-3597 alignleft\" title=\"IMG_0085\" src=\"https:\/\/www.carlofrancio.net\/blog\/wp-content\/uploads\/2009\/11\/IMG_0085-150x150.jpg\" alt=\"IMG_0085\" width=\"300\" height=\"300\" \/><\/a> vegliare<\/span>.<\/strong><\/p>\n<p><span style=\"color: #003300;\">Quello proposto<\/span><strong>,<span style=\"color: #800080;\">Venerd\u00ec 13 Novembre alle ore 20.00<\/span>, <\/strong><span style=\"color: #003300;\">dalla<strong> &#8220;Fraternit\u00e0 Romena&#8221; <\/strong>alla<strong> Comunit\u00e0 di San Luca<\/strong><\/span><strong>,\u00a0ha\u00a0il pregio di essere stato veramente coinvolgente.<\/strong><\/p>\n<p><span style=\"color: #003300;\">L&#8217;unico\u00a0pannello costituito da vari riquadri, diversi per forma, dimensioni e colori, ha costituito lo sfondo per una bella scenografia impreziosita in alto dalla statua della<\/span> <span style=\"color: #0000ff;\"><strong>Madonna<\/strong><\/span>.<a href=\"https:\/\/www.carlofrancio.net\/blog\/wp-content\/uploads\/2009\/11\/Romena-1_1.jpg\"><img loading=\"lazy\" decoding=\"async\" class=\"alignright size-thumbnail wp-image-3616\" title=\"Romena-1_1\" src=\"https:\/\/www.carlofrancio.net\/blog\/wp-content\/uploads\/2009\/11\/Romena-1_1-150x150.jpg\" alt=\"Romena-1_1\" width=\"150\" height=\"150\" \/><\/a><\/p>\n<p><img loading=\"lazy\" decoding=\"async\" class=\"size-thumbnail wp-image-3604 alignleft\" title=\"IMG_0083\" src=\"https:\/\/www.carlofrancio.net\/blog\/wp-content\/uploads\/2009\/11\/IMG_0083-150x150.jpg\" alt=\"Comunit\u00e0 di San Luca\" width=\"150\" height=\"150\" \/>Presentati, brevemente e con semplicit\u00e0, dal\u00a0Parroco <strong><span style=\"color: #008000;\">Ettore<\/span> <span style=\"color: #008000;\">Sentimentale<\/span><\/strong>, i <strong><span style=\"color: #003300;\">componenti<\/span><\/strong> la <span style=\"color: #008000;\"><strong>Fraternit\u00e0 Romena<\/strong> <\/span>hanno dato subito inizio alla <strong><span style=\"color: #0000ff;\">Veglia.<\/span><\/strong>\u00a0<\/p>\n<div class=\"mceTemp\">Prima con il <span style=\"color: #800080;\">canto<\/span> <strong><span style=\"color: #ff00ff;\">donami i tuoi occhi<\/span><\/strong> e poi il susseguirsi di <span style=\"color: #339966;\"><strong>tre momenti<\/strong> <\/span>essenziali:\u00a0<a href=\"https:\/\/www.carlofrancio.net\/blog\/wp-content\/uploads\/2009\/11\/Romena-2_2.jpg\"><img loading=\"lazy\" decoding=\"async\" class=\"alignleft size-thumbnail wp-image-3610\" title=\"Romena-2_2\" src=\"https:\/\/www.carlofrancio.net\/blog\/wp-content\/uploads\/2009\/11\/Romena-2_2-150x150.jpg\" alt=\"Romena-2_2\" width=\"150\" height=\"150\" \/><\/a><a href=\"https:\/\/www.carlofrancio.net\/blog\/wp-content\/uploads\/2009\/11\/Romena-5_2.jpg\"><img loading=\"lazy\" decoding=\"async\" class=\"alignright size-thumbnail wp-image-3612\" title=\"Romena-5_2\" src=\"https:\/\/www.carlofrancio.net\/blog\/wp-content\/uploads\/2009\/11\/Romena-5_2-150x150.jpg\" alt=\"Romena-5_2\" width=\"150\" height=\"150\" \/><\/a><a href=\"https:\/\/www.carlofrancio.net\/blog\/wp-content\/uploads\/2009\/11\/Romena-4_1.jpg\"><img loading=\"lazy\" decoding=\"async\" class=\"size-thumbnail wp-image-3611 alignright\" title=\"Romena-4_1\" src=\"https:\/\/www.carlofrancio.net\/blog\/wp-content\/uploads\/2009\/11\/Romena-4_1-150x150.jpg\" alt=\"Romena-4_1\" width=\"150\" height=\"150\" \/><\/a><span style=\"color: #008000;\">Ricominciamo\u00a0con quello che c&#8217;\u00e8<\/span> &#8211;<span style=\"color: #0000ff;\">Partorirai con sforzo<\/span> &#8211; <span style=\"color: #ff0000;\">Dio \u00e8 un bacio\u00a0<\/span><\/div>\n<p>Ciascuno di questi momenti era composto dalla stessa seguenza :<\/p>\n<p><a href=\"https:\/\/www.carlofrancio.net\/blog\/wp-content\/uploads\/2009\/11\/Romena-2_1.jpg\"><img loading=\"lazy\" decoding=\"async\" class=\"alignleft size-thumbnail wp-image-3613\" title=\"Romena-2_1\" src=\"https:\/\/www.carlofrancio.net\/blog\/wp-content\/uploads\/2009\/11\/Romena-2_1-150x150.jpg\" alt=\"Romena-2_1\" width=\"150\" height=\"150\" \/><\/a><a href=\"https:\/\/www.carlofrancio.net\/blog\/wp-content\/uploads\/2009\/11\/Romena-3_2.jpg\"><img loading=\"lazy\" decoding=\"async\" class=\"alignright size-thumbnail wp-image-3614\" title=\"Romena-3_2\" src=\"https:\/\/www.carlofrancio.net\/blog\/wp-content\/uploads\/2009\/11\/Romena-3_2-150x150.jpg\" alt=\"Romena-3_2\" width=\"150\" height=\"150\" \/><\/a><span style=\"color: #003300;\">Lettura Biblica<\/span> &#8211;\u00a0\u00a0\u00a0\u00a0 <span style=\"color: #008080;\">Silenzio e Parole<\/span> &#8211;\u00a0\u00a0 <span style=\"color: #3366ff;\">Musica e Parole <\/span>&#8211; <span style=\"color: #993366;\">Preghiera e Canto<\/span><\/p>\n<p>Al termine un momento di profonda dolcezza, un unguento ed un cero profumato, con la\u00a0<span style=\"color: #000080;\"><strong>&#8216;Carezza di\u00a0Dio <\/strong><\/span>per\u00a0ciascuno. Si! siamo entrati in sintonia, con il percorso della vita, quella piena di pericoli ed insidie ma illuminata dalla <a href=\"https:\/\/www.carlofrancio.net\/blog\/wp-content\/uploads\/2009\/11\/IMG_0082.JPG\"><img loading=\"lazy\" decoding=\"async\" class=\"size-medium wp-image-3603 alignleft\" title=\"IMG_0082\" src=\"https:\/\/www.carlofrancio.net\/blog\/wp-content\/uploads\/2009\/11\/IMG_0082-300x225.jpg\" alt=\"IMG_0082\" width=\"300\" height=\"225\" \/><\/a>speranza di un <strong><span style=\"color: #000080;\">Dio<\/span><\/strong> che asciuga ogni lacrima.<\/p>\n<p><span style=\"color: #cc99ff;\">Dall&#8217;estasi al terra terra <\/span><\/p>\n<p>&#8211; Nel salone parrocchiale, si \u00e8 vissuta una nuova fraternit\u00e0 questa volta pi\u00f9 prosaica.\u00a0La Comunit\u00e0 ha infatti\u00a0organizzato per tutti, ma in special modo per i Componenti della Fraternit\u00e0 Romena, un Buffet\u00a0per gustare\u00a0le buone cose della rosticceria &#8216;missinisi, pituni, arancini, mozzarelle in carrozza, torta e dolci. <strong><span style=\"color: #003300;\">GRAZIE ! abbiamo avuto la possibilit\u00e0 di &#8216;vivere un momento di vera co<a href=\"https:\/\/www.carlofrancio.net\/blog\/wp-content\/uploads\/2009\/11\/IMG_0084.JPG\"><img loading=\"lazy\" decoding=\"async\" class=\"size-medium wp-image-3601 alignright\" title=\"IMG_0084\" src=\"https:\/\/www.carlofrancio.net\/blog\/wp-content\/uploads\/2009\/11\/IMG_0084-300x225.jpg\" alt=\"Una carezza e un cero profumato\" width=\"270\" height=\"203\" \/><\/a>munione.\u00a0\u00a0\u00a0\u00a0\u00a0\u00a0\u00a0\u00a0\u00a0\u00a0\u00a0 <\/span><\/strong><\/p>\n<p><strong><span style=\"color: #003300;\">\u00a0<\/span><\/strong><span style=\"color: #003300;\">Concludiamo con una frase\u00a0che arricchisce la copertina di Con altri occhi. &#8211;<\/span><\/p>\n<p><strong><span style=\"color: #003300;\">\u00abL&#8217;unico vero viaggio, non \u00e8 andare verso nuovi paesaggi, ma avere altri occhi\u00bb\u00a0 <span style=\"color: #800000;\">&#8211; Marcel Proust &#8211;<\/span><\/span><\/strong>\u00a0\u00a0<\/p>\n<div class=\"mceTemp\">\n<div class=\"mceTemp\"><a><\/a><\/div>\n<div class=\"mceTemp\"><a href=\"https:\/\/www.carlofrancio.net\/blog\/wp-content\/uploads\/2009\/11\/Canto-Benedici_anche_me.jpg\"><img loading=\"lazy\" decoding=\"async\" class=\"alignleft size-large wp-image-3628\" title=\"Canto-Benedici_anche_me\" src=\"https:\/\/www.carlofrancio.net\/blog\/wp-content\/uploads\/2009\/11\/Canto-Benedici_anche_me-321x600.jpg\" alt=\"Canto-Benedici_anche_me\" width=\"321\" height=\"600\" \/><\/a><a href=\"https:\/\/www.carlofrancio.net\/blog\/wp-content\/uploads\/2009\/11\/IMG_0083.JPG\"><\/a><\/div>\n<\/div>\n<p><strong><span style=\"color: #0000ff;\"><a href=\"https:\/\/www.carlofrancio.net\/blog\/wp-content\/uploads\/2009\/11\/benedici3.mp3\">benedici3<\/a><\/span><\/strong><br \/>\n[mp3]https:\/\/www.carlofrancio.net\/blog\/wp-content\/uploads\/2009\/11\/benedici3.mp3[\/mp3]<\/p>\n<p>[mp3]https:\/\/www.carlofrancio.net\/blog\/wp-content\/uploads\/2009\/11\/fileprovabaci.mp3[\/mp3]<\/p>\n","protected":false},"excerpt":{"rendered":"<p>Molti sono i modi per pregare e vegliare. Quello proposto,Venerd\u00ec 13 Novembre alle ore 20.00, dalla &#8220;Fraternit\u00e0 Romena&#8221; alla Comunit\u00e0 di San Luca,\u00a0ha\u00a0il pregio di essere stato veramente coinvolgente. L&#8217;unico\u00a0pannello &hellip; <\/p>\n","protected":false},"author":2,"featured_media":0,"comment_status":"open","ping_status":"open","sticky":false,"template":"","format":"standard","meta":{"footnotes":""},"categories":[6,76],"tags":[425,426],"class_list":["post-3599","post","type-post","status-publish","format-standard","hentry","category-chiesa_cattolica","category-parrocchia-san-luca","tag-chiesa_cattolica","tag-cultura"],"_links":{"self":[{"href":"https:\/\/www.carlofrancio.net\/index.php?rest_route=\/wp\/v2\/posts\/3599","targetHints":{"allow":["GET"]}}],"collection":[{"href":"https:\/\/www.carlofrancio.net\/index.php?rest_route=\/wp\/v2\/posts"}],"about":[{"href":"https:\/\/www.carlofrancio.net\/index.php?rest_route=\/wp\/v2\/types\/post"}],"author":[{"embeddable":true,"href":"https:\/\/www.carlofrancio.net\/index.php?rest_route=\/wp\/v2\/users\/2"}],"replies":[{"embeddable":true,"href":"https:\/\/www.carlofrancio.net\/index.php?rest_route=%2Fwp%2Fv2%2Fcomments&post=3599"}],"version-history":[{"count":1,"href":"https:\/\/www.carlofrancio.net\/index.php?rest_route=\/wp\/v2\/posts\/3599\/revisions"}],"predecessor-version":[{"id":115609,"href":"https:\/\/www.carlofrancio.net\/index.php?rest_route=\/wp\/v2\/posts\/3599\/revisions\/115609"}],"wp:attachment":[{"href":"https:\/\/www.carlofrancio.net\/index.php?rest_route=%2Fwp%2Fv2%2Fmedia&parent=3599"}],"wp:term":[{"taxonomy":"category","embeddable":true,"href":"https:\/\/www.carlofrancio.net\/index.php?rest_route=%2Fwp%2Fv2%2Fcategories&post=3599"},{"taxonomy":"post_tag","embeddable":true,"href":"https:\/\/www.carlofrancio.net\/index.php?rest_route=%2Fwp%2Fv2%2Ftags&post=3599"}],"curies":[{"name":"wp","href":"https:\/\/api.w.org\/{rel}","templated":true}]}}