{"id":3545,"date":"2009-11-10T16:26:29","date_gmt":"2009-11-10T15:26:29","guid":{"rendered":"https:\/\/www.carlofrancio.net\/blog\/?p=3545"},"modified":"2009-11-10T16:26:29","modified_gmt":"2009-11-10T15:26:29","slug":"maria-maryam-%c2%abe-la-piu-benedetta-tra-le-donne%c2%bb-%c2%abe-la-donna-del-nascondimento%c2%bb","status":"publish","type":"post","link":"https:\/\/www.carlofrancio.net\/?p=3545","title":{"rendered":"&quot;Maria-Maryam&quot;- \u00abE&#039; la pi\u00f9 benedetta tra le donne\u00bb &#8211; \u00abE&#039; la Donna del &#039;Nascondimento\u00bb"},"content":{"rendered":"<h2><a href=\"https:\/\/www.carlofrancio.net\/blog\/wp-content\/uploads\/2009\/11\/IMG_0012.JPG\"><img loading=\"lazy\" decoding=\"async\" class=\"alignleft size-medium wp-image-3546\" title=\"IMG_0012\" src=\"https:\/\/www.carlofrancio.net\/blog\/wp-content\/uploads\/2009\/11\/IMG_0014-300x225.jpg\" alt=\"IMG_0014\" width=\"240\" height=\"180\" \/><\/a>E&#8217; stato un vero &#8216;<span style=\"color: #008000;\">Incontro<\/span>!<\/h2>\n<h3><span style=\"color: #0000ff;\">Maryam_Maria<\/span> unisce i\u00a0 cristiani e gli islamici molto pi\u00f9 di quel che si creda normalmente.<\/h3>\n<p><a href=\"https:\/\/www.carlofrancio.net\/blog\/wp-content\/uploads\/2009\/11\/IMG_0013.JPG\"><img loading=\"lazy\" decoding=\"async\" class=\"alignright size-medium wp-image-3547\" title=\"IMG_0013\" src=\"https:\/\/www.carlofrancio.net\/blog\/wp-content\/uploads\/2009\/11\/IMG_0013-300x225.jpg\" alt=\"IMG_0013\" width=\"240\" height=\"180\" \/><\/a>In un&#8217;atmosfera di reciproco ascolto, abbiamo gustato, prima\u00a0il &#8216;tratteggio di <strong><span style=\"color: #0000ff;\">Maria<\/span><\/strong>, da parte cristiana, con\u00a0<span style=\"color: #3366ff;\">Giovanna Costanzo <\/span>e poi la sorprendente lettura di una &#8216;<strong>sura<\/strong> del Corano con uno &#8216;<strong><span style=\"color: #003300;\">speaker <\/span><\/strong>che pronunciava il frutto della comune analisi dei<span style=\"color: #003300;\"><strong> fratelli <\/strong><\/span>musulmani.<\/p>\n<p><strong><a href=\"https:\/\/www.carlofrancio.net\/blog\/wp-content\/uploads\/2009\/11\/IMG_0014.JPG\"><img loading=\"lazy\" decoding=\"async\" class=\"alignleft size-medium wp-image-3549\" title=\"IMG_0014\" src=\"https:\/\/www.carlofrancio.net\/blog\/wp-content\/uploads\/2009\/11\/IMG_0012-300x225.jpg\" alt=\"IMG_0012\" width=\"240\" height=\"180\" \/><\/a>Dino Calderone<\/strong>, proprio con queste parole di accoglienza, <strong><span style=\"color: #800080;\">figli dello stesso Padre= fratelli<\/span><\/strong>, aveva dato inizio a questo incontro che continua ormai da\u00a0oltre un decennio. &#8220;Si tratta di\u00a0un piccolo seme coltivato insieme alla comunit\u00e0 islamica che abbiamo continuato ad innaffiare anche in periodi difficili come la Guerra nel Golfo&#8221;.<\/p>\n<p><a href=\"https:\/\/www.carlofrancio.net\/blog\/wp-content\/uploads\/2009\/11\/IMG_0011.JPG\"><img loading=\"lazy\" decoding=\"async\" class=\"alignright size-thumbnail wp-image-3555\" title=\"IMG_0011\" src=\"https:\/\/www.carlofrancio.net\/blog\/wp-content\/uploads\/2009\/11\/IMG_0011-150x150.jpg\" alt=\"IMG_0011\" width=\"150\" height=\"150\" \/><\/a>La dott.ssa <span style=\"color: #3366ff;\"><strong>Giovanna Costanzo<\/strong><\/span>, ha\u00a0creato una intensa atmosfera di ascolto delle geste di <span style=\"color: #0000ff;\"><strong>Maria<\/strong><\/span>\u00a0sia leggendo che commentando <span style=\"color: #800080;\">Lc 1,26-45<\/span>. Con uno stile diretto ed essenziale,\u00a0si \u00e8\u00a0soffermata sul senso del termine\u00a0&#8220;Benedizione&#8221;-\u00a0\u00a0&#8220;Maria-Miriam&#8221;-\u00abE&#8217; la pi\u00f9 benedetta tra le donne\u00bb-, ha comparato l&#8217;Antico e Nuovo testamento, tra le Profezie di OZIA a GIUDITTA ed ELISABETTA a MARIA- ancora la Profezia di Simeone &#8211; Una spada ti trafigger\u00e0 l&#8217;anima &#8230;-, commento di Basilio di Cesarea ecc..<\/p>\n<p><a href=\"https:\/\/www.carlofrancio.net\/blog\/wp-content\/uploads\/2009\/11\/IMG_0015.JPG\"><img loading=\"lazy\" decoding=\"async\" class=\"alignleft size-medium wp-image-3556\" title=\"IMG_0015\" src=\"https:\/\/www.carlofrancio.net\/blog\/wp-content\/uploads\/2009\/11\/IMG_0015-300x225.jpg\" alt=\"IMG_0015\" width=\"300\" height=\"225\" \/><\/a>La fluida esposizione dello &#8216;speaker, che\u00a0parlava in arabo con i suoi, e poi argomentava in un ottimo italiano, ha messo in rilievo la &#8216;<em><strong>sura<\/strong><\/em>\u00a0n\u00b0 19, dove\u00a0Maryam rapportata al Profet\u00e0 Ges\u00f9, fa parte del Paradiso con\u00a0le altre tre Donne della Beatitudine &#8211; tra cui c&#8217;\u00e8\u00a0la figlia del Faraone in\u00a0 rapporto al Profeta Mos\u00e8.\u00a0\u00a0<\/p>\n<p><a href=\"https:\/\/www.carlofrancio.net\/blog\/wp-content\/uploads\/2009\/11\/IMG_0007.JPG\"><img loading=\"lazy\" decoding=\"async\" class=\"alignleft size-thumbnail wp-image-3562\" title=\"IMG_0007\" src=\"https:\/\/www.carlofrancio.net\/blog\/wp-content\/uploads\/2009\/11\/IMG_0007-150x150.jpg\" alt=\"IMG_0007\" width=\"150\" height=\"150\" \/><\/a>Nella fase di commiato, il Presidente del MEIC, dott. Dino Calderone, <a href=\"https:\/\/www.carlofrancio.net\/blog\/wp-content\/uploads\/2009\/11\/091120092524.JPG\"><img loading=\"lazy\" decoding=\"async\" class=\"alignright size-thumbnail wp-image-3558\" title=\"091120092524\" src=\"https:\/\/www.carlofrancio.net\/blog\/wp-content\/uploads\/2009\/11\/091120092524-150x150.jpg\" alt=\"091120092524\" width=\"120\" height=\"120\" \/><\/a>auspicava una programmazione di incontri aperti a varie fasce di popolazione iniziando dagli studenti, sicuro che l&#8217;Incontro avr\u00e0 la forza di scardinare i cattivi luoghi comuni e fare\u00a0apprezzare\u00a0la\u00a0grande e fraterna cultura islamica.\u00a0Una nota ed un\u00a0plauso anche a Carmelo Labate che dotato di ottimi &#8216;attrezzi ha aiutato l&#8217;esposizione della &#8216;sura leggendo il brano dal Corano tradotto in Italiano.<\/p>\n<p>\u00a0<!--more--><\/p>\n<p>Il nome della sura deriva dal versetto 16 .<\/p>\n<p>Maria \u00e8 la donna tramite la quale Allah (gloria a Lui l&#8217;Altissimo) ha voluto dare un segno particolare: \u201cIn verit\u00e0 o Maria Allah ti ha prescelta; ti ha purificata e prescelta tra tutte le donne del mondo\u201d (III, 42) e il segno \u00e8 stato Ges\u00f9 suo figlio, nato per volont\u00e0 dell&#8217;Altissimo, divina creazione nella generazione umana: \u201c&#8230;un segno per le genti e una misericordia da parte Nostra\u201d (XIX, 21).\u00a0 Tutta la vicenda di Maria \u00e8 dolcemente contraddistinta dall&#8217;abbandono ad Allah e da una purezza delle intenzioni che ne fa una figura angelicata; l&#8217;Inviato di Allah (pace e benedizioni su di lui) disse che Maria, insieme a F\u00e2tima, Khad\u00eeja e Asiya (la sposa di Faraone che salv\u00f2 Mos\u00e8 dal Nilo) \u00e8 una delle signore del Paradiso.<\/p>\n<p align=\"center\">In nome di Allah, il Compassionevole, il Misericordioso<\/p>\n<p>tta\u00a0ed ha coinvolto l&#8217;uditorio a tal punto che le sue riflessioni, ben argomentate, sembravano logicamente assimilabili.\u00a0interagivano \u00a0nel\u00a0\u00a0lavoro comuneIl MEIC d&#8217;intesa con la Comunit\u00e0 Islamica Messinese, promuove \u00abla giornata per il dialogo cristiano-islamico\u00bb che si terr\u00e0, dopo l&#8217;ultimo rinvio, luned\u00ec 09 Novembre alle ore 18.30 all&#8217;Ignatianum. Il tema \u00e8 &#8220;Maria nel dialogo cristiano-islamico&#8221;. Dopo la lettura di brani tratti: dalla Bibbia (a cura di Giovanna Costanzo) e dal Corano (a cura di un Esponente della Comunit\u00e0 Islamica) raggiungeremo la moschea di via Torrente Trapani per un incontro di amicizia. Dott. Dino Calderone &#8211; Presidente del MEIC di Messina &#8211; (Movimento Ecclesiale di Impegno Culturale)<\/p>\n","protected":false},"excerpt":{"rendered":"<p>E&#8217; stato un vero &#8216;Incontro! Maryam_Maria unisce i\u00a0 cristiani e gli islamici molto pi\u00f9 di quel che si creda normalmente. In un&#8217;atmosfera di reciproco ascolto, abbiamo gustato, prima\u00a0il &#8216;tratteggio di &hellip; <\/p>\n","protected":false},"author":2,"featured_media":0,"comment_status":"open","ping_status":"open","sticky":false,"template":"","format":"standard","meta":{"footnotes":""},"categories":[10,21],"tags":[426,434,52],"class_list":["post-3545","post","type-post","status-publish","format-standard","hentry","category-cultura","category-meic","tag-cultura","tag-promozione-umana","tag-volontariato"],"_links":{"self":[{"href":"https:\/\/www.carlofrancio.net\/index.php?rest_route=\/wp\/v2\/posts\/3545","targetHints":{"allow":["GET"]}}],"collection":[{"href":"https:\/\/www.carlofrancio.net\/index.php?rest_route=\/wp\/v2\/posts"}],"about":[{"href":"https:\/\/www.carlofrancio.net\/index.php?rest_route=\/wp\/v2\/types\/post"}],"author":[{"embeddable":true,"href":"https:\/\/www.carlofrancio.net\/index.php?rest_route=\/wp\/v2\/users\/2"}],"replies":[{"embeddable":true,"href":"https:\/\/www.carlofrancio.net\/index.php?rest_route=%2Fwp%2Fv2%2Fcomments&post=3545"}],"version-history":[{"count":1,"href":"https:\/\/www.carlofrancio.net\/index.php?rest_route=\/wp\/v2\/posts\/3545\/revisions"}],"predecessor-version":[{"id":17255,"href":"https:\/\/www.carlofrancio.net\/index.php?rest_route=\/wp\/v2\/posts\/3545\/revisions\/17255"}],"wp:attachment":[{"href":"https:\/\/www.carlofrancio.net\/index.php?rest_route=%2Fwp%2Fv2%2Fmedia&parent=3545"}],"wp:term":[{"taxonomy":"category","embeddable":true,"href":"https:\/\/www.carlofrancio.net\/index.php?rest_route=%2Fwp%2Fv2%2Fcategories&post=3545"},{"taxonomy":"post_tag","embeddable":true,"href":"https:\/\/www.carlofrancio.net\/index.php?rest_route=%2Fwp%2Fv2%2Ftags&post=3545"}],"curies":[{"name":"wp","href":"https:\/\/api.w.org\/{rel}","templated":true}]}}