{"id":3448,"date":"2009-10-30T22:31:13","date_gmt":"2009-10-30T21:31:13","guid":{"rendered":"https:\/\/www.carlofrancio.net\/blog\/?p=3448"},"modified":"2009-10-30T22:31:13","modified_gmt":"2009-10-30T21:31:13","slug":"sae-naz-le-%c2%abviaggio-ecumenico-a-ginevra%c2%bb","status":"publish","type":"post","link":"https:\/\/www.carlofrancio.net\/?p=3448","title":{"rendered":"SAE Naz.le-\u00abVIAGGIO ECUMENICO A GINEVRA\u00bb"},"content":{"rendered":"<p style=\"MARGIN-BOTTOM: 0cm\"><span style=\"color: #ff0000;\"><span style=\"font-size: large;\"><span style=\"text-decoration: underline;\"><strong><a href=\"https:\/\/www.carlofrancio.net\/blog\/wp-content\/uploads\/2009\/11\/SAE-LOGO.png\"><img loading=\"lazy\" decoding=\"async\" class=\"alignleft size-thumbnail wp-image-3453\" title=\"SAE-LOGO\" src=\"https:\/\/www.carlofrancio.net\/blog\/wp-content\/uploads\/2009\/11\/SAE-LOGO-150x150.png\" alt=\"SAE-LOGO\" width=\"100\" height=\"103\" \/><\/a><\/strong><\/span><\/span><\/span><\/p>\n<p style=\"MARGIN-BOTTOM: 0cm\"><span style=\"color: #ff0000;\"><span style=\"font-size: large;\"><span style=\"text-decoration: underline;\"><strong><a href=\"https:\/\/www.carlofrancio.net\/blog\/wp-content\/uploads\/2009\/11\/Ginevra-01.jpg\"><img loading=\"lazy\" decoding=\"async\" class=\"alignright size-medium wp-image-3452\" title=\"Ginevra-01\" src=\"https:\/\/www.carlofrancio.net\/blog\/wp-content\/uploads\/2009\/11\/Ginevra-01-300x225.jpg\" alt=\"Ginevra-01\" width=\"240\" height=\"180\" \/><\/a><\/strong><\/span><\/span><\/span><\/p>\n<p style=\"MARGIN-BOTTOM: 0cm\"><span style=\"color: #ff0000;\"><span style=\"font-size: large;\"><span style=\"text-decoration: underline;\"><strong>VIAGGIO ECUMENICO A GINEVRA<\/strong><\/span><\/span><\/span><\/p>\n<p style=\"MARGIN-BOTTOM: 0cm\"><span style=\"color: #ff0000;\"><span style=\"font-size: medium;\"><strong>14 &#8211; 17 aprile 2010<\/strong><\/span><\/span><\/p>\n<p><span style=\"font-size: medium;\"><strong>Iscrizione: <\/strong><\/span><span style=\"font-size: medium;\"><em><strong>Da versarsi entro il 30 dicembre 2009<\/strong><\/em><\/span><\/p>\n<ul>\n<li>\n<div style=\"MARGIN-BOTTOM: 0cm\"><span style=\"color: #0000ff;\"><span style=\"font-size: small;\"><strong>Il viaggio comprende: <\/strong><\/span><\/span><span style=\"color: #0000ff;\"><span style=\"font-size: small;\"><strong>Visita guidata ai luoghi di Giovanni Calvino<\/strong><\/span><\/span><\/div>\n<\/li>\n<li>\n<div style=\"MARGIN-BOTTOM: 0cm\"><span style=\"color: #0000ff;\"><span style=\"font-size: small;\"><strong>Visita alla sede del Consig Ecumen delle Chiese (CEC)<\/strong><\/span><\/span><\/div>\n<\/li>\n<li>\n<div style=\"MARGIN-BOTTOM: 0cm\"><span style=\"color: #0000ff;\"><span style=\"font-size: small;\"><strong>Visita a Grandchamp, <\/strong><\/span><\/span><\/div>\n<\/li>\n<li>\n<div style=\"MARGIN-BOTTOM: 0cm\"><span style=\"color: #0000ff;\"><span style=\"font-size: small;\"><strong>Incontro con la comunit\u00e0 ecumenica delle suore <\/strong><\/span><\/span><span style=\"color: #0000ff;\"><span style=\"font-size: small;\"><strong>e partecipazione alla preghiera della comunit\u00e0. <\/strong><\/span><\/span><\/div>\n<\/li>\n<li>\n<div style=\"MARGIN-BOTTOM: 0cm\"><span style=\"color: #0000ff;\"><span style=\"font-size: small;\"><strong>Sulla via del ritorno sosta al lago di Neuchatel .<\/strong><\/span><\/span><\/div>\n<\/li>\n<li>\n<div style=\"MARGIN-BOTTOM: 0cm\"><span style=\"color: #0000ff;\"><span style=\"font-size: small;\"><strong>Visita all\u2019Istituto Ecumenico di Bossey.\u00a0\u00a0\u00a0\u00a0\u00a0\u00a0\u00a0\u00a0 <\/strong><\/span><\/span><\/div>\n<\/li>\n<\/ul>\n<p style=\"MARGIN-BOTTOM: 0cm\"><span style=\"color: #ff0000;\"><em><span style=\"color: #ff0000;\"><span style=\"color: #0000ff;\"><span style=\"font-size: small;\">SEDE DELL\u2019INCONTRO: Hotel ETAP <\/span><\/span><span style=\"color: #0000ff;\"><span style=\"font-size: small;\">, Avenue Louis-Casai, 26, CH 1216 Cointrin<\/span><\/span><\/span><\/em><\/span><\/p>\n<p style=\"MARGIN-BOTTOM: 0cm\"><span style=\"color: #ff0000;\"><em><span style=\"color: #ff0000;\"><span style=\"color: #0000ff;\">Prosegue PROGRAMMA<\/span><\/span><\/em><\/span><span style=\"color: #0000ff;\"><span style=\"font-size: small;\"><strong><!--more--><\/strong><\/span><\/span><\/p>\n<address style=\"MARGIN-BOTTOM: 0cm\">\u00a0<span style=\"color: #0000ff;\"><span style=\"font-size: small;\"><strong>14 aprile: Milano \u2013 Ginevra. <\/strong><\/span><\/span><span style=\"color: #0000ff;\"><span style=\"color: #800080;\">Partenza da Milano per la Svizzera nel primo pomeriggio. Arrivo nella serata a Ginevra: cena e pernottamento. <\/span><\/span><\/address>\n<address style=\"MARGIN-BOTTOM: 0cm\"><span style=\"color: #0000ff;\"><span style=\"font-size: small;\"><strong>15 aprile: Ginevra.<span style=\"color: #800080;\"> <\/span><\/strong><\/span><\/span><span style=\"color: #0000ff;\"><span style=\"color: #800080;\">Piccola colazione, cena e pernottamento in hotel. La mattina sar\u00e0 dedicata alla visita della citt\u00e0, sui luoghi di Calvino, in particolare la Cattedrale di St. Pierre nella quale predic\u00f2 fino al 1564 e il nuovo Museo della Riforma. Pranzo libero. Nel pomeriggio escursione per la visita al Consiglio Ecumenico delle Chiese (CEC).<\/span><\/span><\/address>\n<address style=\"MARGIN-BOTTOM: 0cm\"><span style=\"color: #0000ff;\"><span style=\"font-size: small;\"><strong>16 aprile: Ginevra: esc. a Grand-Champ. <\/strong><\/span><\/span><span style=\"color: #0000ff;\"><span style=\"color: #800080;\">Dopo la piccola colazione escursione a Neuchatel. Intera mattina dedicata all\u2019incontro-testimonianza con la Comunit\u00e0 ecumenica del \u201cMonastero di Grand-Champ\u201d. Pranzo libero a Neuchatel. Al pomeriggio visita all\u2019istituto ecumenico di Bossey, quindi rientro a Ginevra.<\/span><\/span><\/address>\n<address style=\"MARGIN-BOTTOM: 0cm\"><span style=\"color: #0000ff;\"><span style=\"font-size: small;\"><strong>17 aprile: Ginevra \u2013 Milano. <\/strong><\/span><\/span><span style=\"color: #0000ff;\"><span style=\"color: #800080;\">Dopo la piccola colazione tempo a disposizione sino alla partenza per il rientro a Milano.<\/span><\/span><\/address>\n<p style=\"MARGIN-BOTTOM: 0cm\"><span style=\"color: #0000ff;\"><span style=\"font-size: small;\"><em><strong>SEDE DELL\u2019INCONTRO: Hotel ETAP <\/strong><\/em><\/span><\/span><span style=\"color: #0000ff;\"><span style=\"font-size: small;\"><em>, Avenue Louis-Casai, 26, CH 1216 Cointrin<\/em><\/span><\/span><\/p>\n<p style=\"MARGIN-BOTTOM: 0cm\" align=\"justify\">Per gli interessati\u00a0 <span style=\"font-size: medium;\"><strong>Iscrizione: <\/strong><\/span><\/p>\n<p style=\"MARGIN-BOTTOM: 0cm\"><span style=\"font-size: medium;\"><em><strong>Da versarsi entro il 30 dicembre 2009<\/strong><\/em><\/span><\/p>\n<p style=\"MARGIN-BOTTOM: 0cm\" align=\"justify\">continuare \u00a0<span style=\"font-size: medium;\"><strong>ISCRIZIONE E QUOTE<\/strong><\/span><\/p>\n<p style=\"MARGIN-BOTTOM: 0cm\" align=\"justify\"><!--more--><strong><\/strong><\/p>\n<p style=\"MARGIN-BOTTOM: 0cm\" align=\"center\"><span style=\"font-size: medium;\"><strong>ISCRIZIONE E QUOTE<\/strong><\/span><\/p>\n<p style=\"MARGIN-BOTTOM: 0cm\"><span style=\"font-size: medium;\"><strong>Iscrizione: <\/strong><\/span><\/p>\n<p style=\"MARGIN-BOTTOM: 0cm\"><span style=\"font-size: medium;\"><em><strong>Da versarsi entro il 30 dicembre 2009<\/strong><\/em><\/span><\/p>\n<p style=\"MARGIN-BOTTOM: 0cm\"><span style=\"font-size: medium;\"><em><strong>Sul ccp .40443202 intestato: SAE <\/strong><\/em><\/span><span style=\"font-size: medium;\"><em>Segretariato attivit\u00e0 Ecumeniche, <\/em><\/span><\/p>\n<p style=\"MARGIN-BOTTOM: 0cm\"><span style=\"font-size: medium;\"><em>Piazza S.Eufemia, 2, 20122 Milano. <\/em><\/span><span style=\"font-size: medium;\"><em><strong>\u20ac 30,00<\/strong><\/em><\/span><\/p>\n<p style=\"MARGIN-BOTTOM: 0cm\">\u00a0<\/p>\n<p style=\"MARGIN-BOTTOM: 0cm\"><span style=\"font-size: medium;\"><em><strong>Quota di soggiorno: \u20ac 200,00<\/strong><\/em><\/span><\/p>\n<p style=\"MARGIN-BOTTOM: 0cm\"><span style=\"font-size: medium;\"><em>Comprendente pernottamenti(1\/2 pensione) del 14, 15, 16, aprile 2010. <\/em><\/span><\/p>\n<p style=\"MARGIN-BOTTOM: 0cm\"><span style=\"font-size: medium;\"><em>Supplemento per camera singola \u20ac 40,00<\/em><\/span><span style=\"font-size: medium;\"><em><strong> <\/strong><\/em><\/span><span style=\"font-size: medium;\"><em>\u00a0<\/em><\/span><span style=\"font-size: medium;\">(<\/span><span style=\"font-size: medium;\"><em>per tre notti <\/em><\/span><span style=\"font-size: medium;\"><em><strong>\u20ac 120,00<\/strong><\/em><\/span><span style=\"font-size: medium;\">)<\/span><\/p>\n<p style=\"MARGIN-BOTTOM: 0cm\">\u00a0<\/p>\n<p style=\"MARGIN-BOTTOM: 0cm\"><span style=\"font-size: medium;\"><em><strong>Trasporto: pullman G. T. da MI a Milano (St. Centrale) \u20ac 90,00. <\/strong><\/em><\/span><span style=\"font-size: medium;\"><em>\u00a0<\/em><\/span><\/p>\n<p style=\"MARGIN-BOTTOM: 0cm; MARGIN-LEFT: 0.64cm\">\u00a0<\/p>\n<p style=\"MARGIN-BOTTOM: 0cm\"><span style=\"font-size: medium;\"><span style=\"text-decoration: underline;\">Assistenza sanitaria ed assicurazione bagaglio Elvia Assistance<\/span><\/span>.<\/p>\n<p style=\"MARGIN-BOTTOM: 0cm\">\u00a0<\/p>\n<p style=\"MARGIN-BOTTOM: 0cm\"><span style=\"font-size: medium;\"><em><strong>Il saldo deve essere versato entro il 31 marzo 2010 sul ccp. del SAE.<\/strong><\/em><\/span><\/p>\n<p style=\"MARGIN-BOTTOM: 0cm\"><span style=\"font-size: medium;\"><em><strong>Le quote di iscrizione non saranno restituite in caso di rinuncia al viaggio.<\/strong><\/em><\/span><\/p>\n<p style=\"MARGIN-BOTTOM: 0cm\">\u00a0<\/p>\n<ul>\n<li>\n<p style=\"MARGIN-BOTTOM: 0cm\"><span style=\"color: #ff0000;\"><span style=\"font-family: Arial, sans-serif;\"><span style=\"font-size: x-small;\"><strong>Per informazioni: Elena Covini tel. 02.89.53.03.36<\/strong><\/span><\/span><\/span><\/p>\n<\/li>\n<\/ul>\n<p style=\"MARGIN-BOTTOM: 0cm\">\u00a0<\/p>\n","protected":false},"excerpt":{"rendered":"<p>VIAGGIO ECUMENICO A GINEVRA 14 &#8211; 17 aprile 2010 Iscrizione: Da versarsi entro il 30 dicembre 2009 Il viaggio comprende: Visita guidata ai luoghi di Giovanni Calvino Visita alla sede &hellip; <\/p>\n","protected":false},"author":2,"featured_media":0,"comment_status":"open","ping_status":"open","sticky":false,"template":"","format":"standard","meta":{"footnotes":""},"categories":[10,16,56],"tags":[425,426,32,52],"class_list":["post-3448","post","type-post","status-publish","format-standard","hentry","category-cultura","category-eventi","category-servizi-attivita-ecumeniche","tag-chiesa_cattolica","tag-cultura","tag-ecumenismo","tag-volontariato"],"_links":{"self":[{"href":"https:\/\/www.carlofrancio.net\/index.php?rest_route=\/wp\/v2\/posts\/3448","targetHints":{"allow":["GET"]}}],"collection":[{"href":"https:\/\/www.carlofrancio.net\/index.php?rest_route=\/wp\/v2\/posts"}],"about":[{"href":"https:\/\/www.carlofrancio.net\/index.php?rest_route=\/wp\/v2\/types\/post"}],"author":[{"embeddable":true,"href":"https:\/\/www.carlofrancio.net\/index.php?rest_route=\/wp\/v2\/users\/2"}],"replies":[{"embeddable":true,"href":"https:\/\/www.carlofrancio.net\/index.php?rest_route=%2Fwp%2Fv2%2Fcomments&post=3448"}],"version-history":[{"count":0,"href":"https:\/\/www.carlofrancio.net\/index.php?rest_route=\/wp\/v2\/posts\/3448\/revisions"}],"wp:attachment":[{"href":"https:\/\/www.carlofrancio.net\/index.php?rest_route=%2Fwp%2Fv2%2Fmedia&parent=3448"}],"wp:term":[{"taxonomy":"category","embeddable":true,"href":"https:\/\/www.carlofrancio.net\/index.php?rest_route=%2Fwp%2Fv2%2Fcategories&post=3448"},{"taxonomy":"post_tag","embeddable":true,"href":"https:\/\/www.carlofrancio.net\/index.php?rest_route=%2Fwp%2Fv2%2Ftags&post=3448"}],"curies":[{"name":"wp","href":"https:\/\/api.w.org\/{rel}","templated":true}]}}