{"id":3431,"date":"2009-11-01T00:26:34","date_gmt":"2009-10-31T23:26:34","guid":{"rendered":"https:\/\/www.carlofrancio.net\/blog\/?p=3431"},"modified":"2009-11-01T00:26:34","modified_gmt":"2009-10-31T23:26:34","slug":"veglia-incontro-con-la-fraternita-di-romena","status":"publish","type":"post","link":"https:\/\/www.carlofrancio.net\/?p=3431","title":{"rendered":"Veglia &#8211; Incontro con la Fraternit\u00e0 di Romena"},"content":{"rendered":"<p><a href=\"https:\/\/www.carlofrancio.net\/blog\/wp-content\/uploads\/2009\/11\/Veglia-Messina-per-mail.pdf\">Veglia Messina per mail<\/a><a href=\"https:\/\/www.carlofrancio.net\/blog\/wp-content\/uploads\/2009\/11\/CCI02112009_00000.jpg\"><img loading=\"lazy\" decoding=\"async\" class=\"alignright size-medium wp-image-3433\" title=\"CCI02112009_00000\" src=\"https:\/\/www.carlofrancio.net\/blog\/wp-content\/uploads\/2009\/11\/CCI02112009_00000-210x300.jpg\" alt=\"CCI02112009_00000\" width=\"210\" height=\"300\" \/><\/a><\/p>\n<h3>Grazie alla <span style=\"color: #800080;\">Comunit\u00e0 di San Luca<\/span>, con il suo Parroco <span style=\"color: #0000ff;\">Ettore Sentimentale <\/span>e il prof. <span style=\"color: #00ccff;\">Pippo Lipari<\/span>, avremo la possibilit\u00e0 di &#8216;vivere un momento di vera comunione.<\/h3>\n<h2 style=\"text-align: center;\"><span style=\"color: #ff00ff;\">Venerd\u00ec 13 Novembre <\/span><\/h2>\n<h2 style=\"text-align: center;\"><span style=\"color: #ff00ff;\">ore 20.00<\/span><\/h2>\n<h2 style=\"text-align: center;\"><span style=\"color: #ff00ff;\">Chiesa di S. Luca<\/span><\/h2>\n<p>Dal Sito <a href=\"mhtml:{2E5F4BE7-AFEC-4311-9FAD-51C681716C4F}mid:\/\/00000020\/!x-usc:http:\/\/www.romena.it\/\">www.romena.it<\/a>\u00a0<br \/>\n<span style=\"color: #800000;\"><span style=\"font-family: Courier New;\"><span style=\"font-size: large;\"><strong>\u00a0<\/strong><\/span><\/span><\/span><\/p>\n<p><span style=\"color: #800000;\"><span style=\"font-family: Courier New;\"><span style=\"font-size: large;\"><strong>\u00abLA DISCIPLINA CHE FONDA LA LIBERT\u00c0<\/strong><\/span><\/span><\/span><\/p>\n<p style=\"BORDER-BOTTOM: medium none; BORDER-LEFT: medium none; PADDING-BOTTOM: 0cm; PADDING-LEFT: 0cm; PADDING-RIGHT: 0cm; MARGIN-BOTTOM: 0.5cm; BORDER-TOP: medium none; BORDER-RIGHT: medium none; PADDING-TOP: 0cm\" align=\"center\"><span style=\"color: #800000;\"><span style=\"font-size: large;\"><em>Il perch\u00e9 di una regola<\/em><\/span><\/span><span style=\"color: #800000;\"> <\/span><\/p>\n<p style=\"BORDER-BOTTOM: medium none; BORDER-LEFT: medium none; PADDING-BOTTOM: 0cm; LINE-HEIGHT: 115%; MARGIN-TOP: 0.74cm; TEXT-INDENT: 0.35cm; PADDING-LEFT: 0cm; PADDING-RIGHT: 0cm; BORDER-TOP: medium none; BORDER-RIGHT: medium none; PADDING-TOP: 0cm\" align=\"justify\"><span style=\"color: #800000;\">Il nostro essere \u00e8 fatto di mente, emotivit\u00e0 e sensibilit\u00e0; quando siamo riusciti a rendere cosciente tutto il nostro essere, allora il nostro io terreno \u00e8 controllato dall&#8217;Io di Dio. <\/span><\/p>\n<p style=\"BORDER-BOTTOM: medium none; BORDER-LEFT: medium none; PADDING-BOTTOM: 0cm; LINE-HEIGHT: 115%; MARGIN-TOP: 0.74cm; TEXT-INDENT: 0.35cm; PADDING-LEFT: 0cm; PADDING-RIGHT: 0cm; BORDER-TOP: medium none; BORDER-RIGHT: medium none; PADDING-TOP: 0cm\" align=\"justify\"><span style=\"color: #800000;\">Il nostro compito comincia col riordinamento del nostro essere. Noi non cresciamo con la coscienza, noi avremo coscienza quando saremo riusciti a riordinare tutto il nostro essere. Accettiamo come un fatto il nostro continuo oscillare tra bene e male, tra vero e falso, tra amore e odio. \u00c8 proprio questa oscillazione a rivelarci che ancora siamo degli esseri privi di coscienza; l&#8217;uomo \u00e8 chiamato per questo all&#8217;esistenza: per essere una creatura vera.\u00a0 &#8230;\u00bb<\/span><\/p>\n<p style=\"BORDER-BOTTOM: medium none; BORDER-LEFT: medium none; PADDING-BOTTOM: 0cm; LINE-HEIGHT: 115%; MARGIN-TOP: 0.74cm; TEXT-INDENT: 0.35cm; PADDING-LEFT: 0cm; PADDING-RIGHT: 0cm; BORDER-TOP: medium none; BORDER-RIGHT: medium none; PADDING-TOP: 0cm\" align=\"justify\">\u00a0<\/p>\n","protected":false},"excerpt":{"rendered":"<p>Veglia Messina per mail Grazie alla Comunit\u00e0 di San Luca, con il suo Parroco Ettore Sentimentale e il prof. Pippo Lipari, avremo la possibilit\u00e0 di &#8216;vivere un momento di vera &hellip; <\/p>\n","protected":false},"author":2,"featured_media":0,"comment_status":"open","ping_status":"open","sticky":false,"template":"","format":"standard","meta":{"footnotes":""},"categories":[10,16,76],"tags":[426,434],"class_list":["post-3431","post","type-post","status-publish","format-standard","hentry","category-cultura","category-eventi","category-parrocchia-san-luca","tag-cultura","tag-promozione-umana"],"_links":{"self":[{"href":"https:\/\/www.carlofrancio.net\/index.php?rest_route=\/wp\/v2\/posts\/3431","targetHints":{"allow":["GET"]}}],"collection":[{"href":"https:\/\/www.carlofrancio.net\/index.php?rest_route=\/wp\/v2\/posts"}],"about":[{"href":"https:\/\/www.carlofrancio.net\/index.php?rest_route=\/wp\/v2\/types\/post"}],"author":[{"embeddable":true,"href":"https:\/\/www.carlofrancio.net\/index.php?rest_route=\/wp\/v2\/users\/2"}],"replies":[{"embeddable":true,"href":"https:\/\/www.carlofrancio.net\/index.php?rest_route=%2Fwp%2Fv2%2Fcomments&post=3431"}],"version-history":[{"count":0,"href":"https:\/\/www.carlofrancio.net\/index.php?rest_route=\/wp\/v2\/posts\/3431\/revisions"}],"wp:attachment":[{"href":"https:\/\/www.carlofrancio.net\/index.php?rest_route=%2Fwp%2Fv2%2Fmedia&parent=3431"}],"wp:term":[{"taxonomy":"category","embeddable":true,"href":"https:\/\/www.carlofrancio.net\/index.php?rest_route=%2Fwp%2Fv2%2Fcategories&post=3431"},{"taxonomy":"post_tag","embeddable":true,"href":"https:\/\/www.carlofrancio.net\/index.php?rest_route=%2Fwp%2Fv2%2Ftags&post=3431"}],"curies":[{"name":"wp","href":"https:\/\/api.w.org\/{rel}","templated":true}]}}