{"id":3346,"date":"2009-10-30T23:15:17","date_gmt":"2009-10-30T22:15:17","guid":{"rendered":"https:\/\/www.carlofrancio.net\/blog\/?p=3346"},"modified":"2025-09-22T18:03:28","modified_gmt":"2025-09-22T16:03:28","slug":"una-candela-per-non-dimenticare-%c2%abmessina-1-10-2009%c2%bb","status":"publish","type":"post","link":"https:\/\/www.carlofrancio.net\/?p=3346","title":{"rendered":"Messina &#8211; \u00abUna candela per non dimenticare -&#8220;Messina 1-10-2009&#8243;\u00bb"},"content":{"rendered":"<p style=\"text-indent: 1.25cm; margin-bottom: 0cm;\"><span style=\"font-size: medium;\">A un mese dall&#8217;alluvione che ha duramente colpito <span style=\"color: #000080;\">Giampilieri<\/span>, <span style=\"color: #000080;\">Scaletta Zanclea<\/span>, <span style=\"color: #000080;\">Briga<\/span>, <span style=\"color: #000080;\">Molino<\/span> e <span style=\"color: #000080;\">Altolia<\/span>, abbiamo deciso di organizzare una fiaccolata per ricordare le vittime di questa tragedia. <\/span><span style=\"color: #000000;\"><span style=\"font-size: medium;\"><em><span style=\"color: #003366;\">Questa fiaccolata vuol essere apartitica e trasversale: parteciperemo da singoli individui, semplici nomi e volti che sfileranno per ricordare i nomi e i volti di chi non c\u2019\u00e8 pi\u00f9<\/span><\/em>. Non ci saranno simboli o bandiere di sigle, partiti, organizzazioni politiche e altre associazioni. <span style=\"color: #000080;\"><em>Ci uniremo sotto l\u2019unica bandiera della condivisione del dolore e della speranza che sia possibile lavorare insieme per la salvaguardia del nostro territorio, delle nostre vite. <span style=\"color: #000000;\"><span style=\"font-size: medium;\"><span style=\"color: #000000;\"><span style=\"font-size: medium;\">L\u2019appuntamento\u00a0\u00e8 per\u00a0<\/span><\/span><span style=\"color: #000000;\"><span style=\"color: #000000;\">\u00a0<\/span><\/span><\/span><\/span><\/em><\/span><\/span><\/span><\/p>\n<p style=\"text-align: left; margin-bottom: 0cm;\"><span style=\"color: #000000;\"><span style=\"font-size: medium;\"><em><strong><span style=\"color: #008000;\">DOMENICA\u00a0\u00a0<\/span>1 NOVEMBRE\u00a0<\/strong><\/em><\/span><\/span><span style=\"color: #000000;\"><span style=\"font-size: medium;\"><em><strong><span style=\"color: #008000;\">ore 19.00\u00a0<\/span><\/strong><\/em><\/span><\/span><\/p>\n<p style=\"text-align: left; margin-bottom: 0cm;\"><span style=\"color: #000000;\"><span style=\"font-size: medium;\"><em><strong>\u00a0<\/strong><\/em><span style=\"font-size: medium;\">Il percorso sar\u00e0\u00a0<\/span><span style=\"font-size: medium;\">Piazza del Popolo \u2013 Via degli Angeli (Tirone) \u2013 Corso Cavour &#8211; Piazza Duomo. <\/span><\/span><\/span><\/p>\n<p style=\"text-align: left; margin-bottom: 0cm;\"><span style=\"font-size: medium;\">Passeremo e ci soffermeremo qualche istante al <\/span><span style=\"font-size: medium;\"><strong>Tirone<\/strong><\/span><span style=\"font-size: medium;\">, <span style=\"color: #000080;\">come silenzioso monito di attenzione<\/span> per quello che, al centro citt\u00e0, \u00e8 il luogo pi\u00f9 a rischio.<\/span><\/p>\n<p><span style=\"color: #000000;\">\u00a0<\/span><span style=\"color: #000000;\"><span style=\"font-size: medium;\">Precisiamo quindi che non ci sar\u00e0 nessun discorso di apertura o chiusura: solo il silenzio raccolto e, alla fine, la lettura dei nomi delle vittime.<\/span><\/span><\/p>\n<p style=\"text-align: left; margin-bottom: 0cm;\">\u00a0<span style=\"color: #000000;\"><span style=\"font-size: medium;\">Scusateci quindi, se sar\u00e0 tutto improvvisato, poco organizzato: non siamo un\u2019associazione, non siamo un partito, non siamo \u201cstrutturati\u201d in alcun modo. Se potete, portate voi stessi la vostra candela (noi da parte nostra cercheremo di portarne il maggior numero possibile).<\/span><\/span><\/p>\n<p style=\"margin-bottom: 0cm;\" align=\"justify\">\u00a0<span style=\"color: #000000;\"><span style=\"font-size: medium;\">Cerchiamo di essere in tanti, fate girare la voce, ricordando che veniamo da singole persone a cui sta a cuore questa citt\u00e0.\u00a0<\/span><\/span><\/p>\n","protected":false},"excerpt":{"rendered":"<p>A un mese dall&#8217;alluvione che ha duramente colpito Giampilieri, Scaletta Zanclea, Briga, Molino e Altolia, abbiamo deciso di organizzare una fiaccolata per ricordare le vittime di questa tragedia. Questa fiaccolata &hellip; <\/p>\n","protected":false},"author":2,"featured_media":118183,"comment_status":"open","ping_status":"open","sticky":false,"template":"","format":"standard","meta":{"footnotes":""},"categories":[10,16,63,48],"tags":[426,45],"class_list":["post-3346","post","type-post","status-publish","format-standard","has-post-thumbnail","hentry","category-cultura","category-eventi","category-promozione-umana","category-sociale","tag-cultura","tag-prouma"],"_links":{"self":[{"href":"https:\/\/www.carlofrancio.net\/index.php?rest_route=\/wp\/v2\/posts\/3346","targetHints":{"allow":["GET"]}}],"collection":[{"href":"https:\/\/www.carlofrancio.net\/index.php?rest_route=\/wp\/v2\/posts"}],"about":[{"href":"https:\/\/www.carlofrancio.net\/index.php?rest_route=\/wp\/v2\/types\/post"}],"author":[{"embeddable":true,"href":"https:\/\/www.carlofrancio.net\/index.php?rest_route=\/wp\/v2\/users\/2"}],"replies":[{"embeddable":true,"href":"https:\/\/www.carlofrancio.net\/index.php?rest_route=%2Fwp%2Fv2%2Fcomments&post=3346"}],"version-history":[{"count":4,"href":"https:\/\/www.carlofrancio.net\/index.php?rest_route=\/wp\/v2\/posts\/3346\/revisions"}],"predecessor-version":[{"id":118181,"href":"https:\/\/www.carlofrancio.net\/index.php?rest_route=\/wp\/v2\/posts\/3346\/revisions\/118181"}],"wp:featuredmedia":[{"embeddable":true,"href":"https:\/\/www.carlofrancio.net\/index.php?rest_route=\/wp\/v2\/media\/118183"}],"wp:attachment":[{"href":"https:\/\/www.carlofrancio.net\/index.php?rest_route=%2Fwp%2Fv2%2Fmedia&parent=3346"}],"wp:term":[{"taxonomy":"category","embeddable":true,"href":"https:\/\/www.carlofrancio.net\/index.php?rest_route=%2Fwp%2Fv2%2Fcategories&post=3346"},{"taxonomy":"post_tag","embeddable":true,"href":"https:\/\/www.carlofrancio.net\/index.php?rest_route=%2Fwp%2Fv2%2Ftags&post=3346"}],"curies":[{"name":"wp","href":"https:\/\/api.w.org\/{rel}","templated":true}]}}