{"id":3274,"date":"2009-10-21T15:40:35","date_gmt":"2009-10-21T14:40:35","guid":{"rendered":"https:\/\/www.carlofrancio.net\/blog\/?p=3274"},"modified":"2009-10-21T15:40:35","modified_gmt":"2009-10-21T14:40:35","slug":"nel-segno-della-continuita-e-della-reciproca-accoglienza-%c2%abgiornata-per-il-dialogo-cristiano-islamico-2009%c2%bb","status":"publish","type":"post","link":"https:\/\/www.carlofrancio.net\/?p=3274","title":{"rendered":"Nel segno della continuit\u00e0 e della reciproca accoglienza-\u00abGiornata per il dialogo Cristiano-Islamico 2009\u00bb"},"content":{"rendered":"<h3 style=\"margin-bottom: 0cm;\">Il <span style=\"color: #0000ff;\">MEIC<\/span>\u00a0<span style=\"color: #000000;\">d&#8217;intesa con la <\/span><span style=\"color: #008000;\">Comunit\u00e0 Islamica Messinese,<\/span><\/h3>\n<h3 style=\"margin-bottom: 0cm;\"><span style=\"color: #ff00ff;\">promuove<\/span> <span style=\"color: #800080;\">la giornata per il dialogo cristiano-islamico <\/span><\/h3>\n<h3 style=\"margin-bottom: 0cm;\">che si terr\u00e0 martedi 27 alle ore 18.30 all&#8217;Ignatianum.<\/h3>\n<h3 style=\"margin-bottom: 0cm;\">Il tema \u00e8 <span style=\"color: #3366ff;\">&#8220;Maria nel dialogo cristiano-islamico&#8221;.<\/span><\/h3>\n<p style=\"margin-bottom: 0cm;\"><span style=\"color: #993366;\">Dopo la lettura di brani tratti:<\/span><\/p>\n<p style=\"margin-bottom: 0cm;\">dalla <span style=\"color: #0000ff;\"><strong>Bibbia<\/strong><\/span> (a cura di <span style=\"color: #0000ff;\">Giovanna Costanzo<\/span>) e dal <span style=\"color: #008000;\"><strong>Coran<\/strong><\/span>o (a cura di un <span style=\"color: #339966;\">Esponente della Comunit\u00e0 Islamica<\/span>)<\/p>\n<p style=\"margin-bottom: 0cm;\"><span style=\"color: #993366;\">raggiungeremo la moschea di via Torrente Trapani<strong> per un incontro di amicizia.<br \/>\n<\/strong><\/span>Fraterni Saluti<br \/>\nDino Calderone\n<\/p>\n<p style=\"margin-bottom: 0cm;\" align=\"left\"><span style=\"color: #00009a;\"><span style=\"font-family: Garamond, serif;\"><span style=\"font-size: small;\">Dott. Dino Calderone &#8211; <\/span><\/span><\/span><span style=\"color: #00009a;\"><span style=\"font-family: Garamond, serif;\"><span style=\"font-size: small;\">Presidente del MEIC di Messina &#8211; <span style=\"color: #0000ff;\">(Movimento Ecclesiale di Impegno Culturale)<\/span><\/span><\/span><\/span><\/p>\n","protected":false},"excerpt":{"rendered":"<p>Il MEIC\u00a0d&#8217;intesa con la Comunit\u00e0 Islamica Messinese, promuove la giornata per il dialogo cristiano-islamico che si terr\u00e0 martedi 27 alle ore 18.30 all&#8217;Ignatianum. Il tema \u00e8 &#8220;Maria nel dialogo cristiano-islamico&#8221;. &hellip; <\/p>\n","protected":false},"author":1,"featured_media":0,"comment_status":"open","ping_status":"open","sticky":false,"template":"","format":"standard","meta":{"footnotes":""},"categories":[21],"tags":[434,431,52],"class_list":["post-3274","post","type-post","status-publish","format-standard","hentry","category-meic","tag-promozione-umana","tag-sociale","tag-volontariato"],"_links":{"self":[{"href":"https:\/\/www.carlofrancio.net\/index.php?rest_route=\/wp\/v2\/posts\/3274","targetHints":{"allow":["GET"]}}],"collection":[{"href":"https:\/\/www.carlofrancio.net\/index.php?rest_route=\/wp\/v2\/posts"}],"about":[{"href":"https:\/\/www.carlofrancio.net\/index.php?rest_route=\/wp\/v2\/types\/post"}],"author":[{"embeddable":true,"href":"https:\/\/www.carlofrancio.net\/index.php?rest_route=\/wp\/v2\/users\/1"}],"replies":[{"embeddable":true,"href":"https:\/\/www.carlofrancio.net\/index.php?rest_route=%2Fwp%2Fv2%2Fcomments&post=3274"}],"version-history":[{"count":0,"href":"https:\/\/www.carlofrancio.net\/index.php?rest_route=\/wp\/v2\/posts\/3274\/revisions"}],"wp:attachment":[{"href":"https:\/\/www.carlofrancio.net\/index.php?rest_route=%2Fwp%2Fv2%2Fmedia&parent=3274"}],"wp:term":[{"taxonomy":"category","embeddable":true,"href":"https:\/\/www.carlofrancio.net\/index.php?rest_route=%2Fwp%2Fv2%2Fcategories&post=3274"},{"taxonomy":"post_tag","embeddable":true,"href":"https:\/\/www.carlofrancio.net\/index.php?rest_route=%2Fwp%2Fv2%2Ftags&post=3274"}],"curies":[{"name":"wp","href":"https:\/\/api.w.org\/{rel}","templated":true}]}}