{"id":3237,"date":"2009-10-27T00:15:47","date_gmt":"2009-10-26T23:15:47","guid":{"rendered":"https:\/\/www.carlofrancio.net\/blog\/?p=3237"},"modified":"2009-10-27T00:15:47","modified_gmt":"2009-10-26T23:15:47","slug":"wt-walking-together-condividere-lamore-per-il-prossimo","status":"publish","type":"post","link":"https:\/\/www.carlofrancio.net\/?p=3237","title":{"rendered":"WT-WALKING TOGETHER &#8211; Condividere l&#039;amore per il prossimo &#8211;"},"content":{"rendered":"<p style=\"margin-bottom: 0cm;\" align=\"center\"><span style=\"color: #000080;\"><span style=\"font-family: Trebuchet MS, sans-serif;\"><strong><a href=\"https:\/\/www.carlofrancio.net\/blog\/wp-content\/uploads\/2009\/10\/210.JPG\"><img loading=\"lazy\" decoding=\"async\" class=\"alignleft size-medium wp-image-3238\" title=\"210\" src=\"https:\/\/www.carlofrancio.net\/blog\/wp-content\/uploads\/2009\/10\/210-300x225.jpg\" alt=\"210\" width=\"300\" height=\"225\" \/><\/a>PADRE ANDREA CARDILE &#8211; WALKING TOGETHER<\/strong><\/span><\/span><\/p>\n<p style=\"margin-bottom: 0cm;\">In questi giorni si svolge il Sinodo per l&#8217;Africa, evento certamente importante e da attenzionare. Sono tanti gli argomenti al centro delle preoccupazioni della Chiesa ( fame, riconciliazione, opportunit\u00e0 di lavoro, giustizia, perdono, pace, sanit\u00e0, solidariet\u00e0, \u2026 ).<\/p>\n<p style=\"margin-bottom: 0cm;\" lang=\"it-IT\">\u00a0<span style=\"color: #0000ff;\"><span style=\"font-family: Times New Roman, serif;\"><span style=\"font-size: small;\">Per noi da poco tornati da una nuova esperienza di volontariato in Uganda e proiettati per Novembre ad una ulteriore fase di tale progetto, questi argomenti sono particolarmente cari. <\/span><\/span><\/span><\/p>\n<p style=\"margin-bottom: 0cm;\" lang=\"it-IT\"><span style=\"color: #0000ff;\"><span style=\"font-family: Times New Roman, serif;\"><span style=\"font-size: small;\"><a href=\"https:\/\/www.carlofrancio.net\/blog\/wp-content\/uploads\/2009\/10\/100_0835.JPG\"><img loading=\"lazy\" decoding=\"async\" class=\"alignright size-medium wp-image-3239\" title=\"100_0835\" src=\"https:\/\/www.carlofrancio.net\/blog\/wp-content\/uploads\/2009\/10\/100_0835-300x210.jpg\" alt=\"100_0835\" width=\"300\" height=\"210\" \/><\/a>Infatti abbiamo \u201cgustato\u201d una mattinata con il Vescovo di LIRA (alla vigilia della sua partenza per il Sinodo) che ci ha messo al corrente dell&#8217;importante ruolo svolto dalla Chiesa nell&#8217;impostare il dialogo tra ribelli e governo in vista di una riappacificazione dopo anni di carneficine, di soprusi e violenze che avevano instaurato un clima di terrore, di sospetto, di sfiducia allontanando sempre pi\u00f9 la prospettiva di pace.<\/span><\/span><\/span>\u00a0<\/p>\n<p style=\"margin-bottom: 0cm;\" lang=\"it-IT\"><span style=\"color: #0000ff;\"><span style=\"font-family: Times New Roman, serif;\"><span style=\"font-size: small;\"><a href=\"https:\/\/www.carlofrancio.net\/blog\/wp-content\/uploads\/2009\/10\/DSCN0090.JPG\"><img loading=\"lazy\" decoding=\"async\" class=\"alignleft size-medium wp-image-3240\" title=\"DSCN0090\" src=\"https:\/\/www.carlofrancio.net\/blog\/wp-content\/uploads\/2009\/10\/DSCN0090-300x225.jpg\" alt=\"DSCN0090\" width=\"300\" height=\"225\" \/><\/a>Le tante difficolt\u00e0 incontrate nella fase di riconciliazione dopo anni e anni di separazione, i problemi di ripartire una quotidianit\u00e0 serena (scuola, attivit\u00e0 lavorative, abitazioni, infrastrutture, \u2026)<\/span><\/span><\/span><\/p>\n<p style=\"margin-bottom: 0cm;\" lang=\"it-IT\"><span style=\"color: #0000ff;\"><span style=\"font-family: Times New Roman, serif;\"><span style=\"font-size: small;\">Anche mons. ODAMA, nel suo intervento sinodale del 13Martedi 13 Ottobre 2009 cos\u00ec dichiara:<\/span><\/span><\/span><\/p>\n<p style=\"margin-top: 0cm; margin-bottom: 0cm;\" lang=\"it-IT\"><span style=\"font-family: Times New Roman, serif;\"><span style=\"font-size: small;\">16:16 &#8211; SINODO AFRICA: MONS. ODAMA (UGANDA), NO A VIOLENZE E SFRUTTAMENTO BAMBINI-SOLDATO <\/span><\/span><\/p>\n<p style=\"margin-bottom: 0cm;\"><span style=\"font-family: Times New Roman, serif;\"><span style=\"font-size: small;\"><span lang=\"it-IT\"><a href=\"https:\/\/www.carlofrancio.net\/blog\/wp-content\/uploads\/2009\/10\/49.JPG\"><img loading=\"lazy\" decoding=\"async\" class=\"size-medium wp-image-3242 alignright\" title=\"49\" src=\"https:\/\/www.carlofrancio.net\/blog\/wp-content\/uploads\/2009\/10\/49-300x225.jpg\" alt=\"49\" width=\"300\" height=\"225\" \/><\/a>Tra i 20.000 e i 30.000 bambini e giovani subiscono violenza e sfruttamento in Uganda, i maschi avviati alla guerra, le ragazze costrette a diventare &#8220;schiave sessuali&#8221; dei ribelli appartenenti al gruppo Lra(Lord&#8217;s resistance army). Lo ha denunciato oggi mons. <\/span><\/span><\/span><span style=\"color: #0000ff;\"><span style=\"font-family: Times New Roman, serif;\"><span style=\"font-size: small;\"><span lang=\"it-IT\"><strong>John Baptist Odama,<\/strong><\/span><\/span><\/span><\/span><span style=\"font-family: Times New Roman, serif;\"><span style=\"font-size: small;\"><span lang=\"it-IT\"> arcivescovo di <\/span><\/span><\/span><span style=\"font-family: Times New Roman, serif;\"><span style=\"font-size: small;\"><span lang=\"it-IT\"><strong>Gulu<\/strong><\/span><\/span><\/span><span style=\"font-family: Times New Roman, serif;\"><span style=\"font-size: small;\"><span lang=\"it-IT\">, in <\/span><\/span><\/span><span style=\"font-family: Times New Roman, serif;\"><span style=\"font-size: small;\"><span lang=\"it-IT\"><strong>Uganda<\/strong><\/span><\/span><\/span><span style=\"font-family: Times New Roman, serif;\"><span style=\"font-size: small;\"><span lang=\"it-IT\">, durante il suo intervento alla seconda Assemblea speciale per l&#8217;Africa del Sinodo dei vescovi. &#8220;Le forze del Lra Hanno rapito giovani e ragazze per obbligarli a diventare bambini-soldato &#8211; ha detto -, danneggiano le loro menti e le loro anime in maniera terribile. E hanno costretto le ragazze a diventare schiavi sessuali, rovinando loro speranze e futuro&#8221;. Mons. <\/span><\/span><\/span><span style=\"color: #0000ff;\"><span style=\"font-family: Times New Roman, serif;\"><span style=\"font-size: small;\"><span lang=\"it-IT\"><strong>Odama<\/strong><\/span><\/span><\/span><\/span><span style=\"font-family: Times New Roman, serif;\"><span style=\"font-size: small;\"><span lang=\"it-IT\"> ha ricordato che questo tipo di violenze contro i giovani si verificano anche nella <\/span><\/span><\/span><span style=\"color: #b84700;\"><span style=\"font-family: Times New Roman, serif;\"><span style=\"font-size: small;\"><span lang=\"it-IT\">R. Democratica del Congo,<\/span><\/span><\/span><\/span><span style=\"font-family: Times New Roman, serif;\"><span style=\"font-size: small;\"><span lang=\"it-IT\"> nel <\/span><\/span><\/span><span style=\"color: #b84700;\"><span style=\"font-family: Times New Roman, serif;\"><span style=\"font-size: small;\"><span lang=\"it-IT\">Sud Sudan<\/span><\/span><\/span><\/span><span style=\"font-family: Times New Roman, serif;\"><span style=\"font-size: small;\"><span lang=\"it-IT\"> e nell&#8217; <\/span><\/span><\/span><span style=\"color: #b84700;\"><span style=\"font-family: Times New Roman, serif;\"><span style=\"font-size: small;\"><span lang=\"it-IT\">Africa centrale<\/span><\/span><\/span><\/span><span style=\"font-family: Times New Roman, serif;\"><span style=\"font-size: small;\"><span lang=\"it-IT\">. Esiste poi <\/span><\/span><\/span><span style=\"font-family: Times New Roman, serif;\"><span style=\"font-size: small;\"><span lang=\"it-IT\"><em>&#8220;un altro tipo di violenza quotidiana molto diffusa in tutto il continente &#8211; ha osservato &#8211; che consiste nella mancanza di opportunit\u00e0 educative, cure mediche e condizioni di vita adeguate negli slums e nei campi per rifugiati&#8221; .<\/em><\/span><\/span><\/span><\/p>\n<h4 style=\"margin-bottom: 0cm;\" lang=\"it-IT\"><span style=\"color: #ff00ff;\"><span lang=\"it-IT\">Proprio per questo <\/span><span lang=\"it-IT\">WT, vuole continuare ad essere disponibile giorno per giorno anche se pu\u00f2 sembrare una piccola goccia in un oceano di problemi.<\/span><\/span><\/h4>\n<p style=\"margin-bottom: 0cm;\" lang=\"it-IT\">\u00a0\u00a0<span style=\"color: #0000ff;\"><span style=\"font-family: Times New Roman, serif;\"><span style=\"font-size: large;\"><strong>Cronaca della Missione Gossace<\/strong><\/span><\/span><\/span><\/p>\n<p style=\"margin-bottom: 0cm; font-weight: normal;\" lang=\"it-IT\"><span style=\"color: #0000ff;\"><span style=\"font-family: Times New Roman, serif;\"><span style=\"font-size: large;\">E&#8217; giusto, come sempre, al termine di una nuova fase rendervi partecipi di quanto realizzato anche con la vostra fraterna partecipazione in Uganda, in occasione del nostro recente viaggio (Agosto \u2013 Settembre 2009).<\/span><\/span><\/span><\/p>\n<p style=\"margin-bottom: 0cm; font-weight: normal;\" lang=\"it-IT\"><span style=\"color: #0000ff;\"><span style=\"font-family: Times New Roman, serif;\"><span style=\"font-size: large;\"><a href=\"https:\/\/www.carlofrancio.net\/blog\/wp-content\/uploads\/2009\/10\/DSCN0434.JPG\"><img loading=\"lazy\" decoding=\"async\" class=\"alignleft size-medium wp-image-3241\" title=\"DSCN0434\" src=\"https:\/\/www.carlofrancio.net\/blog\/wp-content\/uploads\/2009\/10\/DSCN0434-300x225.jpg\" alt=\"DSCN0434\" width=\"300\" height=\"225\" \/><\/a>Siamo partiti in <a title=\"Siamo ai box\" href=\"http:\/\/carlofrancio.net\/blog\/?page_id=2543\" target=\"_blank\">13 (11+2), <\/a>abbiamo visitato tre orfanotrofi <\/span><\/span><\/span><span style=\"color: #0000ff;\"><span style=\"font-family: Times New Roman, serif;\"><span style=\"font-size: large;\">(NSAMBYA- Kampala, GOSSACE e LIRA) portando gioia, sorrisi, palloni, latte in polvere, biberon, medicine, vestiti, materiale scolastico, e \u2026 Abbiamo anche sostenuto economicamente la difficile \u201cquotidianit\u00e0\u201d.<\/span><\/span><\/span><\/p>\n<p style=\"margin-bottom: 0cm; font-weight: normal;\" lang=\"it-IT\"><span style=\"color: #0000ff;\"><span style=\"font-family: Times New Roman, serif;\"><span style=\"font-size: large;\">A Gossace soprattutto abbiamo potuto dare la possibilit\u00e0 di completare i pannelli solari, alcune opere edilizie (Bagno, fossa biologica, \u2026) e agrarie (strumenti per la lavorazione del<a href=\"https:\/\/www.carlofrancio.net\/blog\/wp-content\/uploads\/2009\/10\/53.JPG\"><img loading=\"lazy\" decoding=\"async\" class=\"alignright size-medium wp-image-3243\" title=\"53\" src=\"https:\/\/www.carlofrancio.net\/blog\/wp-content\/uploads\/2009\/10\/53-225x300.jpg\" alt=\"53\" width=\"225\" height=\"300\" \/><\/a> terreno coltivato a mais, motozappe, pompe idrauliche, sementi, concimi, \u2026). Abbiamo provveduto all&#8217;acquisto di farmaci e di viveri.<\/span><\/span><\/span><\/p>\n<p style=\"margin-bottom: 0cm; font-weight: normal;\" lang=\"it-IT\"><span style=\"color: #0000ff;\"><span style=\"font-family: Times New Roman, serif;\"><span style=\"font-size: large;\">Abbiamo partecipato a \u201crisollevarsi\u201d dai tanti debiti contratti in questi anni e abbiamo lasciato \u201cun fondo\u201d per l&#8217;emergerza sanitaria. Infatti in Uganda non c&#8217;\u00e8 forma di partecipazione statale alle loro necessit\u00e0.<\/span><\/span><\/span><\/p>\n<p style=\"margin-bottom: 0cm; font-weight: normal;\"><span style=\"color: #0000ff;\"><span style=\"font-size: large;\"><span style=\"font-family: Times New Roman, serif;\"><span lang=\"it-IT\"><a href=\"https:\/\/www.carlofrancio.net\/blog\/wp-content\/uploads\/2009\/10\/DSCN1929.JPG\"><img loading=\"lazy\" decoding=\"async\" class=\"alignleft size-medium wp-image-3244\" title=\"DSCN1929\" src=\"https:\/\/www.carlofrancio.net\/blog\/wp-content\/uploads\/2009\/10\/DSCN1929-195x300.jpg\" alt=\"DSCN1929\" width=\"195\" height=\"300\" \/><\/a>Abbiamo potuto fare anche quest&#8217;anno tante cose proprio per la sensibilit\u00e0 di tanti amici che hanno pensato a noi nei loro momenti di gioia e di dolore. Cos\u00ec <\/span><\/span><span style=\"font-family: Times New Roman, serif;\"><span style=\"font-size: large;\"><span lang=\"it-IT\"><em><strong>WT \u00e8 stato presente nelle Liste Nozze, nei battesimi, nelle feste di 18 anni, nei fiori che non marciscono, nei suffragi, nei concerti, nelle mostre, nelle attivit\u00e0 sportive, nelle veglie missionarie ecc.<\/strong><\/em><\/span><\/span><\/span><\/span><\/span><\/p>\n<p style=\"margin-bottom: 0cm;\" lang=\"it-IT\"><span style=\"color: #0000ff;\"><span style=\"font-family: Times New Roman, serif;\"><span style=\"font-size: large;\"><em><strong>Insomma Siamo commossi per tanto affetto.<\/strong><\/em><\/span><\/span><\/span><\/p>\n<p style=\"margin-bottom: 0cm;\" lang=\"it-IT\"><span style=\"color: #0000ff;\"><span style=\"font-family: Times New Roman, serif;\"><span style=\"font-size: large;\"><em><strong>Anche tante scolaresche hanno tenuto in considerazione le nostre proposte e finalit\u00e0, con semplicit\u00e0 e slancio. <\/strong><\/em><\/span><\/span><\/span><\/p>\n<p style=\"margin-bottom: 0cm;\" lang=\"it-IT\"><span style=\"color: #0000ff;\"><span style=\"font-family: Times New Roman, serif;\"><span style=\"font-size: large;\"><em><strong>In questo Ottobre Missionario siamo stati chiamati da pi\u00f9 parti a portare la nostra esperienza. Stiamo inoltre preparando il calendario UGANDA 2010.<\/strong><\/em><\/span><\/span><\/span><\/p>\n","protected":false},"excerpt":{"rendered":"<p>PADRE ANDREA CARDILE &#8211; WALKING TOGETHER In questi giorni si svolge il Sinodo per l&#8217;Africa, evento certamente importante e da attenzionare. Sono tanti gli argomenti al centro delle preoccupazioni della &hellip; <\/p>\n","protected":false},"author":2,"featured_media":0,"comment_status":"open","ping_status":"open","sticky":false,"template":"","format":"standard","meta":{"footnotes":""},"categories":[59],"tags":[425,434,52],"class_list":["post-3237","post","type-post","status-publish","format-standard","hentry","category-walking-together","tag-chiesa_cattolica","tag-promozione-umana","tag-volontariato"],"_links":{"self":[{"href":"https:\/\/www.carlofrancio.net\/index.php?rest_route=\/wp\/v2\/posts\/3237","targetHints":{"allow":["GET"]}}],"collection":[{"href":"https:\/\/www.carlofrancio.net\/index.php?rest_route=\/wp\/v2\/posts"}],"about":[{"href":"https:\/\/www.carlofrancio.net\/index.php?rest_route=\/wp\/v2\/types\/post"}],"author":[{"embeddable":true,"href":"https:\/\/www.carlofrancio.net\/index.php?rest_route=\/wp\/v2\/users\/2"}],"replies":[{"embeddable":true,"href":"https:\/\/www.carlofrancio.net\/index.php?rest_route=%2Fwp%2Fv2%2Fcomments&post=3237"}],"version-history":[{"count":0,"href":"https:\/\/www.carlofrancio.net\/index.php?rest_route=\/wp\/v2\/posts\/3237\/revisions"}],"wp:attachment":[{"href":"https:\/\/www.carlofrancio.net\/index.php?rest_route=%2Fwp%2Fv2%2Fmedia&parent=3237"}],"wp:term":[{"taxonomy":"category","embeddable":true,"href":"https:\/\/www.carlofrancio.net\/index.php?rest_route=%2Fwp%2Fv2%2Fcategories&post=3237"},{"taxonomy":"post_tag","embeddable":true,"href":"https:\/\/www.carlofrancio.net\/index.php?rest_route=%2Fwp%2Fv2%2Ftags&post=3237"}],"curies":[{"name":"wp","href":"https:\/\/api.w.org\/{rel}","templated":true}]}}