{"id":3197,"date":"2009-10-16T22:44:27","date_gmt":"2009-10-16T21:44:27","guid":{"rendered":"https:\/\/www.carlofrancio.net\/blog\/?p=3197"},"modified":"2009-10-16T22:44:27","modified_gmt":"2009-10-16T21:44:27","slug":"%c2%ab-r-i-f-i-u-t-i-z-e-r-o-%c2%bb-il-nostro-contributo-a-migliorare-cambiando-mentalita-per-una-citta-da-vivere-e-da-non-sfruttare-arcivescovo-la-piana","status":"publish","type":"post","link":"https:\/\/www.carlofrancio.net\/?p=3197","title":{"rendered":"\u00ab R I F I U T I Z E R O \u00bb &#8211; Il nostro contributo a migliorare cambiando mentalit\u00e0 &#8211; per una &quot;Citt\u00e0 da vivere e da non sfruttare&quot; (Arcivescovo La Piana)"},"content":{"rendered":"<h5><span style=\"color: #3366ff;\"><span style=\"font-family: Times New Roman, serif;\"><span style=\"font-size: medium;\"><a href=\"https:\/\/www.carlofrancio.net\/blog\/wp-content\/uploads\/2009\/10\/logo.png\"><span style=\"color: #000080;\"><img loading=\"lazy\" decoding=\"async\" src=\"https:\/\/www.carlofrancio.net\/blog\/wp-content\/uploads\/2009\/10\/logo-150x123.png\" border=\"1\" alt=\"logo\" width=\"100\" height=\"92\" align=\"left\" \/><\/span><\/a><\/span><\/span><\/span><\/h5>\n<h5 style=\"TEXT-ALIGN: left\"><span style=\"font-family: verdana;\">Luned\u00ec, 12 Ottobre 2009, nella saletta della Chiesa Valdese si \u00e8 tenuto l&#8217;incontro, programmato e organizzato dal SAE, dal titolo <span style=\"color: #800080;\">\u201cRIFIUTIZERO\u201d, <\/span>tenuto dal prof.<span style=\"color: #000080;\"> Daniele Ialacqua<\/span>, che ha utilizzato delle SLIDE, per facilitare ai presenti la comprensione delle tematiche esposte.<\/span><\/h5>\n<p align=\"left\"><span style=\"color: #0000ff;\"><strong><a href=\"https:\/\/www.carlofrancio.net\/blog\/wp-content\/uploads\/2009\/10\/121020092408.jpg\"><img loading=\"lazy\" decoding=\"async\" class=\"alignleft size-thumbnail wp-image-3216\" title=\"121020092408\" src=\"https:\/\/www.carlofrancio.net\/blog\/wp-content\/uploads\/2009\/10\/121020092408-150x150.jpg\" alt=\"121020092408\" width=\"150\" height=\"150\" \/><\/a>Carmelo Labate,<\/strong><\/span> coordinatore del SAE, nella presentazione, ha sottolineato come i vari appuntamenti programmati, come quello odierno, stiano diventando patrimonio comune di tutti i partecipanti, prendendo ad esempio ed evidenziando la disponibilit\u00e0 anzi la collaborazione della <span style=\"color: #0000ff;\">Pastora Valdese Laura Testa<\/span> che ha messo a disposizione i locali per l&#8217;incontro.<\/p>\n<p align=\"left\"><span style=\"font-family: Vrinda;\"><a href=\"https:\/\/www.carlofrancio.net\/blog\/wp-content\/uploads\/2009\/10\/121020092406.jpg\"><img loading=\"lazy\" decoding=\"async\" class=\"alignright size-thumbnail wp-image-3215\" title=\"121020092406\" src=\"https:\/\/www.carlofrancio.net\/blog\/wp-content\/uploads\/2009\/10\/121020092406-150x150.jpg\" alt=\"121020092406\" width=\"150\" height=\"150\" \/><\/a>Superate le difficolt\u00e0 connesse al proiettore, il prof Ialacqua, con chiarezza di appartenenza (<\/span><span style=\"font-family: Vrinda;\"><strong>Legambiente)<\/strong><\/span><span style=\"font-family: Vrinda;\"> e di esposizione, ha parlato dei due argomenti centrali: problematiche relative ai Rifiuti Zero e alla Gestione dei Rifiuti, avvalendosi delle diapositive preparate dal Dr Paul Connett, Professore Emerito di Chimica presso la St Lawrence University di Canton, New York e da Lui utilizzate nelle tantissime conferenze tenute in tutta Italia sulla \u201cStrategia rifiuti zero\u201d. <\/span><\/p>\n<p align=\"left\"><span style=\"font-family: Vrinda;\">Ricapitolando in <span style=\"font-family: Vrinda;\"><span style=\"color: #000000;\"><span style=\"font-family: verdana;\"><span style=\"font-family: Vrinda;\"><span style=\"color: #000000;\"><span style=\"font-family: verdana;\"><a href=\"https:\/\/www.carlofrancio.net\/blog\/wp-content\/uploads\/2009\/10\/121020092403.jpg\"><img loading=\"lazy\" decoding=\"async\" class=\"size-thumbnail wp-image-3211 alignleft\" title=\"121020092403\" src=\"https:\/\/www.carlofrancio.net\/blog\/wp-content\/uploads\/2009\/10\/121020092403-150x150.jpg\" alt=\"121020092403\" width=\"150\" height=\"150\" \/><\/a><\/span><\/span><\/span><\/span><\/span><\/span>breve: <\/span><span style=\"font-family: Vrinda;\"><span style=\"color: #000000;\"><span style=\"font-family: verdana;\">La <\/span><\/span><span style=\"color: #cc0000;\"><span style=\"font-family: verdana;\">strategia rifiuti zero<\/span><\/span><span style=\"font-family: verdana;\"> \u00e8 l&#8217;alternativa unica e credibile all\u2019insostenibilit\u00e0 delle discariche e all\u2019assoluto <\/span><span style=\"color: #cc0000;\"><span style=\"font-family: verdana;\">\u201cnon-sense\u201d dell\u2019incenerimento<\/span><\/span><span style=\"font-family: verdana;\">.<\/span><\/span><span style=\"font-family: verdana;\">come attuarla nel concreto?<\/span><\/p>\n<p align=\"justify\"><span style=\"color: #0000ff;\"><span style=\"font-family: verdana;\"><span style=\"font-size: x-small;\"><strong><span style=\"color: #5e11a6;\">La considerazione iniziale \u00e8 la seguente: <\/span>il trattamento dei rifiuti non \u00e8 un problema tecnologico, ma di strategia, organizzazione, educazione e progettazione industriale.<\/strong><\/span><\/span><\/span><\/p>\n<p style=\"MARGIN-BOTTOM: 0cm\" align=\"justify\"><span style=\"font-family: verdana;\">Per inseguire e realizzare la strategia zero rifiuti occorrono:<\/span><\/p>\n<p style=\"MARGIN-BOTTOM: 0cm\" align=\"justify\"><span style=\"font-family: verdana;\"><span style=\"color: #cc0000;\"><a href=\"https:\/\/www.carlofrancio.net\/blog\/wp-content\/uploads\/2009\/10\/121020092404.jpg\"><img loading=\"lazy\" decoding=\"async\" class=\"alignright size-thumbnail wp-image-3213\" title=\"121020092404\" src=\"https:\/\/www.carlofrancio.net\/blog\/wp-content\/uploads\/2009\/10\/121020092404-150x150.jpg\" alt=\"121020092404\" width=\"150\" height=\"150\" \/><\/a>1.<\/span> (a monte) <span style=\"color: #cc0000;\">responsabilit\u00e0 industriale<\/span> (progetto industriale di sostenibilit\u00e0; produzione pulita; responsabilit\u00e0 della catena di produzione , <\/span><\/p>\n<p style=\"MARGIN-BOTTOM: 0cm\" align=\"justify\"><span style=\"font-family: verdana;\"><span style=\"color: #cc0000;\">2.<\/span> (a valle) <span style=\"color: #cc0000;\">responsabilit\u00e0 della comunit\u00e0 <\/span>(separazione alla sorgente; raccolta porta a porta, che costituisce il trampolino per la realizzazione della strategia rifiuti zero) e <\/span><\/p>\n<p style=\"MARGIN-BOTTOM: 0cm\" align=\"justify\"><span style=\"font-family: verdana;\"><span style=\"color: #cc0000;\">3.<\/span> una <span style=\"color: #cc0000;\">buona leadership politica<\/span> (per saldare insieme le prime due)<\/span><\/p>\n<p style=\"margin-bottom: 0cm;\"><span style=\"font-family: verdana;\">Non sono mancati esempi concreti di attuazione di questi comportamenti (fabbrica di birra nell\u2019Ontario, Xerox con i componenti dei prodotti elettronici).<\/span><\/p>\n<p style=\"MARGIN-BOTTOM: 0cm\" align=\"justify\">\u00a0<span style=\"font-family: Vrinda;\">Al termine di questa &#8216;alta esposizione ci siamo &#8216;abbassati al nostro livello riposizionandoci nel nostro territorio Messinese. <\/span><\/p>\n<p align=\"left\"><span style=\"font-family: Vrinda;\"><a href=\"https:\/\/www.carlofrancio.net\/blog\/wp-content\/uploads\/2009\/10\/image.jpg\"><img loading=\"lazy\" decoding=\"async\" class=\"alignleft size-thumbnail wp-image-3220\" title=\"image\" src=\"https:\/\/www.carlofrancio.net\/blog\/wp-content\/uploads\/2009\/10\/image-150x150.jpg\" alt=\"image\" width=\"150\" height=\"150\" \/><\/a>Incisivo, a questo punto, l&#8217;intervento programmato dell&#8217;ing. <strong><span style=\"color: #0000ff;\">Natale Cuc\u00e8<\/span><\/strong>, che evidenziando, le differenze tra <span style=\"color: #993366;\">l&#8217;ATO 3<\/span> e <span style=\"color: #800080;\">Messina Ambiente <\/span>di cui \u00e8 Dirigente dei Servizi, ha fatto una carrellata sulle attivit\u00e0 svolte (Es. raccolta cartone) e non nascondendo le difficolt\u00e0 che tutt&#8217;ora persistono, la Sicilia ha un un solo sito di compostaggio a Grammichele, ha dovuto indicare che Messina si trova all&#8217;ultimo posto della graduatoria nella Raccolta Differenziata.<\/span><\/p>\n<p align=\"left\"><span style=\"font-family: verdana;\"><a href=\"https:\/\/www.carlofrancio.net\/blog\/wp-content\/uploads\/2009\/10\/121020092410.jpg\"><img loading=\"lazy\" decoding=\"async\" class=\"alignright size-thumbnail wp-image-3219\" title=\"121020092410\" src=\"https:\/\/www.carlofrancio.net\/blog\/wp-content\/uploads\/2009\/10\/121020092410-150x150.jpg\" alt=\"121020092410\" width=\"150\" height=\"150\" \/><\/a>I numerosi\u00a0presenti, hanno dato vita ad<\/span><span style=\"font-family: verdana;\"><em> un informato dibattito, con diversi interventi tra cui quello della dott.ssa<span style=\"color: #3366ff;\"> Lia Spadaro <\/span>(C. Sant&#8217;Egidio), sull&#8217;informazione nelle scuole, del chimico <span style=\"color: #3366ff;\">Caudo<\/span>, di <span style=\"color: #3366ff;\">Santino Irrera<\/span>, di <span style=\"color: #3366ff;\">Laura Testa,<\/span> che ha raccontato le disavventure ecologiche relative alla Chiesa Valdese, ed altri. Da evidenziare la presenza di <\/em><\/span><span style=\"font-family: verdana;\">s<\/span><span style=\"font-family: verdana;\"><em>ingole personalit\u00e0, di gruppi di volontariato, di <span style=\"color: #0000ff;\">Padr<\/span><span style=\"color: #0000ff;\">e<\/span> <span style=\"color: #0000ff;\">Felice Scalia Sj<\/span>, autore di pubblicazioni sulla sostenibilit\u00e0 e recente relatore del percorso formativo <strong>\u201cEducare alla SOBRIETA&#8217;\u201d.<\/strong><\/em><\/span><\/p>\n<p align=\"center\"><span style=\"color: #000000;\"><span style=\"font-family: Times New Roman, serif;\"><span style=\"font-size: small;\">\u00a0<\/span><\/span><\/span><\/p>\n","protected":false},"excerpt":{"rendered":"<p>Luned\u00ec, 12 Ottobre 2009, nella saletta della Chiesa Valdese si \u00e8 tenuto l&#8217;incontro, programmato e organizzato dal SAE, dal titolo \u201cRIFIUTIZERO\u201d, tenuto dal prof. Daniele Ialacqua, che ha utilizzato delle &hellip; <\/p>\n","protected":false},"author":2,"featured_media":0,"comment_status":"open","ping_status":"open","sticky":false,"template":"","format":"standard","meta":{"footnotes":""},"categories":[65,63,56,48],"tags":[426,52],"class_list":["post-3197","post","type-post","status-publish","format-standard","hentry","category-comunita-di-s-egidio","category-promozione-umana","category-servizi-attivita-ecumeniche","category-sociale","tag-cultura","tag-volontariato"],"_links":{"self":[{"href":"https:\/\/www.carlofrancio.net\/index.php?rest_route=\/wp\/v2\/posts\/3197","targetHints":{"allow":["GET"]}}],"collection":[{"href":"https:\/\/www.carlofrancio.net\/index.php?rest_route=\/wp\/v2\/posts"}],"about":[{"href":"https:\/\/www.carlofrancio.net\/index.php?rest_route=\/wp\/v2\/types\/post"}],"author":[{"embeddable":true,"href":"https:\/\/www.carlofrancio.net\/index.php?rest_route=\/wp\/v2\/users\/2"}],"replies":[{"embeddable":true,"href":"https:\/\/www.carlofrancio.net\/index.php?rest_route=%2Fwp%2Fv2%2Fcomments&post=3197"}],"version-history":[{"count":1,"href":"https:\/\/www.carlofrancio.net\/index.php?rest_route=\/wp\/v2\/posts\/3197\/revisions"}],"predecessor-version":[{"id":16335,"href":"https:\/\/www.carlofrancio.net\/index.php?rest_route=\/wp\/v2\/posts\/3197\/revisions\/16335"}],"wp:attachment":[{"href":"https:\/\/www.carlofrancio.net\/index.php?rest_route=%2Fwp%2Fv2%2Fmedia&parent=3197"}],"wp:term":[{"taxonomy":"category","embeddable":true,"href":"https:\/\/www.carlofrancio.net\/index.php?rest_route=%2Fwp%2Fv2%2Fcategories&post=3197"},{"taxonomy":"post_tag","embeddable":true,"href":"https:\/\/www.carlofrancio.net\/index.php?rest_route=%2Fwp%2Fv2%2Ftags&post=3197"}],"curies":[{"name":"wp","href":"https:\/\/api.w.org\/{rel}","templated":true}]}}