{"id":3066,"date":"2009-10-03T23:03:33","date_gmt":"2009-10-03T22:03:33","guid":{"rendered":"https:\/\/www.carlofrancio.net\/blog\/?p=3066"},"modified":"2023-09-26T13:24:50","modified_gmt":"2023-09-26T11:24:50","slug":"dopo-il-disastro-del-2007-la-catastrofe-di-oggi-02-ottobre-giampilieri-e-scaletta-zanclea-colpite-a-morte","status":"publish","type":"post","link":"https:\/\/www.carlofrancio.net\/?p=3066","title":{"rendered":"Dopo il disastro del 2007- la catastrofe di oggi 01 Ottobre &#8211; Giampilieri e Scaletta Zanclea colpite a morte"},"content":{"rendered":"<p style=\"text-align: left; margin-bottom: 0cm;\">Prima di tutto, <span style=\"color: #003300;\">una silenziosa e accorata preghiera \u00a0<\/span>per i<span style=\"color: #800080;\"><strong> Nostri cari<\/strong> <\/span><strong><span style=\"color: #800080;\">concittadini<\/span><\/strong>, <span style=\"color: #0000ff;\">uomini, donne e bambini<\/span>.<\/p>\n<p style=\"text-align: left; margin-bottom: 0cm;\"><span style=\"color: #800080;\"><strong>Stupore, amarezza, rabbia e disillusione. <\/strong><\/span><\/p>\n<p style=\"text-align: left; margin-bottom: 0cm;\">La popolazione messinese vive sulla propria pelle le insensate priorit\u00e0 che diamo nella gestione del territorio.<\/p>\n<p style=\"text-align: left; margin-bottom: 0cm;\">Non basta ricordare il Terremoto del 1908, sembra, ai &#8216;politici, che con le sole parole si possa sanare tutto.<\/p>\n<p style=\"text-align: left; margin-bottom: 0cm;\">Il conglomerato cementizio, d&#8217;incanto ritrova la granulometria perfetta rispettando la curva De Fuller, la dosatura del cemento miracolosamente aumenta fino a rispettare quella necessaria per ottenere R&#8217;bk ideale e l&#8217;armatura d&#8217;acciaio &#8230;. <span style=\"color: #ff6600;\"><strong>Non \u00e8 cos\u00ec!<\/strong><\/span> Non bastano le leggi ad cricchium per mettere le cose a posto.<\/p>\n<p style=\"text-align: left; margin-bottom: 0cm;\">Questi nostri &#8216;fratelli messinesi, devono essere le ultime vittime innocenti dell&#8217;incuria e della cattiva gestione.<\/p>\n<p style=\"text-align: left; margin-bottom: 0cm;\">Da sedici anni aspettiamo gli svincoli, e a Scaletta, dopo il nubifragio, si poteva arrivare solo via mare. E solo qualche tempo fa, per una piccola frana era rimasta isolata verso Messina per pi\u00f9 mesi!<\/p>\n<p style=\"text-align: left; margin-bottom: 0cm;\">Avevamo celebrato il 1\u00b0 Settembre la 4\u00aa Giornata per la salvaguardia del creato&#8221;. Molti avevano manifestato contro l&#8217;idea del ponte sullo Stretto di Messina il 06 Agosto proprio per ribadire che altre erano le priorit\u00e0. Ma come al solito non c&#8217;\u00e8 peggior sordo di chi non vuol sentire e vive solo di &#8216;spot.<\/p>\n<p style=\"margin-bottom: 0cm;\" align=\"justify\">\u00a0Accludo un apprezzato e tempestivo Comunicato di<strong><span style=\"color: #008000;\"> LEGAMBIENTE<\/span><\/strong><!--more--><\/p>\n<h4><span style=\"font-size: medium;\"><strong>\u00a0<\/strong><\/span><\/h4>\n<h4 style=\"text-align: center;\"><span style=\"font-size: medium;\"><strong>COMUNICATO STAMPA<\/strong><\/span>\u00a0<a href=\"https:\/\/www.carlofrancio.net\/blog\/wp-content\/uploads\/2009\/10\/Legambiente-Simbolo-Cicogna.jpg\"><img loading=\"lazy\" decoding=\"async\" class=\"size-medium wp-image-3067 alignleft\" title=\"Legambiente-Simbolo Cicogna\" src=\"https:\/\/www.carlofrancio.net\/blog\/wp-content\/uploads\/2009\/10\/Legambiente-Simbolo-Cicogna-300x185.jpg\" alt=\"Legambiente-Simbolo Cicogna\" width=\"180\" height=\"111\" \/><\/a><\/h4>\n<p style=\"text-align: center; margin-bottom: 0cm;\"><span style=\"font-family: Arial, sans-serif;\"><span style=\"font-size: small;\"><strong>LEGAMBIENTE<\/strong><\/span><\/span><\/p>\n<p style=\"margin-bottom: 0cm;\" align=\"center\"><span style=\"font-family: Arial, sans-serif;\"><strong>Comitato Regionale Siciliano <\/strong><\/span><\/p>\n<p style=\"text-align: center; margin-bottom: 0cm;\"><span style=\"font-family: Times New Roman, serif;\"><span style=\"font-size: small;\"><strong>Nubifragio a Messina. <\/strong><\/span><\/span><\/p>\n<p style=\"margin-bottom: 0cm;\" align=\"justify\"><span style=\"font-family: Courier New, monospace;\"><span style=\"font-family: Times New Roman, serif;\"><span style=\"font-size: small;\"><strong>Legambiente: <\/strong><\/span><\/span><span style=\"color: #000000;\"><span style=\"font-family: Times New Roman, serif;\"><span style=\"font-size: small;\"><strong>il nostro primo pensiero \u00e8 rivolto alle vittime di questa tragedia.<\/strong><\/span><\/span><\/span><\/span><\/p>\n<p style=\"margin-bottom: 0cm;\" align=\"justify\"><span style=\"font-family: Courier New, monospace;\"><span style=\"color: #000000;\"><span style=\"font-family: Times New Roman, serif;\"><span style=\"font-size: small;\"><strong>Necessaria una svolta nella gestione del territorio che rivaluti gli strumenti di pianificazione urbanistica e li impronti a criteri di equilibrio e sostenibilit\u00e0 ambientale.<\/strong><\/span><\/span><\/span><\/span><\/p>\n<p style=\"text-align: left; margin-bottom: 0cm;\">\u00a0<span style=\"color: #000000;\">\u201c<span style=\"font-size: small;\">Alle prime piogge autunnali il territorio messinese ha mostrato tutta la sua fragilit\u00e0 con conseguenze pesantissime, stavolta anche in termini di vite umane, e perci\u00f2 il nostro primo pensiero \u00e8 rivolto alle vittime di questa tragedia\u201d. <\/span><\/span><\/p>\n<p style=\"text-align: left; margin-bottom: 0cm;\"><span style=\"color: #000000;\"><span style=\"font-size: small;\"><a href=\"https:\/\/www.carlofrancio.net\/blog\/wp-content\/uploads\/2009\/10\/modica19.JPG\"><img loading=\"lazy\" decoding=\"async\" class=\"alignright size-medium wp-image-3069\" title=\"modica19\" src=\"https:\/\/www.carlofrancio.net\/blog\/wp-content\/uploads\/2009\/10\/modica19-300x225.jpg\" alt=\"modica19\" width=\"180\" height=\"135\" \/><\/a>Lo dichiara Salvatore Granata &#8211; direttore Legambiente Sicilia &#8211; che continua: \u201cNegli ultimi anni quel territorio \u00e8 stato letteralmente violentato da un\u2019urbanizzazione disordinata e aggressiva che ha stravolto gli equilibri idrogeologici. <\/span><\/span><\/p>\n<p style=\"text-align: left; margin-bottom: 0cm;\"><span style=\"color: #000000;\"><span style=\"font-size: small;\">Non a caso, numerose inchieste della Magistratura messinese riguardano speculazioni perpetrate in aree torrentizie, favorite da comportamenti collusivi come nella vicenda \u201cOro grigio\u201d. Sono mancate adeguate azioni di tutela del reticolo idrologico e della copertura boschiva devastata dagli incendi, non si \u00e8 assunta la manutenzione del territorio come la vera opera prioritaria. Piuttosto, in questi anni, il dibattito pubblico \u00e8 ruotato attorno alla previsione di grandi opere e nuove espansioni edilizie variamente giustificate. E\u2019 necessaria \u2013 conclude Granata &#8211; una svolta nella gestione del territorio, che rivaluti gli strumenti di pianificazione urbanistica e li impronti a criteri di equilibrio e sostenibilit\u00e0 ambientale, ma anche nelle politiche di protezione civile, che devono intervenire anche nella fase di programmazione degli interventi da parte degli enti territoriali e non solo dopo il verificarsi del danno\u201d. <\/span><\/span><\/p>\n<p style=\"margin-bottom: 0cm;\" align=\"justify\"><span style=\"font-size: small;\">2 ottobre 2009<\/span><\/p>\n<p style=\"margin-bottom: 0cm;\" align=\"right\"><span style=\"font-size: small;\">L\u2019ufficio stampa<\/span><\/p>\n<p style=\"margin-bottom: 0cm;\" align=\"right\"><span style=\"font-size: small;\">Teresa Campagna tel. 338-2116468<\/span><\/p>\n<p style=\"margin-bottom: 0cm;\" align=\"right\"><span style=\"font-size: small;\">Alessandra Ferraro tel. 347-5011812<\/span><\/p>\n<p style=\"margin-bottom: 0cm;\">\n","protected":false},"excerpt":{"rendered":"<p>Prima di tutto, una silenziosa e accorata preghiera \u00a0per i Nostri cari concittadini, uomini, donne e bambini. Stupore, amarezza, rabbia e disillusione. La popolazione messinese vive sulla propria pelle le &hellip; <\/p>\n","protected":false},"author":2,"featured_media":16689,"comment_status":"open","ping_status":"open","sticky":false,"template":"","format":"standard","meta":{"footnotes":""},"categories":[63,48],"tags":[431],"class_list":["post-3066","post","type-post","status-publish","format-standard","has-post-thumbnail","hentry","category-promozione-umana","category-sociale","tag-sociale"],"_links":{"self":[{"href":"https:\/\/www.carlofrancio.net\/index.php?rest_route=\/wp\/v2\/posts\/3066","targetHints":{"allow":["GET"]}}],"collection":[{"href":"https:\/\/www.carlofrancio.net\/index.php?rest_route=\/wp\/v2\/posts"}],"about":[{"href":"https:\/\/www.carlofrancio.net\/index.php?rest_route=\/wp\/v2\/types\/post"}],"author":[{"embeddable":true,"href":"https:\/\/www.carlofrancio.net\/index.php?rest_route=\/wp\/v2\/users\/2"}],"replies":[{"embeddable":true,"href":"https:\/\/www.carlofrancio.net\/index.php?rest_route=%2Fwp%2Fv2%2Fcomments&post=3066"}],"version-history":[{"count":2,"href":"https:\/\/www.carlofrancio.net\/index.php?rest_route=\/wp\/v2\/posts\/3066\/revisions"}],"predecessor-version":[{"id":118179,"href":"https:\/\/www.carlofrancio.net\/index.php?rest_route=\/wp\/v2\/posts\/3066\/revisions\/118179"}],"wp:featuredmedia":[{"embeddable":true,"href":"https:\/\/www.carlofrancio.net\/index.php?rest_route=\/wp\/v2\/media\/16689"}],"wp:attachment":[{"href":"https:\/\/www.carlofrancio.net\/index.php?rest_route=%2Fwp%2Fv2%2Fmedia&parent=3066"}],"wp:term":[{"taxonomy":"category","embeddable":true,"href":"https:\/\/www.carlofrancio.net\/index.php?rest_route=%2Fwp%2Fv2%2Fcategories&post=3066"},{"taxonomy":"post_tag","embeddable":true,"href":"https:\/\/www.carlofrancio.net\/index.php?rest_route=%2Fwp%2Fv2%2Ftags&post=3066"}],"curies":[{"name":"wp","href":"https:\/\/api.w.org\/{rel}","templated":true}]}}