{"id":2954,"date":"2009-09-22T10:46:51","date_gmt":"2009-09-22T09:46:51","guid":{"rendered":"https:\/\/www.carlofrancio.net\/blog\/?p=2954"},"modified":"2009-09-22T10:46:51","modified_gmt":"2009-09-22T09:46:51","slug":"per-la-costruzione-di-una-citta-solidale-incontro-dibattito","status":"publish","type":"post","link":"https:\/\/www.carlofrancio.net\/?p=2954","title":{"rendered":"Per la costruzione di una citt\u00e0 solidale &#8211; \u00abPer la Promozione di tutto l&#039;Uomo\u00bb"},"content":{"rendered":"<p><a href=\"https:\/\/www.carlofrancio.net\/blog\/wp-content\/uploads\/2009\/09\/BARRIERE-01.jpg\"><img loading=\"lazy\" decoding=\"async\" class=\"alignleft size-medium wp-image-2963\" title=\"BARRIERE-01\" src=\"https:\/\/www.carlofrancio.net\/blog\/wp-content\/uploads\/2009\/09\/BARRIERE-01-300x155.jpg\" alt=\"BARRIERE-01\" width=\"300\" height=\"155\" \/><\/a>Organizzato <span style=\"color: #000080;\"><strong><span style=\"color: #008000;\">dall\u2019Associazione \u201cSenza Barriere\u201d<\/span><\/strong> e dalla<strong> <span style=\"color: #0000ff;\">Caritas Diocesana di Messina.<\/span><\/strong><\/span><\/p>\n<h2><span style=\"color: #800080;\">sabato 26 settembre 2009 &#8211; ore 10.00<\/span><\/h2>\n<p>presso <strong><span style=\"color: #800080;\">l\u2019Auditorium \u201cMons. Fasola\u201d<\/span><\/strong> (via S. Filippo Bianchi, 28)<\/p>\n<p><span style=\"color: #000000;\"><strong>INCONTRO -DIBATTITO<\/strong><\/span><\/p>\n<h2><span style=\"color: #ff00ff;\">\u201cLe barriere architettoniche a Messina\u201d<\/span><\/h2>\n<p>L\u2019iniziativa nasce dall\u2019esigenza di far emergere la difficolt\u00e0 del territorio nell\u2019adeguare le strutture alle norme vigenti in materia di barriere architettoniche. Una citt\u00e0 solidale deve garantire e rendere fruibili a tutti i diritti di piena cittadinanza, lavorando per l\u2019abbattimento di tutte quelle barriere, mentali e fisiche, per una crescita consapevole e responsabile della societ\u00e0 civile.<\/p>\n<p>I lavori si apriranno con i saluti di:<\/p>\n<p>S. E. Mons. <strong><span style=\"color: #000080;\">Calogero LA PIANA,<\/span><\/strong>\u00a0arcivescovo di Messina Lipari S. Lucia del Mela e del dott.<span style=\"color: #333399;\"><strong> Francesco ALECCI<\/strong><\/span>, Prefetto di Messina.<\/p>\n<p>Presenter\u00e0 e coordiner\u00e0 i lavori il dott. <span style=\"color: #3366ff;\"><strong>Nino ARENA<\/strong><\/span>, redattore del quotidiano \u201cLa Sicilia\u201d e direttore del giornale on-line \u201cTempostretto\u201d; subito dopo dar\u00e0 la parola al dott.<strong><span style=\"color: #3366ff;\"> Nino FIANNACCA<\/span><\/strong>, che far\u00e0 un breve excursus sulle leggi vigenti in materia di barriere architettoniche; quindi, p. <strong><span style=\"color: #3366ff;\">Gaetano TRIPODO<\/span><\/strong>, direttore della Caritas Diocesana di Messina, illustrer\u00e0 la condizione della citt\u00e0 in relazione alle barriere architettoniche e presenter\u00e0 le opere della Caritas nell\u2019ambito della disabilit\u00e0; a seguire, il dott.<strong><span style=\"color: #3366ff;\"> Nino MORABITO<\/span><\/strong>, presidente dell\u2019Associazione \u201cSenza Barriere\u201d descriver\u00e0 l\u2019impegno dell\u2019Associazione nel farsi portavoce e rappresentare i diritti dei disabili alle istituzioni e alle strutture del territorio; infine, la dott.ssa <strong><span style=\"color: #3366ff;\">Lucia CARDILLO<\/span><\/strong> condivider\u00e0 con gli intervenuti la propria esperienza diretta, descrivendo i disagi dei disabili nel vivere pienamente la citt\u00e0.<\/p>\n<p>Nel corso dell\u2019incontro verranno consegnate alle autorit\u00e0 le firme raccolte <strong><span style=\"color: #008000;\">dall\u2019Associazione \u201cSenza Barriere\u201d<\/span><\/strong> per il rispetto della normativa sull\u2019abbattimento delle barriere architettoniche nella citt\u00e0 di Messina.<\/p>\n<p><a href=\"https:\/\/www.carlofrancio.net\/blog\/wp-content\/uploads\/2009\/09\/invito.pdf\">invito<\/a><\/p>\n<p><!--more--><\/p>\n<p>Messina, sabato 26 settembre 2009 &#8211; ore 10.00<\/p>\n<p>COMUNICATO STAMPA<\/p>\n<p>Sabato 26 settembre 2009, alle ore 10.00, a Messina presso l\u2019Auditorium \u201cMons. Fasola\u201d (via S. Filippo Bianchi, 28) si terr\u00e0 l\u2019incontro \u2013 dibattito \u201cLe barriere architettoniche a Messina\u201d, organizzato dall\u2019Associazione \u201cSenza Barriere\u201d e dalla Caritas Diocesana di Messina.<\/p>\n<p>L\u2019iniziativa nasce dall\u2019esigenza di far emergere la difficolt\u00e0 del territorio nell\u2019adeguare lestrutture alle norme vigenti in materia di barriere architettoniche. Una citt\u00e0 solidale deve garantire e rendere fruibili a tutti i diritti di piena cittadinanza, lavorando per l\u2019abbattimento di<br \/>\ntutte quelle barriere, mentali e fisiche, per una crescita consapevole e responsabile della societ\u00e0 civile.<\/p>\n<p>I lavori si apriranno con i saluti di S. E. Mons. Calogero LA PIANA, Arcivescovo di Messina Lipari S. Lucia del Mela e del dott. Francesco ALECCI, Prefetto di Messina.<\/p>\n<p>Presenter\u00e0 e coordiner\u00e0 i lavori il dott. Nino ARENA, redattore del quotidiano \u201cLa Sicilia\u201d e direttore del giornale on-line \u201cTempostretto\u201d; subito dopo dar\u00e0 la parola al dott. Nino FIANNACCA, che far\u00e0 un breve excursus sulle leggi vigenti in materia di barriere architettoniche; quindi, p. Gaetano TRIPODO, direttore della Caritas Diocesana di Messina,<br \/>\nillustrer\u00e0 la condizione della citt\u00e0 in relazione alle barriere architettoniche e presenter\u00e0 le opere della Caritas nell\u2019ambito della disabilit\u00e0; a seguire, il dott. Nino MORABITO, presidente dell\u2019Associazione \u201cSenza Barriere\u201d descriver\u00e0 l\u2019impegno dell\u2019Associazione nel farsi portavoce e rappresentare i diritti dei disabili alle istituzioni e alle strutture del territorio; infine, la<br \/>\ndott.ssa Lucia CARDILLO condivider\u00e0 con gli intervenuti la propria esperienza diretta, descrivendo i disagi dei disabili nel vivere pienamente la citt\u00e0.<\/p>\n<p>Nel corso dell\u2019incontro verranno consegnate alle autorit\u00e0 le firme raccolte dall\u2019Associazione<br \/>\n\u201cSenza Barriere\u201d per il rispetto della normativa sull\u2019abbattimento delle barriere architettoniche<br \/>\nnella citt\u00e0 di Messina.<\/p>\n","protected":false},"excerpt":{"rendered":"<p>Organizzato dall\u2019Associazione \u201cSenza Barriere\u201d e dalla Caritas Diocesana di Messina. sabato 26 settembre 2009 &#8211; ore 10.00 presso l\u2019Auditorium \u201cMons. Fasola\u201d (via S. Filippo Bianchi, 28) INCONTRO -DIBATTITO \u201cLe barriere &hellip; <\/p>\n","protected":false},"author":2,"featured_media":0,"comment_status":"open","ping_status":"open","sticky":false,"template":"","format":"standard","meta":{"footnotes":""},"categories":[72,61],"tags":[425,434,52],"class_list":["post-2954","post","type-post","status-publish","format-standard","hentry","category-senza-barriere","category-caritas-diocesana","tag-chiesa_cattolica","tag-promozione-umana","tag-volontariato"],"_links":{"self":[{"href":"https:\/\/www.carlofrancio.net\/index.php?rest_route=\/wp\/v2\/posts\/2954","targetHints":{"allow":["GET"]}}],"collection":[{"href":"https:\/\/www.carlofrancio.net\/index.php?rest_route=\/wp\/v2\/posts"}],"about":[{"href":"https:\/\/www.carlofrancio.net\/index.php?rest_route=\/wp\/v2\/types\/post"}],"author":[{"embeddable":true,"href":"https:\/\/www.carlofrancio.net\/index.php?rest_route=\/wp\/v2\/users\/2"}],"replies":[{"embeddable":true,"href":"https:\/\/www.carlofrancio.net\/index.php?rest_route=%2Fwp%2Fv2%2Fcomments&post=2954"}],"version-history":[{"count":0,"href":"https:\/\/www.carlofrancio.net\/index.php?rest_route=\/wp\/v2\/posts\/2954\/revisions"}],"wp:attachment":[{"href":"https:\/\/www.carlofrancio.net\/index.php?rest_route=%2Fwp%2Fv2%2Fmedia&parent=2954"}],"wp:term":[{"taxonomy":"category","embeddable":true,"href":"https:\/\/www.carlofrancio.net\/index.php?rest_route=%2Fwp%2Fv2%2Fcategories&post=2954"},{"taxonomy":"post_tag","embeddable":true,"href":"https:\/\/www.carlofrancio.net\/index.php?rest_route=%2Fwp%2Fv2%2Ftags&post=2954"}],"curies":[{"name":"wp","href":"https:\/\/api.w.org\/{rel}","templated":true}]}}