{"id":2935,"date":"2009-09-21T16:54:29","date_gmt":"2009-09-21T15:54:29","guid":{"rendered":"https:\/\/www.carlofrancio.net\/blog\/?p=2935"},"modified":"2009-09-21T16:54:29","modified_gmt":"2009-09-21T15:54:29","slug":"dal-santuario-mariano-di-montalto-%c2%ab-costruiamo-un-mondo-per-tutti-%c2%bb","status":"publish","type":"post","link":"https:\/\/www.carlofrancio.net\/?p=2935","title":{"rendered":"Dal Santuario Mariano di Montalto -\u00ab Costruiamo un mondo per tutti \u00bb-"},"content":{"rendered":"<p>Dalla terrazza di Montalto, <a href=\"https:\/\/www.carlofrancio.net\/blog\/wp-content\/uploads\/2009\/09\/200920092092.jpg\"><img loading=\"lazy\" decoding=\"async\" class=\"alignleft size-medium wp-image-2923\" title=\"200920092092\" src=\"https:\/\/www.carlofrancio.net\/blog\/wp-content\/uploads\/2009\/09\/200920092092-300x225.jpg\" alt=\"200920092092\" width=\"240\" height=\"180\" \/><\/a>nella splendida cornice dello Stretto di Messina, <strong><span style=\"color: #333399;\">la Comunit\u00e0 di Sant&#8217;Egidio con i Giovani per la Pace<\/span><\/strong> ha\u00a0<strong><span style=\"color: #0000ff;\">&#8220;arricchito&#8221;<\/span><\/strong>\u00a0 <span style=\"color: #3366ff;\">la Comunit\u00e0 Messinese<\/span>, che ancora crede nella solidariet\u00e0 e libert\u00e0 di tutto l&#8217;uomo,\u00a0<strong><span style=\"color: #0000ff;\">di un grande \u00a0momento religioso e culturale<\/span><\/strong> .<\/p>\n<p><a href=\"https:\/\/www.carlofrancio.net\/blog\/wp-content\/uploads\/2009\/09\/200920092120.jpg\"><\/a><\/p>\n<p><a href=\"https:\/\/www.carlofrancio.net\/blog\/wp-content\/uploads\/2009\/09\/200920092112.jpg\"><\/a><a href=\"https:\/\/www.carlofrancio.net\/blog\/wp-content\/uploads\/2009\/09\/2009200921101.jpg\"><img loading=\"lazy\" decoding=\"async\" class=\"alignright size-thumbnail wp-image-2940\" title=\"200920092110\" src=\"https:\/\/www.carlofrancio.net\/blog\/wp-content\/uploads\/2009\/09\/2009200921101-150x150.jpg\" alt=\"200920092110\" width=\"150\" height=\"150\" \/><\/a>\u00a0I\u00a0 partecipanti: giovani, bimbi, anziani, famiglie, operatori di volontariato&#8230;\u00a0 hanno ascoltato nel discorso introduttivo&#8230; <span style=\"color: #800080;\"><strong>\u00ab\u00a0&#8220;Credo che non si possa rimanere degli osservatori indifferenti di fronte all&#8217;affermarsi di una cultura che prende sempre pi\u00f9 la fisionomia dell&#8217;ideologia razzista&#8221;&#8230;\u00bb;<\/strong> <\/span><\/p>\n<p><span style=\"color: #800080;\"><span style=\"color: #000000;\"><a href=\"https:\/\/www.carlofrancio.net\/blog\/wp-content\/uploads\/2009\/09\/200920092117.jpg\"><img loading=\"lazy\" decoding=\"async\" class=\"alignleft size-thumbnail wp-image-2947\" title=\"200920092117\" src=\"https:\/\/www.carlofrancio.net\/blog\/wp-content\/uploads\/2009\/09\/200920092117-150x150.jpg\" alt=\"200920092117\" width=\"150\" height=\"150\" \/><\/a>Il riporto delle affermazioni sulla <strong>Shoah<\/strong>\u00a0di <span style=\"color: #0000ff;\"><strong>Andrea Riccardi,<\/strong> <\/span>durante<span style=\"color: #008000;\"><strong> l&#8217;incontro internazionale sulla Pace<\/strong> <\/span>tenutosi qualche giorno f\u00e0 ad Auschwitz, definito\u00a0&#8220;<strong><span style=\"color: #993366;\">ABISSO DI DOLORE IMPENSABILE e INCONCEPIBILE<\/span><\/strong>&#8220;.;<\/span><\/span><\/p>\n<p><span style=\"color: #800080;\"><span style=\"color: #000000;\"><a href=\"https:\/\/www.carlofrancio.net\/blog\/wp-content\/uploads\/2009\/09\/200920092112.jpg\"><img loading=\"lazy\" decoding=\"async\" class=\"size-medium wp-image-2928 alignright\" title=\"200920092112\" src=\"https:\/\/www.carlofrancio.net\/blog\/wp-content\/uploads\/2009\/09\/200920092112-300x225.jpg\" alt=\"200920092112\" width=\"300\" height=\"225\" \/><\/a>La testimonianza di <strong>Assad<\/strong>, marocchino messinese, con la sua roca voce con grande fatica e dignit\u00e0 ci racconta che dal lontano 1992 vive in questa citt\u00e0, piena di molte ombre e poche flebili luci, grazie alla solidariet\u00e0 di qualche Buon Samaritano, che lo accompagna nella via Crucis del lavoro in nero, dei magri introiti a volte nemmeno percepiti.<\/span><\/span><\/p>\n<p><span style=\"color: #800080;\"><span style=\"color: #000000;\"><a href=\"https:\/\/www.carlofrancio.net\/blog\/wp-content\/uploads\/2009\/09\/2009200921021.jpg\"><img loading=\"lazy\" decoding=\"async\" class=\"alignleft size-thumbnail wp-image-2942\" title=\"200920092102\" src=\"https:\/\/www.carlofrancio.net\/blog\/wp-content\/uploads\/2009\/09\/2009200921021-150x150.jpg\" alt=\"200920092102\" width=\"150\" height=\"150\" \/><\/a>Si sta bene sulla terrazza, qualcuno ha anche dei brividi di freddo, quello stupendo scenario naturale fa da sfondo adesso ad una giovane donna che legge la &#8220;Lettera aperta dei Giovani per la Pace&#8221; indirizzata e fatta pervenire alla Presidenza della\u00a0Regione, dove si ribadisce con forza che \u00abI giovani siciliani vogliono una Sicilia accogliente e solidale in continuit\u00e0 con le nostre pi\u00f9 belle tradizioni&#8221;. <a href=\"https:\/\/www.carlofrancio.net\/blog\/wp-content\/uploads\/2009\/09\/2009200921141.jpg\"><img loading=\"lazy\" decoding=\"async\" class=\"alignright size-thumbnail wp-image-2943\" title=\"200920092114\" src=\"https:\/\/www.carlofrancio.net\/blog\/wp-content\/uploads\/2009\/09\/2009200921141-150x150.jpg\" alt=\"200920092114\" width=\"150\" height=\"150\" \/><\/a><\/span><\/span><\/p>\n<p><span style=\"color: #800080;\"><span style=\"color: #000000;\"><a href=\"https:\/\/www.carlofrancio.net\/blog\/wp-content\/uploads\/2009\/09\/2009200921001.jpg\"><img loading=\"lazy\" decoding=\"async\" class=\"alignleft size-thumbnail wp-image-2945\" title=\"200920092100\" src=\"https:\/\/www.carlofrancio.net\/blog\/wp-content\/uploads\/2009\/09\/2009200921001-150x150.jpg\" alt=\"200920092100\" width=\"150\" height=\"150\" \/><\/a>La lettura del Vangelo, la richiesta di perdono, i salmi e i canti hanno intessuto questo momento particolare di preghiera e testimonianza.\u00a0La luce delle fiaccole, le voci dei bimbi, l&#8217;accoglienza fraterna degli operatori, Lia, Carmelo, Giusy &#8230; hanno permesso\u00a0di condividere le parole conclusive dell&#8217;intervento finale di commiato. <strong><span style=\"color: #ff6600;\">&#8220;Il popolo degli esclusi non \u00e8 un pericolo per il mondo del benessere, ma, \u00e8 l&#8217;occasione per riparare agli atavici errori dovuti all&#8217;egoismo dei Popoli &#8211; certi e convinti che nessun Popolo pu\u00f2 vivere da solo &#8211;\u00a0e tutti i Popoli sono chiamati ad essere l&#8217;unico Popolo di Dio&#8221;<\/span><\/strong><\/span><\/span><\/p>\n","protected":false},"excerpt":{"rendered":"<p>Dalla terrazza di Montalto, nella splendida cornice dello Stretto di Messina, la Comunit\u00e0 di Sant&#8217;Egidio con i Giovani per la Pace ha\u00a0&#8220;arricchito&#8221;\u00a0 la Comunit\u00e0 Messinese, che ancora crede nella solidariet\u00e0 &hellip; <\/p>\n","protected":false},"author":2,"featured_media":0,"comment_status":"open","ping_status":"open","sticky":false,"template":"","format":"standard","meta":{"footnotes":""},"categories":[6,65,10,63],"tags":[425,434,431,52],"class_list":["post-2935","post","type-post","status-publish","format-standard","hentry","category-chiesa_cattolica","category-comunita-di-s-egidio","category-cultura","category-promozione-umana","tag-chiesa_cattolica","tag-promozione-umana","tag-sociale","tag-volontariato"],"_links":{"self":[{"href":"https:\/\/www.carlofrancio.net\/index.php?rest_route=\/wp\/v2\/posts\/2935","targetHints":{"allow":["GET"]}}],"collection":[{"href":"https:\/\/www.carlofrancio.net\/index.php?rest_route=\/wp\/v2\/posts"}],"about":[{"href":"https:\/\/www.carlofrancio.net\/index.php?rest_route=\/wp\/v2\/types\/post"}],"author":[{"embeddable":true,"href":"https:\/\/www.carlofrancio.net\/index.php?rest_route=\/wp\/v2\/users\/2"}],"replies":[{"embeddable":true,"href":"https:\/\/www.carlofrancio.net\/index.php?rest_route=%2Fwp%2Fv2%2Fcomments&post=2935"}],"version-history":[{"count":0,"href":"https:\/\/www.carlofrancio.net\/index.php?rest_route=\/wp\/v2\/posts\/2935\/revisions"}],"wp:attachment":[{"href":"https:\/\/www.carlofrancio.net\/index.php?rest_route=%2Fwp%2Fv2%2Fmedia&parent=2935"}],"wp:term":[{"taxonomy":"category","embeddable":true,"href":"https:\/\/www.carlofrancio.net\/index.php?rest_route=%2Fwp%2Fv2%2Fcategories&post=2935"},{"taxonomy":"post_tag","embeddable":true,"href":"https:\/\/www.carlofrancio.net\/index.php?rest_route=%2Fwp%2Fv2%2Ftags&post=2935"}],"curies":[{"name":"wp","href":"https:\/\/api.w.org\/{rel}","templated":true}]}}