{"id":2894,"date":"2009-09-18T10:13:41","date_gmt":"2009-09-18T09:13:41","guid":{"rendered":"https:\/\/www.carlofrancio.net\/blog\/?p=2894"},"modified":"2009-09-18T10:13:41","modified_gmt":"2009-09-18T09:13:41","slug":"incontro-di-preparazione-associazione-ecumenica-e-cialla-messina","status":"publish","type":"post","link":"https:\/\/www.carlofrancio.net\/?p=2894","title":{"rendered":"Incontro di preparazione &#8211; Associazione Ecumenica &quot;E.Cialla&quot; &#8211; Messina"},"content":{"rendered":"<p>\u00ab<a href=\"https:\/\/www.carlofrancio.net\/blog\/wp-content\/uploads\/2009\/09\/150920092065.jpg\"><img loading=\"lazy\" decoding=\"async\" class=\"alignleft size-medium wp-image-2895\" title=\"150920092065\" src=\"https:\/\/www.carlofrancio.net\/blog\/wp-content\/uploads\/2009\/09\/150920092065-300x225.jpg\" alt=\"150920092065\" width=\"300\" height=\"225\" \/><\/a>SAE &#8211; Segretariato Attivit\u00e0 Ecumeniche \u00bb Marted\u00ec 15 settembre &#8211; Saletta Valdese<\/p>\n<p>&#8211; E&#8217; bello ritrovarsi dopo un periodo di lontananza, lo \u00e8 ancor pi\u00f9 per un Gruppo, Associazione Ecumenica &#8220;E. Cialla&#8221; &#8211;\u00a0 Messina, che fonda il suo esistere nella condivisione con gli altri del mistero della vita e della fede.<\/p>\n<p>Questo primo incontro di programmazione delle attivit\u00e0 dell&#8217;anno sociale\u00a02009\/2010, coordinato con la solita passione e in continuit\u00e0 con gli altri anni,\u00a0dal prof. Carmelo Labate, ha visto la presenza di numerosi soci, del Pastore Avventista Alessandro Roma, di Padre Antonio Palazzotto e di Antonino Saporito.<a href=\"https:\/\/www.carlofrancio.net\/blog\/wp-content\/uploads\/2009\/09\/150920092068.jpg\"><img loading=\"lazy\" decoding=\"async\" class=\"size-thumbnail wp-image-2897 alignright\" title=\"150920092068\" src=\"https:\/\/www.carlofrancio.net\/blog\/wp-content\/uploads\/2009\/09\/150920092068-150x150.jpg\" alt=\"150920092068\" width=\"150\" height=\"150\" \/><\/a><\/p>\n<p><a href=\"https:\/\/www.carlofrancio.net\/blog\/wp-content\/uploads\/2009\/09\/150920092069.jpg\"><img loading=\"lazy\" decoding=\"async\" class=\"alignleft size-thumbnail wp-image-2898\" title=\"150920092069\" src=\"https:\/\/www.carlofrancio.net\/blog\/wp-content\/uploads\/2009\/09\/150920092069-150x150.jpg\" alt=\"150920092069\" width=\"150\" height=\"150\" \/><\/a>Ricordato il proficuo lavoro con il precedente Pastore Jens Hansen, abbiamo avuto il piacere di conoscere Colei, che a breve gli succeder\u00e0 nell&#8217;incarico, la Pastora Valdese LAURA TESTA.<\/p>\n","protected":false},"excerpt":{"rendered":"<p>\u00abSAE &#8211; Segretariato Attivit\u00e0 Ecumeniche \u00bb Marted\u00ec 15 settembre &#8211; Saletta Valdese &#8211; E&#8217; bello ritrovarsi dopo un periodo di lontananza, lo \u00e8 ancor pi\u00f9 per un Gruppo, Associazione Ecumenica &hellip; <\/p>\n","protected":false},"author":2,"featured_media":0,"comment_status":"open","ping_status":"open","sticky":false,"template":"","format":"standard","meta":{"footnotes":""},"categories":[56],"tags":[426,32],"class_list":["post-2894","post","type-post","status-publish","format-standard","hentry","category-servizi-attivita-ecumeniche","tag-cultura","tag-ecumenismo"],"_links":{"self":[{"href":"https:\/\/www.carlofrancio.net\/index.php?rest_route=\/wp\/v2\/posts\/2894","targetHints":{"allow":["GET"]}}],"collection":[{"href":"https:\/\/www.carlofrancio.net\/index.php?rest_route=\/wp\/v2\/posts"}],"about":[{"href":"https:\/\/www.carlofrancio.net\/index.php?rest_route=\/wp\/v2\/types\/post"}],"author":[{"embeddable":true,"href":"https:\/\/www.carlofrancio.net\/index.php?rest_route=\/wp\/v2\/users\/2"}],"replies":[{"embeddable":true,"href":"https:\/\/www.carlofrancio.net\/index.php?rest_route=%2Fwp%2Fv2%2Fcomments&post=2894"}],"version-history":[{"count":0,"href":"https:\/\/www.carlofrancio.net\/index.php?rest_route=\/wp\/v2\/posts\/2894\/revisions"}],"wp:attachment":[{"href":"https:\/\/www.carlofrancio.net\/index.php?rest_route=%2Fwp%2Fv2%2Fmedia&parent=2894"}],"wp:term":[{"taxonomy":"category","embeddable":true,"href":"https:\/\/www.carlofrancio.net\/index.php?rest_route=%2Fwp%2Fv2%2Fcategories&post=2894"},{"taxonomy":"post_tag","embeddable":true,"href":"https:\/\/www.carlofrancio.net\/index.php?rest_route=%2Fwp%2Fv2%2Ftags&post=2894"}],"curies":[{"name":"wp","href":"https:\/\/api.w.org\/{rel}","templated":true}]}}