{"id":2858,"date":"2009-09-17T17:13:02","date_gmt":"2009-09-17T16:13:02","guid":{"rendered":"https:\/\/www.carlofrancio.net\/blog\/?p=2858"},"modified":"2009-09-17T17:13:02","modified_gmt":"2009-09-17T16:13:02","slug":"festa-popolare-a-forno-alto-parrocchia-s-antonio-_-capo-dorlando","status":"publish","type":"post","link":"https:\/\/www.carlofrancio.net\/?p=2858","title":{"rendered":"Festa popolare a Forno Alto &#8211; Parrocchia S. Antonio _ Capo d&#039;Orlando &#8211;"},"content":{"rendered":"<p>\u00a0Dopo il triduo di preparazione, dom<a href=\"https:\/\/www.carlofrancio.net\/blog\/wp-content\/uploads\/2009\/09\/100920091997-2.jpg\"><img loading=\"lazy\" decoding=\"async\" class=\"size-medium wp-image-2889 alignleft\" title=\"100920091997-2\" src=\"https:\/\/www.carlofrancio.net\/blog\/wp-content\/uploads\/2009\/09\/100920091997-2-300x225.jpg\" alt=\"100920091997-2\" width=\"300\" height=\"225\" \/><\/a>enica 13 Settembre, la Festa. con la celebrazione di due S. Messe: una al Mattino ed una al rientro delle Statue effige di Maria Addolorata e del Sacro Cuore di Ges\u00f9.<\/p>\n<p>Il percorso della <img loading=\"lazy\" decoding=\"async\" class=\"size-thumbnail wp-image-2867 alignleft\" title=\"Festa Madonna Addolorata - Attesa riposo\" src=\"https:\/\/www.carlofrancio.net\/blog\/wp-content\/uploads\/2009\/09\/130920092031-150x150.jpg\" alt=\"Festa Madonna Addolorata - Attesa riposo\" width=\"150\" height=\"150\" \/>processione, partita alle ore 16.00, si \u00e8 snodato per le irte e strette stradine della frazione con una estensione nella parte bassa dell&#8217;abitato interessante la SS. 113 concludendosi verso le venti con una fiaccolata e festose luminarie.<a href=\"https:\/\/www.carlofrancio.net\/blog\/wp-content\/uploads\/2009\/09\/130920092031.jpg\"><img loading=\"lazy\" decoding=\"async\" class=\"size-thumbnail wp-image-2868 alignright\" title=\"Festa Madonna Addolorata - Fiaccolata di arrivo\" src=\"https:\/\/www.carlofrancio.net\/blog\/wp-content\/uploads\/2009\/09\/130920092033-150x150.jpg\" alt=\"Festa Madonna Addolorata - Fiaccolata di arrivo\" width=\"150\" height=\"150\" \/><\/a><a href=\"https:\/\/www.carlofrancio.net\/blog\/wp-content\/uploads\/2009\/09\/130920092032.jpg\"><img loading=\"lazy\" decoding=\"async\" class=\"alignright size-thumbnail wp-image-2890\" title=\"Festa Madonna Addolorata - Una cascata di luce\" src=\"https:\/\/www.carlofrancio.net\/blog\/wp-content\/uploads\/2009\/09\/130920092032-150x150.jpg\" alt=\"Festa Madonna Addolorata - Una cascata di luce\" width=\"150\" height=\"150\" \/><\/a><a href=\"https:\/\/www.carlofrancio.net\/blog\/wp-content\/uploads\/2009\/09\/130920092037.jpg\"><img loading=\"lazy\" decoding=\"async\" class=\"alignleft size-thumbnail wp-image-2891\" title=\"Festa Madonna Addolorata - Luminarie\" src=\"https:\/\/www.carlofrancio.net\/blog\/wp-content\/uploads\/2009\/09\/130920092037-150x150.jpg\" alt=\"Festa Madonna Addolorata - Luminarie\" width=\"150\" height=\"150\" \/><\/a><\/p>\n<p><a href=\"https:\/\/www.carlofrancio.net\/blog\/wp-content\/uploads\/2009\/09\/130920092033.jpg\"><img loading=\"lazy\" decoding=\"async\" class=\"size-thumbnail wp-image-2863 alignright\" title=\"Festa Madonna Addolorata - Arrivo della Processione-Padre Nino\" src=\"https:\/\/www.carlofrancio.net\/blog\/wp-content\/uploads\/2009\/09\/130920092026-1-150x150.jpg\" alt=\"Festa Madonna Addolorata - Arrivo della Processione-Padre Nino\" width=\"144\" height=\"162\" \/><\/a><a href=\"https:\/\/www.carlofrancio.net\/blog\/wp-content\/uploads\/2009\/09\/130920092031.jpg\"><\/a><\/p>\n<p><a href=\"https:\/\/www.carlofrancio.net\/blog\/wp-content\/uploads\/2009\/09\/130920092031.jpg\"><\/a><\/p>\n<p><a href=\"https:\/\/www.carlofrancio.net\/blog\/wp-content\/uploads\/2009\/09\/130920092031.jpg\"><\/a><\/p>\n<p><a href=\"https:\/\/www.carlofrancio.net\/blog\/wp-content\/uploads\/2009\/09\/130920092031.jpg\"><\/a><\/p>\n<p><a href=\"https:\/\/www.carlofrancio.net\/blog\/wp-content\/uploads\/2009\/09\/130920092031.jpg\"><\/a><\/p>\n<p><a href=\"https:\/\/www.carlofrancio.net\/blog\/wp-content\/uploads\/2009\/09\/130920092031.jpg\"><\/a><\/p>\n<p><a href=\"https:\/\/www.carlofrancio.net\/blog\/wp-content\/uploads\/2009\/09\/130920092031.jpg\"><\/a><\/p>\n<p><a href=\"https:\/\/www.carlofrancio.net\/blog\/wp-content\/uploads\/2009\/09\/130920092031.jpg\"><\/a><\/p>\n<p><a href=\"https:\/\/www.carlofrancio.net\/blog\/wp-content\/uploads\/2009\/09\/130920092031.jpg\"><\/a><\/p>\n<p>Nell&#8217;Omelia conclusiva, il parroco, Sac. Antonino Cul\u00f2, invitava i presenti a prendere ad esempio\u00a0la grandezza spirituale\u00a0di Maria, &#8220;Madre dei Dolori&#8221;. Il suo \u00abeccomi\u00bb all&#8217;angelo Gabriele, raffigurava\u00a0e presagiva la grande gioia della Maternit\u00e0\u00a0del suo Creatore\u00a0ed il grande dolore di una Madre a cui viene Crocifisso il Figlio. Anche noi possiamo, mediante la fatica quotidiana conformarci alla volont\u00e0 del Padre, per riceverne frutti di serenit\u00e0 e di pace.<\/p>\n<p>Dai \u00abDiscorsi di san Bernardo, abate &#8211; <span style=\"color: #ff0000;\">&#8220;La Madre di Ges\u00f9 stava presso la Croce&#8221;<a href=\"https:\/\/www.carlofrancio.net\/blog\/wp-content\/uploads\/2009\/09\/100920092000-2.jpg\"><img loading=\"lazy\" decoding=\"async\" class=\"size-thumbnail wp-image-2860 alignright\" title=\"100920092000-2\" src=\"https:\/\/www.carlofrancio.net\/blog\/wp-content\/uploads\/2009\/09\/100920092000-2-150x150.jpg\" alt=\"100920092000-2\" width=\"150\" height=\"150\" \/><\/a><\/span><\/p>\n<p><span style=\"color: #ff0000;\">\u00ab<span style=\"color: #0000ff;\"><em>Il martirio della Vergine viene celebrato tanto nella profezia di Simeone, quanto nella storia stessa della passione del signore. Egli \u00e8 posto, dice del bambino Ges\u00f9 il santo vegliardo, quale segno di contraddizione, e una spada, dice poi rivolgendosi a Maria, trapasser\u00e0 la tua stessa anima(cfr. Lc2,34-35)<span style=\"color: #ff0000;\">\u00bb<\/span><\/em><\/span><\/span><\/p>\n<p>Foto e programma<\/p>\n<p><!--more--><\/p>\n<div class=\"mceTemp\">\n<dl id=\"attachment_2875\" class=\"wp-caption alignright\" style=\"width: 218px;\">\n<dt class=\"wp-caption-dt\"><a href=\"https:\/\/www.carlofrancio.net\/blog\/wp-content\/uploads\/2009\/09\/image-6.jpg\"><img loading=\"lazy\" decoding=\"async\" class=\"size-medium wp-image-2875\" title=\"image-6\" src=\"https:\/\/www.carlofrancio.net\/blog\/wp-content\/uploads\/2009\/09\/image-6-208x300.jpg\" alt=\"Programma Festa\" width=\"208\" height=\"300\" \/><\/a><\/dt>\n<dd class=\"wp-caption-dd\">Programma Festa<\/dd>\n<\/dl>\n<\/div>\n","protected":false},"excerpt":{"rendered":"<p>\u00a0Dopo il triduo di preparazione, domenica 13 Settembre, la Festa. con la celebrazione di due S. Messe: una al Mattino ed una al rientro delle Statue effige di Maria Addolorata &hellip; <\/p>\n","protected":false},"author":2,"featured_media":0,"comment_status":"open","ping_status":"open","sticky":false,"template":"","format":"standard","meta":{"footnotes":""},"categories":[6,13,62],"tags":[425],"class_list":["post-2858","post","type-post","status-publish","format-standard","hentry","category-chiesa_cattolica","category-diocesi-di-patti","category-parrocchie-nel-mondo","tag-chiesa_cattolica"],"_links":{"self":[{"href":"https:\/\/www.carlofrancio.net\/index.php?rest_route=\/wp\/v2\/posts\/2858","targetHints":{"allow":["GET"]}}],"collection":[{"href":"https:\/\/www.carlofrancio.net\/index.php?rest_route=\/wp\/v2\/posts"}],"about":[{"href":"https:\/\/www.carlofrancio.net\/index.php?rest_route=\/wp\/v2\/types\/post"}],"author":[{"embeddable":true,"href":"https:\/\/www.carlofrancio.net\/index.php?rest_route=\/wp\/v2\/users\/2"}],"replies":[{"embeddable":true,"href":"https:\/\/www.carlofrancio.net\/index.php?rest_route=%2Fwp%2Fv2%2Fcomments&post=2858"}],"version-history":[{"count":0,"href":"https:\/\/www.carlofrancio.net\/index.php?rest_route=\/wp\/v2\/posts\/2858\/revisions"}],"wp:attachment":[{"href":"https:\/\/www.carlofrancio.net\/index.php?rest_route=%2Fwp%2Fv2%2Fmedia&parent=2858"}],"wp:term":[{"taxonomy":"category","embeddable":true,"href":"https:\/\/www.carlofrancio.net\/index.php?rest_route=%2Fwp%2Fv2%2Fcategories&post=2858"},{"taxonomy":"post_tag","embeddable":true,"href":"https:\/\/www.carlofrancio.net\/index.php?rest_route=%2Fwp%2Fv2%2Ftags&post=2858"}],"curies":[{"name":"wp","href":"https:\/\/api.w.org\/{rel}","templated":true}]}}