{"id":2845,"date":"2009-09-16T17:25:20","date_gmt":"2009-09-16T16:25:20","guid":{"rendered":"https:\/\/www.carlofrancio.net\/blog\/?p=2845"},"modified":"2009-09-16T17:25:20","modified_gmt":"2009-09-16T16:25:20","slug":"comunita-di-santegidio-no-allintolleranza-e-al-razzismo","status":"publish","type":"post","link":"https:\/\/www.carlofrancio.net\/?p=2845","title":{"rendered":"Comunit\u00e0 di Sant&#039;Egidio &#8211; &quot;No all&#039;intolleranza e al razzismo&quot;"},"content":{"rendered":"<figure id=\"attachment_2846\" aria-describedby=\"caption-attachment-2846\" style=\"width: 212px\" class=\"wp-caption alignleft\"><a href=\"https:\/\/www.carlofrancio.net\/blog\/wp-content\/uploads\/2009\/09\/Costruiamo-un-mondo-x-tutti-MESSINA-20-09-2009.jpg\"><img loading=\"lazy\" decoding=\"async\" class=\"size-medium wp-image-2846\" title=\"Costruiamo un mondo x tutti MESSINA 20 09 2009\" src=\"https:\/\/www.carlofrancio.net\/blog\/wp-content\/uploads\/2009\/09\/Costruiamo-un-mondo-x-tutti-MESSINA-20-09-2009-212x300.jpg\" alt=\"Costruiamo un mondo x tutti\" width=\"212\" height=\"300\" \/><\/a><figcaption id=\"caption-attachment-2846\" class=\"wp-caption-text\">Costruiamo un mondo x tutti<\/figcaption><\/figure>\n<p>La<span style=\"color: #0000ff;\"><strong> Comunit\u00e0 di Sant&#8217;Egidio<\/strong> <\/span>&#8211;\u00a0 <strong><span style=\"color: #3366ff;\">Giovani per la Pace<\/span><\/strong><\/p>\n<p><span style=\"color: #000000;\">Organizza un incontro di preghiera e testimonianza<\/span><\/p>\n<h3>\u00a0<span style=\"color: #ff00ff;\">Domenica 20 Settembre<\/span><\/h3>\n<h2><span style=\"color: #ff00ff;\">\u00a0alle ore 19.00<\/span><\/h2>\n<h2><span style=\"color: #ff00ff;\">\u00a0nel Santuario di Montalto<\/span><\/h2>\n<p>Un contributo per ribadire la vitalit\u00e0 del mondo del volontariato che combatte a viso aperto le battaglie di solidariet\u00e0 e libert\u00e0 per tutto l&#8217;Uomo.<\/p>\n<p>Quasi come\u00a0continuit\u00e0 della manifestazione &#8221;\u00a0<a title=\"Tenda della pace\" href=\"http:\/\/carlofrancio.net\/blog\/?page_id=1370\" target=\"_blank\">Tenda della Pace<\/a>&#8220;, un nuovo stimolante appuntamento delle realt\u00e0 associative messinesi. certamente risuonano nel nostro cuore i versetti del Vangelo secondo Matteo 25,37-40<\/p>\n<p>\u00ab<em><span style=\"color: #003300;\">Allora i giusti gli risponderanno: Signore, quando mai ti abbiamo veduto affamato e ti abbiamo dato da mangiare, assetato e ti abbiamo dato da bere? Quando ti abbiamo visto forestiero e ti abbiamo ospitato, o nudo e ti abbiamo vestito? E quando ti abbiamo visto ammalato o in carcere e siamo venuti a visitarti? Rispondendo, il re dir\u00e0 loro: In verit\u00e0 vi dico: ogni volta che avete fatto queste cose a uno solo di questi miei fratelli pi\u00f9 piccoli, l&#8217;avete fatta a me<\/span><\/em>.\u00bb<\/p>\n<p>Tralascio l&#8217;amarezza per i respingimenti in mare di donne a bambini e le motivate e pesanti osservazioni dell&#8217;ONU sui nostri comportamenti.<\/p>\n<p><a title=\"Immigrati popolo di Dio\" href=\"http:\/\/carlofrancio.net\/blog\/?page_id=2664\" target=\"_blank\">Link articoli sul tema<\/a><\/p>\n","protected":false},"excerpt":{"rendered":"<p>La Comunit\u00e0 di Sant&#8217;Egidio &#8211;\u00a0 Giovani per la Pace Organizza un incontro di preghiera e testimonianza \u00a0Domenica 20 Settembre \u00a0alle ore 19.00 \u00a0nel Santuario di Montalto Un contributo per ribadire &hellip; <\/p>\n","protected":false},"author":2,"featured_media":0,"comment_status":"open","ping_status":"open","sticky":false,"template":"","format":"standard","meta":{"footnotes":""},"categories":[65],"tags":[425,426,431,52],"class_list":["post-2845","post","type-post","status-publish","format-standard","hentry","category-comunita-di-s-egidio","tag-chiesa_cattolica","tag-cultura","tag-sociale","tag-volontariato"],"_links":{"self":[{"href":"https:\/\/www.carlofrancio.net\/index.php?rest_route=\/wp\/v2\/posts\/2845","targetHints":{"allow":["GET"]}}],"collection":[{"href":"https:\/\/www.carlofrancio.net\/index.php?rest_route=\/wp\/v2\/posts"}],"about":[{"href":"https:\/\/www.carlofrancio.net\/index.php?rest_route=\/wp\/v2\/types\/post"}],"author":[{"embeddable":true,"href":"https:\/\/www.carlofrancio.net\/index.php?rest_route=\/wp\/v2\/users\/2"}],"replies":[{"embeddable":true,"href":"https:\/\/www.carlofrancio.net\/index.php?rest_route=%2Fwp%2Fv2%2Fcomments&post=2845"}],"version-history":[{"count":0,"href":"https:\/\/www.carlofrancio.net\/index.php?rest_route=\/wp\/v2\/posts\/2845\/revisions"}],"wp:attachment":[{"href":"https:\/\/www.carlofrancio.net\/index.php?rest_route=%2Fwp%2Fv2%2Fmedia&parent=2845"}],"wp:term":[{"taxonomy":"category","embeddable":true,"href":"https:\/\/www.carlofrancio.net\/index.php?rest_route=%2Fwp%2Fv2%2Fcategories&post=2845"},{"taxonomy":"post_tag","embeddable":true,"href":"https:\/\/www.carlofrancio.net\/index.php?rest_route=%2Fwp%2Fv2%2Ftags&post=2845"}],"curies":[{"name":"wp","href":"https:\/\/api.w.org\/{rel}","templated":true}]}}