{"id":2831,"date":"2009-09-15T07:56:20","date_gmt":"2009-09-15T06:56:20","guid":{"rendered":"https:\/\/www.carlofrancio.net\/blog\/?p=2831"},"modified":"2009-09-15T07:56:20","modified_gmt":"2009-09-15T06:56:20","slug":"don-pino-puglisi-16%c2%b0-anniversario","status":"publish","type":"post","link":"https:\/\/www.carlofrancio.net\/?p=2831","title":{"rendered":"Don Pino Puglisi &#8211; 16\u00b0 Anniversario"},"content":{"rendered":"<p><a href=\"https:\/\/www.carlofrancio.net\/blog\/wp-content\/uploads\/2009\/09\/Padre-Pino-PUGLISI-retro-2.bmp\"><img decoding=\"async\" class=\"size-full wp-image-2835 alignright\" title=\"Padre Pino PUGLISI-retro-2\" src=\"https:\/\/www.carlofrancio.net\/blog\/wp-content\/uploads\/2009\/09\/Padre-Pino-PUGLISI-retro-2.bmp\" alt=\"Padre Pino PUGLISI-retro-2\" \/><\/a>Questa\u00a0immagine<a href=\"https:\/\/www.carlofrancio.net\/blog\/wp-content\/uploads\/2009\/09\/Padre-Pino-PUGLISI.bmp\"><img decoding=\"async\" class=\"alignleft size-full wp-image-2834\" title=\"Padre Pino PUGLISI\" src=\"https:\/\/www.carlofrancio.net\/blog\/wp-content\/uploads\/2009\/09\/Padre-Pino-PUGLISI.bmp\" alt=\"Padre Pino PUGLISI\" \/><\/a>\u00a0mi \u00e8 stata data durante il 3\u00b0 Convegno delle Chiese di Sicilia, &#8220;Nuova Evangelizzazione e Pastorale&#8221;,\u00a0svoltosi ad Acireale 15\/19 novembre 1993.\u00a0<\/p>\n<p>Molti di noi\u00a0acquisirono, istantaneamente,\u00a0la coscienza di trovarsi di fronte ad uno dei <strong><span style=\"color: #ff0000;\">&#8220;Martiri&#8221;<\/span><\/strong> della Chiesa contemporanea.\u00a0<\/p>\n<p><span style=\"color: #800080;\">Nella cronaca del convegno subito al n\u00b0 2\u00a0\u00a0il giornalista <strong>Nino Barraco<\/strong> da conto dell&#8217;emozione dei 2000 partecipanti, sotto l&#8217;amorevole ed energica guida di S. Em.za Card. <strong>Salvatore Pappalardo.<\/strong><\/span><\/p>\n<div><span style=\"font-size: small;\">2 \u00c8 la promessa alleluiatica sulla nequizia e sulla violenza. <span style=\"color: #000080;\">La certezza del Signore che veglia sul cammino dei giusti.<\/span><span style=\"font-size: small;\">\u00a0<\/span><\/span>\u00a0\u00a0<\/div>\n<div><span style=\"font-size: small;\"><span style=\"font-size: small;\"><\/span><\/span><\/div>\n<p>\u00a0<\/p>\n<p><span style=\"font-size: small;\"><span style=\"font-size: small;\"><\/p>\n<p align=\"justify\">E,<span style=\"color: #000080;\"> tra i giusti<\/span>, un nome ha occupato, ripetutamente, i vari passaggi del Convegno.<\/p>\n<p align=\"justify\">La <em><span style=\"color: #3366ff;\">memoria di un nome<\/span>, <\/em><span style=\"color: #800080;\"><strong><span style=\"color: #ff0000;\">Padre Giuseppe Puglisi.<\/span><\/strong><\/span> <span style=\"color: #000000;\">Questo sacerdote ucciso dalla mafia nella sua parrocchia, a Brancaccio,<\/span> in una Palermo segnata dalla lunga litania degli innocenti. Sacerdote di Dio, pronto a dare la vita come il Pastore della proclamazione biblica.<\/p>\n<p align=\"justify\">\u00c8 qui l&#8217;identit\u00e0. Non occorrono aggettivi, ulteriori specificazioni per indicare il suo nome. Sacerdote, e, perci\u00f2, in quanto tale, presente, con la forza e il coraggio che sono dello Spirito, a predicare il Vangelo. La pace, la libert\u00e0, la solidariet\u00e0, contro tutte le forme di peccato, di violenza, di mafia, di morte.<\/p>\n<p align=\"justify\">Il suo vivere inerme e non protetto, il suo annunziare un giorno diverso, il suo far crescere le vocazioni alla giustizia, soprattutto con i giovani del <span style=\"color: #000080;\">Centro sociale<\/span> <span style=\"color: #000080;\"><strong>&#8220;Padre Nostro<\/strong>&#8220;,<\/span> testimoniavano l&#8217;impegno pi\u00f9 esigente della Chiesa, costruivano i valori del Vangelo, della legalit\u00e0, della moralit\u00e0, della convivenza.<\/p>\n<p align=\"justify\"><span style=\"color: #993366;\">Senza protagonismo, nel durissimo, feriale, contatto con i portatori del male, nello scontro, corpo a corpo, per togliere i ragazzi dalla delinquenza della strada, con quella umanit\u00e0 che segnava il suo sorriso, con quella passione che sapeva giurare sulla missione primaria, che \u00e8 la formazione delle coscienze, con quella fedelt\u00e0 all&#8217; altare che non consente collusioni con il peccato, con il crimine<\/span>.<\/p>\n<p align=\"justify\"><span style=\"color: #800080;\">Piuttosto, il proprio sangue. E l&#8217;altare \u00e8 stato insanguinato. Un assassinio in Chiesa, come dire che non \u00e8 pi\u00f9 possibile, oggi, un Vangelo innocuo, evasivo, estraneo alla citt\u00e0. La proclamazione del messaggio pose Cristo in conflitto mortale con il suo tempo.<\/span><\/p>\n<p>Padre Giuseppe Puglisi, un nome tra i giusti. Un nome inserito all&#8217;interno stesso della liturgia del Convegno, e precisamente nella preghiera litanica della celebrazione penitenziale, che ci ha trovato n\u00e8ll&#8217;implorazione: &#8220;Ti preghiamo, o Signore, per le nostre comunit\u00e0 ecclesiali. Forti della fede nel Risorto, e sull&#8217;esempio del presbitero Giuseppe Puglisi, testimone fedele di Cristo sino al martirio e seme dalla cui morte rinasce la vita autenticamente modellata a Cristo, queste nostre comunit\u00e0 resistano ai compromessi e agli accomodamenti, consapevoli che Cristo \u00e8 l&#8217;unico Signore e a Lui bisogna presentare la Sposa casta, povera e obbediente&#8221;.<\/p>\n<p><strong><span style=\"color: #008080;\">Articolo correlato<\/span><\/strong>&#8211;\u00a0<span style=\"color: #0000ff;\"><a title=\"Caselli Giancarlo\" href=\"http:\/\/carlofrancio.net\/blog\/?page_id=822\" target=\"_blank\">Discorso del Procuratore Giancarlo Caselli<\/a><\/span>\u00a0\u00a0\u00a0<\/p>\n<p>\u00a0<\/p>\n<p>\u00a0<\/p>\n<p><\/span><\/span><\/p>\n","protected":false},"excerpt":{"rendered":"<p>Questa\u00a0immagine\u00a0mi \u00e8 stata data durante il 3\u00b0 Convegno delle Chiese di Sicilia, &#8220;Nuova Evangelizzazione e Pastorale&#8221;,\u00a0svoltosi ad Acireale 15\/19 novembre 1993.\u00a0 Molti di noi\u00a0acquisirono, istantaneamente,\u00a0la coscienza di trovarsi di fronte &hellip; <\/p>\n","protected":false},"author":2,"featured_media":2834,"comment_status":"open","ping_status":"open","sticky":false,"template":"","format":"standard","meta":{"footnotes":""},"categories":[6,58],"tags":[425,433],"class_list":["post-2831","post","type-post","status-publish","format-standard","has-post-thumbnail","hentry","category-chiesa_cattolica","category-vittime-della-mafia","tag-chiesa_cattolica","tag-vittime-della-mafia"],"_links":{"self":[{"href":"https:\/\/www.carlofrancio.net\/index.php?rest_route=\/wp\/v2\/posts\/2831","targetHints":{"allow":["GET"]}}],"collection":[{"href":"https:\/\/www.carlofrancio.net\/index.php?rest_route=\/wp\/v2\/posts"}],"about":[{"href":"https:\/\/www.carlofrancio.net\/index.php?rest_route=\/wp\/v2\/types\/post"}],"author":[{"embeddable":true,"href":"https:\/\/www.carlofrancio.net\/index.php?rest_route=\/wp\/v2\/users\/2"}],"replies":[{"embeddable":true,"href":"https:\/\/www.carlofrancio.net\/index.php?rest_route=%2Fwp%2Fv2%2Fcomments&post=2831"}],"version-history":[{"count":0,"href":"https:\/\/www.carlofrancio.net\/index.php?rest_route=\/wp\/v2\/posts\/2831\/revisions"}],"wp:featuredmedia":[{"embeddable":true,"href":"https:\/\/www.carlofrancio.net\/index.php?rest_route=\/"}],"wp:attachment":[{"href":"https:\/\/www.carlofrancio.net\/index.php?rest_route=%2Fwp%2Fv2%2Fmedia&parent=2831"}],"wp:term":[{"taxonomy":"category","embeddable":true,"href":"https:\/\/www.carlofrancio.net\/index.php?rest_route=%2Fwp%2Fv2%2Fcategories&post=2831"},{"taxonomy":"post_tag","embeddable":true,"href":"https:\/\/www.carlofrancio.net\/index.php?rest_route=%2Fwp%2Fv2%2Ftags&post=2831"}],"curies":[{"name":"wp","href":"https:\/\/api.w.org\/{rel}","templated":true}]}}