{"id":2791,"date":"2009-08-31T16:31:28","date_gmt":"2009-08-31T15:31:28","guid":{"rendered":"https:\/\/www.carlofrancio.net\/blog\/?p=2791"},"modified":"2009-08-31T16:31:28","modified_gmt":"2009-08-31T15:31:28","slug":"1%c2%b0-settembre-2009-4%c2%aa-giornata-per-la-salvaguardia-del-creato","status":"publish","type":"post","link":"https:\/\/www.carlofrancio.net\/?p=2791","title":{"rendered":"1\u00b0 Settembre 2009 &#8211; &quot;4\u00aa Giornata per la salvaguardia del creato&quot;"},"content":{"rendered":"<p style=\"margin-bottom: 0cm;\"><span style=\"font-family: Arial;\"><a href=\"https:\/\/www.carlofrancio.net\/blog\/wp-content\/uploads\/2009\/08\/02112008281.jpg\"><img loading=\"lazy\" decoding=\"async\" class=\"alignleft size-medium wp-image-2794\" title=\"02112008281\" src=\"https:\/\/www.carlofrancio.net\/blog\/wp-content\/uploads\/2009\/08\/02112008281-300x225.jpg\" alt=\"02112008281\" width=\"270\" height=\"203\" \/><\/a>La <span style=\"color: #000080;\"><strong>CEI<\/strong><\/span> (Conferenza Episcopale Italiana) con la recente istituzione della giornata per la Salvaguardia del Creato (4\u00b0 anno), \u00a0fissata per il 1\u00b0 settembre di ogni anno, ci mette a disposizione una occasione per riflettere sul tema dell&#8217;ecologia che sta diventando sempre pi\u00f9 importante. <\/span><\/p>\n<p style=\"margin-bottom: 0cm;\"><span style=\"font-family: Arial;\">Il presidente <strong><span style=\"color: #000080;\">Obama<\/span><\/strong>\u00a0ha scelto consapevolmente questo tema per far progredire il suo grande Paese sulle vie del progresso e per la condivisione con gli altri popoli di tutte le ricchezze della terra. <strong>Il rispetto della creazione ci avvicina\u00a0gli uni agli altri ed all&#8217;Autore del creato.<\/strong><\/span>\u00a0<\/p>\n<p style=\"margin-bottom: 0cm;\"><span style=\"font-family: Arial;\"><a href=\"https:\/\/www.carlofrancio.net\/blog\/wp-content\/uploads\/2009\/08\/280820091885.jpg\"><img loading=\"lazy\" decoding=\"async\" class=\"alignright size-thumbnail wp-image-2795\" title=\"280820091885\" src=\"https:\/\/www.carlofrancio.net\/blog\/wp-content\/uploads\/2009\/08\/280820091885-150x150.jpg\" alt=\"280820091885\" width=\"150\" height=\"150\" \/><\/a><\/span><\/p>\n<p style=\"margin-bottom: 0cm;\" align=\"center\"><strong>Messaggio per la 4\u00aa Giornata per la salvaguardia del creato<\/strong><\/p>\n<p style=\"margin-bottom: 0cm;\" align=\"center\"><strong>(1\u00b0 settembre 2009)<\/strong><\/p>\n<p style=\"margin-bottom: 0cm;\" align=\"center\">\u00a0<\/p>\n<p style=\"margin-bottom: 0cm;\" align=\"center\"><strong><span style=\"color: #0000ff;\">\u201c<em>Laudato si\u2019, mi\u2019 Signore\u2026per frate Vento et per aere et nubilo et sereno et onne tempo, per lo quale, a le Tue creature d\u00e0i sustentamento\u201d<\/em><\/span><\/strong><\/p>\n<p style=\"margin-bottom: 0cm;\" align=\"justify\">\u00a0\u00c8 questo l\u2019invito alla lode al Signore per il dono dell\u2019aria, fonte di vita per tutte le creature, che San Francesco proclama nel <em>Cantico delle Creature<\/em>: lodiamo Dio Creatore per gli innumerevoli doni del suo amore, sull\u2019esempio del Santo di Assisi, patrono d\u2019Italia, nella ricorrenza centenaria della presentazione della <em>Regola<\/em> a papa Innocenzo III, avvenuta nel 1209.<\/p>\n<p style=\"margin-bottom: 0cm;\" align=\"justify\"><a href=\"http:\/\/carlofrancio.net\/blog\/?page_id=2800\" target=\"_blank\">La Voce di Papa Benedetto XVI sull&#8217;ambiente<\/a><\/p>\n<p style=\"margin-bottom: 0cm;\" align=\"justify\">L&#8217;appello di Alex Zanotelli &#8211;<strong><span style=\"color: #ff0000;\"> <a href=\"http:\/\/carlofrancio.net\/blog\/?page_id=2826\" target=\"_blank\">l&#8217;Acqua Bene di Tutti<\/a><\/span><\/strong><\/p>\n<p style=\"margin-bottom: 0cm;\" align=\"justify\"><!--more--><\/p>\n<p style=\"text-indent: 1.25cm; margin-bottom: 0cm;\" align=\"justify\">In occasione della quarta Giornata per la salvaguardia del creato, proponiamo all\u2019attenzione delle comunit\u00e0 ecclesiali il rinnovato impegno e l\u2019attenzione per quel bene indispensabile alla vita di tutti che \u00e8 l\u2019aria. Riflettiamo sulla necessit\u00e0 di respirare aria pi\u00f9 pulita e sul nostro contributo personale perch\u00e9 ci\u00f2 avvenga. Riflettiamo pure sull\u2019eventualit\u00e0 che gli elementi naturali possono dar luogo a catastrofi, ma soprattutto guardiamo ad essi con il cuore colmo di lode a Dio. Riscopriamo, anzi, in essi le sue stesse orme, secondo l\u2019indicazione dell\u2019episodio biblico di Elia sull\u2019Oreb: egli incontra Dio non nel vento impetuoso e gagliardo, n\u00e9 nel terremoto n\u00e9 nel fuoco, ma nel vento leggero (<em>1Re<\/em> 19,11-12). Guardiamo alle realt\u00e0 del creato con quella purezza di cuore, invocata da Ges\u00f9 nelle beatitudini (cfr. <em>Mt<\/em> 5,8), che giunge a vedere i doni di Dio in ogni luogo, anche nei gigli del campo e negli uccelli dell\u2019aria (cfr. <em>Lc<\/em> 12,22-31).<\/p>\n<p style=\"margin-bottom: 0cm;\" align=\"justify\">\u00a0<\/p>\n<p style=\"margin-bottom: 0cm;\" align=\"justify\"><strong>1. Lo Spirito di Dio<\/strong><\/p>\n<p style=\"margin-bottom: 0cm;\" align=\"justify\">\u00a0<\/p>\n<p style=\"text-indent: 1.25cm; margin-bottom: 0cm;\" align=\"justify\">L\u2019aria che respiriamo \u00e8 collegata con la vita. Soltanto quando respiriamo siamo in vita. Il libro della Genesi afferma: \u201cil Signore Dio plasm\u00f2 l\u2019uomo con polvere del suolo e soffi\u00f2 nelle sue narici un alito di vita e l\u2019uomo divenne un essere vivente\u201d (2,7). Anzi, in Dio stesso la terza Persona \u00e8 lo Spirito che d\u00e0 la vita. Il venerabile Servo di Dio Giovanni Paolo II, nell\u2019udienza generale del 2 agosto 2000, spiegando il rapporto del Dio Trino con tutto il creato, diceva dello Spirito Santo: \u201cAlla luce della fede cristiana, la creazione evoca in modo particolare lo Spirito Santo nel dinamismo che contraddistingue i rapporti tra le cose, all\u2019interno del macrocosmo e del microcosmo, e che si manifesta soprattutto l\u00e0 dove nasce e si sviluppa la vita\u2026 Ogni forma di vita, di animazione, di amore, rinvia in ultima analisi a quello Spirito, di cui la Genesi dice che \u00abaleggiava sulle acque\u00bb (<em>Gen<\/em> 1,2) all\u2019alba della creazione e nel quale i cristiani, alla luce del Nuovo Testamento, riconoscono un riferimento alla Terza Persona della Santissima Trinit\u00e0\u201d.<\/p>\n<p style=\"text-indent: 1.25cm; margin-bottom: 0cm;\" align=\"justify\">Ges\u00f9 Cristo, che nella sua morte \u201cgrid\u00f2 a gran voce ed emise lo spirito\u201d (<em>Mt<\/em> 27,50) e \u201cconsegn\u00f2 lo spirito\u201d (<em>Gv<\/em> 19,30), apparve dopo la sua risurrezione ai discepoli e alit\u00f2 su di loro, donando il suo Spirito in vista della remissione dei peccati e della riconciliazione con tutto il creato. Nel giorno della Pentecoste, poi, questo Spirito venne su tutti come vento impetuoso, per trasformare i cuori, per infondere coraggio e per creare comunione e solidariet\u00e0.<\/p>\n<p style=\"text-indent: 1.25cm; margin-bottom: 0cm;\" align=\"justify\">San Paolo, nell\u2019ottavo capitolo della lettera ai Romani, presenta lo Spirito divino che abita in noi e che ci libera dalle tendenze del peccato, rendendoci figli adottivi del Padre. Nel contempo, parla del gemito della creazione per le conseguenze del peccato e dei credenti, che hanno gi\u00e0 le primizie dello Spirito e pure gemono interiormente. Tutto il creato soffre come nelle doglie del parto in attesa di essere un giorno reso partecipe della gloria dei figli di Dio. E lo stesso Spirito di Dio viene in aiuto alla nostra debolezza e intercede per noi con gemiti inesprimibili.<\/p>\n<p style=\"margin-bottom: 0cm;\" align=\"justify\">\u00a0<\/p>\n<p style=\"margin-bottom: 0cm;\" align=\"justify\"><strong>2. \u201cConversione ecologica\u201d<\/strong><\/p>\n<p style=\"margin-bottom: 0cm;\" align=\"justify\">\u00a0<\/p>\n<p style=\"margin-bottom: 0cm;\" align=\"justify\">Viviamo in un mondo contrassegnato dal peccato e nel contempo gi\u00e0 redento e avviato a un processo di trasformazione, finch\u00e9 un giorno, da Colui che fa nuove tutte le cose (<em>Ap<\/em> 21,5), ci sar\u00e0 dato un cielo nuovo e una terra nuova (<em>Ap<\/em> 21,1). La crisi ecologica appare come un momento di questo processo: \u00e8 conseguenza del peccato se la rete delle relazioni con il creato appare lacerata e se gli effetti sul cambiamento climatico sono innegabili, se proprio l\u2019aria &#8211; cos\u00ec necessaria per la vita &#8211; \u00e8 inquinata da varie emissioni, in particolare da quelle dei cosiddetti \u201cgas serra\u201d. Se, per\u00f2, prendiamo coscienza del peccato, che nasce da un rapporto sbagliato con il creato, siamo chiamati alla \u201cconversione ecologica\u201d, secondo l\u2019espressione di Giovanni Paolo II.<\/p>\n<p style=\"text-indent: 1.25cm; margin-bottom: 0cm;\" align=\"justify\">Il <em>Compendio della Dottrina sociale della Chiesa<\/em> segnala la necessit\u00e0 di considerare \u201ci rapporti tra l\u2019attivit\u00e0 umana e i cambiamenti climatici che, data la loro estrema complessit\u00e0, devono essere opportunamente e costantemente seguiti a livello scientifico, politico e giuridico, nazionale e internazionale. Il clima \u00e8 un bene che va protetto e richiede che, nei loro comportamenti, i consumatori e gli operatori di attivit\u00e0 industriali sviluppino un maggior senso di responsabilit\u00e0\u201d (n. 470). Il principio di precauzione ricorda che \u2013 anche laddove la certezza scientifica non fosse completa \u2013 l\u2019ampiezza e la gravit\u00e0 delle possibili conseguenze (molte delle quali si stanno gi\u00e0 manifestando) richiedono un\u2019azione incisiva. Una tempestiva riduzione delle emissioni di \u201cgas serra\u201d \u00e8, dunque, una precauzione necessaria a tutela delle generazioni future, ma anche di quei poveri della terra, che gi\u00e0 ora patiscono gli effetti dei mutamenti climatici.<\/p>\n<p style=\"text-indent: 1.25cm; margin-bottom: 0cm;\" align=\"justify\">Occorre, dunque, un profondo rinnovamento del nostro modo di vivere e dell\u2019economia, cercando di risparmiare energia con una maggiore sobriet\u00e0 nei consumi, per esempio nell\u2019uso di automezzi e nel riscaldamento degli edifici, ottimizzando l\u2019uso dell\u2019energia stessa \u2013 a partire dalla progettazione degli edifici stessi &#8211; e valorizzando le energie pulite e rinnovabili. Il Santo Padre Benedetto XVI ha richiamato a uno stile di vita pi\u00f9 essenziale, come espressione di \u201cuna disciplina fatta anche di rinunce, una disciplina del riconoscimento degli altri, ai quali il creato appartiene tanto quanto a noi che pi\u00f9 facilmente possiamo disporne; una disciplina della responsabilit\u00e0 nei riguardi del futuro degli altri e del nostro stesso futuro\u201d (<em>Incontro con il clero di Bressanone, 6 agosto 2008<\/em>).<\/p>\n<p style=\"margin-bottom: 0cm;\" align=\"justify\">\u00a0<\/p>\n<p style=\"margin-bottom: 0cm;\" align=\"justify\"><strong>3. Giustizia e sostenibilit\u00e0<\/strong><\/p>\n<p style=\"margin-bottom: 0cm;\" align=\"justify\">\u00a0<\/p>\n<p style=\"text-indent: 1.25cm; margin-bottom: 0cm;\" align=\"justify\">L\u2019impegno per la tutela della stabilit\u00e0 climatica \u00e8 questione che coinvolge l\u2019intera famiglia umana in una responsabilit\u00e0 comune, che pone anche una grave questione di giustizia: a sopportarne maggiormente le conseguenze sono spesso le popolazioni a cui \u00e8 meno imputabile il mutamento climatico. Anche questo rende particolarmente importante la Conferenza internazionale sui cambiamenti climatici, che si svolger\u00e0 nel mese di dicembre a Copenaghen e nella quale la comunit\u00e0 internazionale dovr\u00e0 definire le linee di un\u2019efficace azione di contrasto del riscaldamento del pianeta per i prossimi decenni. Occorrer\u00e0, in particolare, una chiara disponibilit\u00e0 dei paesi pi\u00f9 industrializzati \u2013 anzitutto quelli dell\u2019Unione Europea \u2013 all\u2019assunzione di responsabilit\u00e0, muovendo i primi passi in un cammino che non potr\u00e0 comunque raggiungere i propri obiettivi senza il contributo di tutti. Neppure il peso della crisi economico-finanziaria che investe l\u2019intera comunit\u00e0 internazionale pu\u00f2 esonerare da una collaborazione lungimirante per individuare e attivare misure efficaci a garantire la stabilit\u00e0 climatica: \u00e8 un passaggio cruciale per verificare la disponibilit\u00e0 della famiglia umana ad abitare la terra secondo giustizia.<\/p>\n<p style=\"text-indent: 1.25cm; margin-bottom: 0cm;\" align=\"justify\">In quanto credenti, siamo chiamati a un particolare impegno di custodia del creato, perch\u00e9 l\u2019essere cristiani implica sempre e comunque una precisa responsabilit\u00e0 nei riguardi della creazione. \u00abIl creato geme \u2013 lo percepiamo, quasi lo sentiamo \u2013 e attende persone umane che lo guardino a partire da Dio\u00bb (Benedetto XVI, <em>Incontro con il clero di Bressanone<\/em>).<\/p>\n<p style=\"text-indent: 1.25cm; margin-bottom: 0cm;\" align=\"justify\">San Francesco d\u2019Assisi, cantore della creazione, ci aiuti in questo impegno quotidiano.<\/p>\n<p style=\"margin-bottom: 0cm;\" align=\"justify\">\u00a0<\/p>\n<p style=\"widows: 0; orphans: 0; margin-bottom: 0cm;\" align=\"justify\">Roma, 1\u00b0 maggio 2009<\/p>\n<p style=\"widows: 0; orphans: 0; margin-bottom: 0cm;\" align=\"justify\">\u00a0<\/p>\n<p style=\"widows: 0; orphans: 0; margin-bottom: 0cm;\" align=\"justify\">\u00a0<\/p>\n<p style=\"widows: 0; orphans: 0; margin-bottom: 0cm;\">La Commissione Episcopale La Commissione Episcopale<\/p>\n<p style=\"widows: 0; orphans: 0; margin-bottom: 0cm;\">per i problemi sociali e il lavoro, per l\u2019ecumenismo e il dialogo<\/p>\n<p style=\"widows: 0; orphans: 0; margin-bottom: 0cm;\">la giustizia e la pace<\/p>\n<p style=\"page-break-before: always; margin-bottom: 0cm;\" align=\"center\"><strong>Iniziative locali in occasione della <\/strong><strong>Giornata per la salvaguardia del creato<\/strong><\/p>\n<p style=\"margin-bottom: 0cm;\" align=\"justify\">\u00a0<\/p>\n<p style=\"margin-bottom: 0cm;\" align=\"justify\">\u00a0<\/p>\n<p style=\"text-indent: 1.25cm; margin-bottom: 0cm;\" align=\"justify\"><span style=\"color: #000000;\">\u00c8 importante dare adeguato risalto a livello diocesano e locale alla Giornata <\/span>per la salvaguardia del creato<span style=\"color: #000000;\">, programmando iniziative che, se del caso, potranno sviluppate anche nel corso dell\u2019intero mese di settembre. <\/span><\/p>\n<p style=\"text-indent: 1.25cm; margin-bottom: 0cm;\" align=\"justify\">\u00a0<\/p>\n<p style=\"text-indent: 1.25cm; margin-bottom: 0cm;\" align=\"justify\"><span style=\"color: #000000;\">Segnaliamo alcune possibilit\u00e0, a titolo indicativo, anche sulla base dell\u2019esperienza delle precedenti Giornate:<\/span><\/p>\n<p style=\"text-indent: 1.25cm; margin-bottom: 0cm;\" align=\"justify\"><span style=\"color: #000000;\">&#8211; <\/span><span style=\"color: #000000;\"><em>incontri di preghiera<\/em><\/span><span style=\"color: #000000;\">, da organizzare, laddove possibile, coinvolgendo esponenti delle confessioni cristiane presenti nel territorio. Il tema dell\u2019aria potr\u00e0 essere richiamato nelle letture, nei canti o anche mediante segni opportuni;<\/span><\/p>\n<p style=\"text-indent: 1.25cm; margin-bottom: 0cm;\" align=\"justify\"><span style=\"color: #000000;\">&#8211; <\/span><span style=\"color: #000000;\"><em>incontri biblico-teologici<\/em><\/span><span style=\"color: #000000;\">, per riflettere sull\u2019importanza del tema della creazione in un tempo di crisi ecologica e sulla sua declinazione in termini etici;<\/span><\/p>\n<p style=\"text-indent: 1.25cm; margin-bottom: 0cm;\" align=\"justify\"><span style=\"color: #000000;\">&#8211; <\/span><span style=\"color: #000000;\"><em>incontri di approfondimento su tematiche ambientali,<\/em><\/span><span style=\"color: #000000;\"> sia a carattere generale, sia in particolare sul tema dell\u2019aria. L\u2019argomento potr\u00e0 essere affrontato sia nella sua dimensione globale, come pure nella sua incidenza sulla realt\u00e0 locale.<\/span><\/p>\n<p style=\"margin-bottom: 0cm;\" align=\"justify\">\u00a0<\/p>\n<p style=\"text-indent: 1.25cm; margin-bottom: 0cm;\" align=\"justify\"><span style=\"color: #000000;\">\u00c8 anche possibile indire feste all\u2019aperto, coinvolgendo soprattutto i giovani, particolarmente sensibili a questo tema. La scelta potrebbe vertere su un sito caratterizzato per la sua bellezza naturale o per il legame con figure e istituzioni sensibili al rapporto con la creazione, come i luoghi della tradizione francescana o numerosi monasteri. <\/span><\/p>\n<p style=\"margin-bottom: 0cm;\">\u00a0<\/p>\n<p style=\"margin-bottom: 0cm;\">\u00a0<\/p>\n","protected":false},"excerpt":{"rendered":"<p>La CEI (Conferenza Episcopale Italiana) con la recente istituzione della giornata per la Salvaguardia del Creato (4\u00b0 anno), \u00a0fissata per il 1\u00b0 settembre di ogni anno, ci mette a disposizione &hellip; <\/p>\n","protected":false},"author":2,"featured_media":0,"comment_status":"open","ping_status":"open","sticky":false,"template":"","format":"standard","meta":{"footnotes":""},"categories":[6,10,63],"tags":[425,426,32],"class_list":["post-2791","post","type-post","status-publish","format-standard","hentry","category-chiesa_cattolica","category-cultura","category-promozione-umana","tag-chiesa_cattolica","tag-cultura","tag-ecumenismo"],"_links":{"self":[{"href":"https:\/\/www.carlofrancio.net\/index.php?rest_route=\/wp\/v2\/posts\/2791","targetHints":{"allow":["GET"]}}],"collection":[{"href":"https:\/\/www.carlofrancio.net\/index.php?rest_route=\/wp\/v2\/posts"}],"about":[{"href":"https:\/\/www.carlofrancio.net\/index.php?rest_route=\/wp\/v2\/types\/post"}],"author":[{"embeddable":true,"href":"https:\/\/www.carlofrancio.net\/index.php?rest_route=\/wp\/v2\/users\/2"}],"replies":[{"embeddable":true,"href":"https:\/\/www.carlofrancio.net\/index.php?rest_route=%2Fwp%2Fv2%2Fcomments&post=2791"}],"version-history":[{"count":0,"href":"https:\/\/www.carlofrancio.net\/index.php?rest_route=\/wp\/v2\/posts\/2791\/revisions"}],"wp:attachment":[{"href":"https:\/\/www.carlofrancio.net\/index.php?rest_route=%2Fwp%2Fv2%2Fmedia&parent=2791"}],"wp:term":[{"taxonomy":"category","embeddable":true,"href":"https:\/\/www.carlofrancio.net\/index.php?rest_route=%2Fwp%2Fv2%2Fcategories&post=2791"},{"taxonomy":"post_tag","embeddable":true,"href":"https:\/\/www.carlofrancio.net\/index.php?rest_route=%2Fwp%2Fv2%2Ftags&post=2791"}],"curies":[{"name":"wp","href":"https:\/\/api.w.org\/{rel}","templated":true}]}}