{"id":2764,"date":"2009-08-08T22:47:57","date_gmt":"2009-08-08T21:47:57","guid":{"rendered":"https:\/\/www.carlofrancio.net\/blog\/?p=2764"},"modified":"2011-10-01T09:46:37","modified_gmt":"2011-10-01T09:46:37","slug":"un-ponte-di-civilta-il-cuore-dellarea-dello-stretto-batte-allunisono-lo-stretto-di-messina-e-patrimonio-di-tutti","status":"publish","type":"post","link":"https:\/\/www.carlofrancio.net\/?p=2764","title":{"rendered":"Messina &#8211; Un ponte di Civilt\u00e0 &#8211; Il cuore dell&#8217;area dello Stretto batte all&#8217;unisono &#8211; Lo stretto di Messina \u00e8 Patrimonio di tutti"},"content":{"rendered":"<p><a href=\"https:\/\/www.carlofrancio.net\/blog\/wp-content\/uploads\/2009\/08\/080820091665.jpg\"><img loading=\"lazy\" decoding=\"async\" class=\"alignleft size-medium wp-image-2766\" title=\"080820091665\" src=\"https:\/\/www.carlofrancio.net\/blog\/wp-content\/uploads\/2009\/08\/080820091665-300x225.jpg\" alt=\"080820091665\" width=\"300\" height=\"225\" \/><\/a>Oggi 8 Agosto 2009 abbiamo assistito ad una Esemplare dimostrazione di civilt\u00e0 e\u00a0di amore per la propria terra e per un tesoro dell&#8217;umanit\u00e0 intera. La creazione non va violentata e deturpata dalla megalomania di uomini narcisi. Al contrario deve essere valorizzata per farne fruire ai figli dei nostri figli&#8230;<\/p>\n<p><a href=\"https:\/\/www.carlofrancio.net\/blog\/wp-content\/uploads\/2009\/08\/080820091669.jpg\"><img loading=\"lazy\" decoding=\"async\" class=\"alignleft size-thumbnail wp-image-2768\" title=\"080820091669\" src=\"https:\/\/www.carlofrancio.net\/blog\/wp-content\/uploads\/2009\/08\/080820091669-150x150.jpg\" alt=\"080820091669\" width=\"150\" height=\"150\" \/><\/a>Un fiume allegro e variopinto di bambini donne e uomini ha attraversato la Citt\u00e0 di Messina partendo da Piazza Cairoli fino al Municipio, percorrendo nell&#8217;ordine: via S. Cecilia, via C. Battisti e via Garibaldi.<a href=\"https:\/\/www.carlofrancio.net\/blog\/wp-content\/uploads\/2009\/08\/080820091672.jpg\"><img loading=\"lazy\" decoding=\"async\" class=\"alignright size-medium wp-image-2770\" title=\"080820091672\" src=\"https:\/\/www.carlofrancio.net\/blog\/wp-content\/uploads\/2009\/08\/080820091672-300x225.jpg\" alt=\"080820091672\" width=\"300\" height=\"225\" \/><\/a><\/p>\n<p>Oltre 5000 persone di ogni et\u00e0 e condizione sociale con prevalenza di giovani, e con tante associazioni compresi studenti e docenti, funzionari ed impiegati, liberi professionisti ed impiegati etc.<\/p>\n<p><a href=\"https:\/\/www.carlofrancio.net\/blog\/wp-content\/uploads\/2009\/08\/080820091675.jpg\"><img loading=\"lazy\" decoding=\"async\" class=\"alignright size-medium wp-image-2773\" title=\"080820091675\" src=\"https:\/\/www.carlofrancio.net\/blog\/wp-content\/uploads\/2009\/08\/080820091675-300x225.jpg\" alt=\"080820091675\" width=\"300\" height=\"225\" \/><\/a>Presenti, e come non mai unite, le due sponde dello Stretto\u00a0nella vincente consapevolezza che sempre l&#8217;amore disinteressato per la propria terra unito alla onest\u00e0 dei comportamenti f\u00e0 emergere la verit\u00e0 che rende liberi e non schiavi. In altre parti di questa Italia vorrebbe essere chiesto un esame di cultura regionale, <strong><span style=\"color: #0000ff;\">il Popolo dello Stretto ha una cultura di universale accoglienza.<\/span><\/strong><\/p>\n<p>Foto Manifestazione<\/p>\n\n<p><!--more--><\/p>\n","protected":false},"excerpt":{"rendered":"<p>Oggi 8 Agosto 2009 abbiamo assistito ad una Esemplare dimostrazione di civilt\u00e0 e\u00a0di amore per la propria terra e per un tesoro dell&#8217;umanit\u00e0 intera. La creazione non va violentata e &hellip; <\/p>\n","protected":false},"author":2,"featured_media":0,"comment_status":"open","ping_status":"open","sticky":false,"template":"","format":"standard","meta":{"footnotes":""},"categories":[71,10,67,20,7,63,56,46,48,59],"tags":[426,431,52],"class_list":["post-2764","post","type-post","status-publish","format-standard","hentry","category-ass-terra-e-cielo","category-cultura","category-gi-fra-di-pompei","category-insegnanti-per-la-pace","category-legambiente_peloritani","category-promozione-umana","category-servizi-attivita-ecumeniche","category-scuola","category-sociale","category-walking-together","tag-cultura","tag-sociale","tag-volontariato"],"_links":{"self":[{"href":"https:\/\/www.carlofrancio.net\/index.php?rest_route=\/wp\/v2\/posts\/2764","targetHints":{"allow":["GET"]}}],"collection":[{"href":"https:\/\/www.carlofrancio.net\/index.php?rest_route=\/wp\/v2\/posts"}],"about":[{"href":"https:\/\/www.carlofrancio.net\/index.php?rest_route=\/wp\/v2\/types\/post"}],"author":[{"embeddable":true,"href":"https:\/\/www.carlofrancio.net\/index.php?rest_route=\/wp\/v2\/users\/2"}],"replies":[{"embeddable":true,"href":"https:\/\/www.carlofrancio.net\/index.php?rest_route=%2Fwp%2Fv2%2Fcomments&post=2764"}],"version-history":[{"count":1,"href":"https:\/\/www.carlofrancio.net\/index.php?rest_route=\/wp\/v2\/posts\/2764\/revisions"}],"predecessor-version":[{"id":9442,"href":"https:\/\/www.carlofrancio.net\/index.php?rest_route=\/wp\/v2\/posts\/2764\/revisions\/9442"}],"wp:attachment":[{"href":"https:\/\/www.carlofrancio.net\/index.php?rest_route=%2Fwp%2Fv2%2Fmedia&parent=2764"}],"wp:term":[{"taxonomy":"category","embeddable":true,"href":"https:\/\/www.carlofrancio.net\/index.php?rest_route=%2Fwp%2Fv2%2Fcategories&post=2764"},{"taxonomy":"post_tag","embeddable":true,"href":"https:\/\/www.carlofrancio.net\/index.php?rest_route=%2Fwp%2Fv2%2Ftags&post=2764"}],"curies":[{"name":"wp","href":"https:\/\/api.w.org\/{rel}","templated":true}]}}