{"id":2703,"date":"2009-07-22T16:22:53","date_gmt":"2009-07-22T15:22:53","guid":{"rendered":"https:\/\/www.carlofrancio.net\/blog\/?p=2703"},"modified":"2009-07-22T16:22:53","modified_gmt":"2009-07-22T15:22:53","slug":"benedetto-xvi-enciclica-sle-%c2%abcaritas-in-veritate%c2%bb","status":"publish","type":"post","link":"https:\/\/www.carlofrancio.net\/?p=2703","title":{"rendered":"Benedetto XVI-Enciclica S.le \u00abCARITAS IN VERITATE\u00bb"},"content":{"rendered":"<p><a href=\"https:\/\/www.carlofrancio.net\/blog\/wp-content\/uploads\/2009\/07\/caritas_in_veritate.jpg\"><img loading=\"lazy\" decoding=\"async\" class=\"alignleft size-medium wp-image-2705\" title=\"caritas_in_veritate\" src=\"https:\/\/www.carlofrancio.net\/blog\/wp-content\/uploads\/2009\/07\/caritas_in_veritate-201x300.jpg\" alt=\"caritas_in_veritate\" width=\"161\" height=\"240\" \/><\/a><span style=\"color: #ff8a18;\"><span style=\"color: #ff00ff;\"><strong>Anche le Associazioni di Consumatori possono fare Promozione Umana. <\/strong><\/span>Caritas in veritate (10\/07\/2009 ) <\/span><span style=\"color: #ff8a18;\"><em><span style=\"color: #ff8a18;\"><em><span style=\"color: #ff8a18;\"><em><span style=\"color: #ff8a18;\"><em><span style=\"color: #ff8a18;\"><em><span style=\"color: #ff8a18;\"><em><span style=\"color: #ff8a18;\"><em><span style=\"color: #ff8a18;\"><em><span style=\"color: #ff8a18;\"><em><span style=\"color: #ff8a18;\"><em><span style=\"color: #ff8a18;\"><em><span style=\"color: #ff8a18;\"><em><span style=\"color: #ff8a18;\"><em><span style=\"color: #ff8a18;\"><em><span style=\"color: #ff8a18;\"><em><span style=\"color: #ff8a18;\"><em><span style=\"color: #ff8a18;\"><em><span style=\"color: #ff8a18;\"><em><span style=\"color: #ff8a18;\"><em><span style=\"color: #ff8a18;\"><em><span style=\"color: #ff8a18;\"><em><span style=\"color: #ff8a18;\"><em><span style=\"color: #ff8a18;\"><em><span style=\"color: #ff8a18;\"><em><span style=\"color: #ff8a18;\"><em><span style=\"color: #ff8a18;\"><em><span style=\"color: #ff8a18;\"><em><span style=\"color: #ff8a18;\"><em><span style=\"color: #ff8a18;\"><em><span style=\"color: #ff8a18;\"><em><span style=\"color: #ff8a18;\"><em><span style=\"color: #ff8a18;\"><em><a href=\"https:\/\/www.carlofrancio.net\/blog\/wp-content\/uploads\/2009\/07\/soldisette-altroconsumo.jpg\"><img loading=\"lazy\" decoding=\"async\" class=\"size-medium wp-image-2713 alignright\" title=\"soldisette-altroconsumo\" src=\"https:\/\/www.carlofrancio.net\/blog\/wp-content\/uploads\/2009\/07\/soldisette-altroconsumo-300x77.jpg\" alt=\"soldisette-altroconsumo\" width=\"270\" height=\"69\" \/><\/a><\/em><\/span><\/em><\/span><\/em><\/span><\/em><\/span><\/em><\/span><\/em><\/span><\/em><\/span><\/em><\/span><\/em><\/span><\/em><\/span><\/em><\/span><\/em><\/span><\/em><\/span><\/em><\/span><\/em><\/span><\/em><\/span><\/em><\/span><\/em><\/span><\/em><\/span><\/em><\/span><\/em><\/span><\/em><\/span><\/em><\/span><\/em><\/span><\/em><\/span><\/em><\/span><\/em><\/span><\/em><\/span><\/em><\/span><\/em><\/span><\/em><\/span>Ecco qualche riflessione sull&#8217;ultima ciclica di Papa Benedetto XVI.<\/em><\/span><\/p>\n<p>Voglio accostare alle riflessioni sui ragionamenti di tipo economico presenti nell&#8217;Enciclica CARITAS IN VERITATE,\u00a0la straordinaria valenza della &#8220;Parola&#8221; del <span style=\"color: #000080;\"><strong>Vescovo Franco Montenegro<\/strong><\/span>, (articolo in pagina), sugli <span style=\"color: #000080;\"><strong>Immigrati<\/strong><\/span>.<a href=\"https:\/\/www.carlofrancio.net\/blog\/wp-content\/uploads\/2009\/07\/benedetti_cassettisti.gif\"><img loading=\"lazy\" decoding=\"async\" class=\"alignright size-large wp-image-2707\" title=\"benedetti_cassettisti\" src=\"https:\/\/www.carlofrancio.net\/blog\/wp-content\/uploads\/2009\/07\/benedetti_cassettisti-371x600.gif\" alt=\"benedetti_cassettisti\" width=\"266\" height=\"502\" \/><\/a><span style=\"color: #0000ff;\"> \u00abLoro cercano pace, dignit\u00e0, scuola, cibo. Vogliono vivere&#8230; &#8211; C&#8217;\u00e8 Ges\u00f9 nel volto dell&#8217;uomo che ci \u00e8 accanto, anche se immigrato. &#8220;Ero forestiero e mi avete accolto&#8221;. L&#8217;accoglienza non \u00e8 fare una semplice elemosina, ma accogliere la persona che ho di fronte. Accogliere lo straniero \u00e8 fare spazio nella citt\u00e0, nelle leggi, nella casa, nelle amicizie. L&#8217;accoglienza \u00e8 diversa dalla beneficenza. <\/span><\/p>\n<p><span style=\"color: #003300;\"><strong><span style=\"color: #008000;\">Usare bene il denaro! Investirlo per dare lavoro all&#8217;uomo anche immigrato.<\/span><\/strong><\/span><\/p>\n<p><span style=\"color: #ff0000;\"><strong>No nel profitto! Nella rendita parassitaria, nelle &#8216;case per gli studenti&#8230;<\/strong><\/span><\/p>\n<p>Il 7 luglio il <span style=\"color: #000080;\"><em><strong>Papa<\/strong><\/em><\/span> ha presentato la sua terza enciclica, la <span style=\"color: #000080;\"><em><strong>Caritas in veritate<\/strong><\/em><\/span>, ossia carit\u00e0 nella verit\u00e0, in cui, con una solida base teologica presenta al mondo la dottrina sociale della chiesa. Una dottrina che riguarda anche l&#8217;agire economico dell&#8217;uomo e che offre ricchi spunti di riflessione. L&#8217;enciclica \u00e8 piuttosto lunga (127 pagine nella versione della libreria editrice vaticana) e complessa. Chi fosse interessato a leggerla integralmente, oltre che in edicola, la trova sul sito della Citt\u00e0 del Vaticano al link <a href=\"http:\/\/www.vatican.va\/holy_father\/benedict_xvi\/encyclicals\/documents\/hf_ben-xvi_enc_20090629_caritas-in-veritate_it.html\"><em>http:\/\/www.vatican.va\/holy_father\/benedict_xvi\/encyclicals\/documents\/hf_ben-xvi_enc_20090629_caritas-in-veritate_it.html<\/em><\/a><\/p>\n<p style=\"margin-bottom: 0.5cm;\"><strong>La struttura dell&#8217;enciclica<\/strong><\/p>\n<p style=\"margin-bottom: 0.5cm;\">L&#8217;enciclica si compone di 6 capitoli che, riprendendo il messaggio dell&#8217;enciclica <span style=\"color: #000080;\"><em><strong>Popolorum progressio<\/strong><\/em><\/span><em> <\/em>di <span style=\"color: #000080;\"><span style=\"font-style: normal;\"><span style=\"font-weight: normal;\">Papa<\/span><\/span><\/span> <span style=\"color: #000080;\"><em><strong>Paolo VI<\/strong><\/em><\/span> (del 1967, scritta in pieno fermento post conciliare), puntano i riflettori su sviluppo umano, sviluppo economico, sviluppo dei popoli, collaborazione della famiglia umana, rapporto tra sviluppo dei popoli e tecnica.<\/p>\n<p style=\"margin-bottom: 0.5cm;\">Non intende innovare il pensiero della <span style=\"color: #000080;\"><em><strong>Chiesa<\/strong><\/em><\/span>, ma intende ripresentarlo in un dialogo stretto con la contemporaneit\u00e0, inserendosi nella scia del pensiero che la <span style=\"color: #000080;\"><em><strong>Chiesa<\/strong><\/em><\/span> ha iniziato a delineare pi\u00f9 di un secolo fa dalla <span style=\"color: #000080;\"><em><strong>Rerum novarum<\/strong><\/em><\/span> di <span style=\"color: #000080;\"><em><strong>Leone XIII<\/strong><\/em><\/span>.<\/p>\n<p style=\"margin-bottom: 0.5cm;\">La caratteristica che colpisce pi\u00f9 dell&#8217;enciclica non \u00e8 che cosa vi viene detto, ma la struttura coerente in cui viene descritta la dottrina sociale della <span style=\"color: #000080;\"><em><strong>Chiesa<\/strong><\/em><\/span> e confrontata con i problemi di oggi. In questa enciclica sembrano pesare pi\u00f9 che i singoli pensieri che possono venirne estrapolati, la logica stringente in cui sono ridotti ad unit\u00e0. Quindi prima di delineare brevemente qualche spunto di riflessione sull&#8217;economia e sul risparmio, occorre confrontarsi col messaggio di fondo dell&#8217;enciclica.<\/p>\n<p style=\"margin-bottom: 0.5cm;\"><strong>Il suo messaggio di fondo<\/strong><\/p>\n<p style=\"margin-bottom: 0.5cm;\">Il <span style=\"color: #000080;\"><em><strong>Papa<\/strong><\/em><\/span> parte dal concetto cristiano di <span style=\"color: #008000;\"><em><strong>Carit\u00e0<\/strong><\/em><\/span><span style=\"color: #008000;\"> <\/span>(l&#8217;amore cristiano), ma sente il bisogno di puntualizzare che la carit\u00e0 <span style=\"color: #000080;\"><em><strong>va compresa, avvalorata e praticata nella luce della verit\u00e0,<\/strong><\/em><\/span> perch\u00e9 <span style=\"color: #000080;\"><em><strong>senza verit\u00e0 la carit\u00e0 scivola nel sentimentalismo. <\/strong><\/em><\/span><\/p>\n<p style=\"margin-bottom: 0.5cm;\">Che cos&#8217;\u00e8 la verit\u00e0? Il <span style=\"color: #000080;\"><em><strong>Papa<\/strong><\/em><\/span> affronta il tema in diversi modi: la definisce come la luce della ragione e della fede, <span style=\"color: #000080;\"><em><strong>attraverso cui l&#8217;intelligenza perviene alla verit\u00e0 naturale e soprannaturale della verit\u00e0.<\/strong><\/em><\/span> Ma la <span style=\"color: #000080;\"><em><strong>Verit\u00e0<\/strong><\/em><\/span> \u00e8 anche la persona di <span style=\"color: #000080;\"><em><strong>Cristo<\/strong><\/em><\/span> e ci\u00f2 che rende la carit\u00e0 ci\u00f2 che <span style=\"color: #000080;\"><em><strong>da sostanza alla relazione personale con Dio. <\/strong><\/em><\/span><\/p>\n<p style=\"margin-bottom: 0.5cm;\">Per il <span style=\"color: #000080;\"><em><strong>Papa<\/strong><\/em><\/span> <em>solo l&#8217;incontro con Dio permette di non &#8220;vedere nell&#8217;altro sempre soltanto l&#8217;altro&#8221;, ma di riconoscere in lui l&#8217;immagine divina, giungendo cos\u00ec a scoprire veramente l&#8217;altro e a maturare un amore che &#8220;diventa cura dell&#8217;altro e per l&#8217;altro&#8221;<\/em>.<\/p>\n<p style=\"margin-bottom: 0.5cm;\">Il fatto, quindi, che l&#8217;uomo sia immagine di Dio, fa s\u00ec che tutto il discorso del Papa si incentri sulla <span style=\"color: #000080;\"><em><strong>promozione integrale dell&#8217;uomo<\/strong><\/em><\/span>.<\/p>\n<p style=\"margin-bottom: 0.5cm;\">Al fine della promozione integrale dell&#8217;uomo il Papa declina il suo pensiero in campo economico.<span style=\"color: #008000;\"><strong> L&#8217;economia funziona ed \u00e8 morale se promuove l&#8217;uomo nella sua integrit\u00e0<\/strong><\/span>, ma <strong><span style=\"color: #ff0000;\">non funziona e non \u00e8 morale se non lo promuove nella sua integrit\u00e0<\/span><\/strong>. Vediamo alcune riflessioni specifiche.<\/p>\n<p style=\"margin-bottom: 0.5cm;\"><span style=\"color: #000080;\"><em><strong><!--more-->La protezione sociale. <\/strong><\/em><\/span><\/p>\n<p style=\"margin-bottom: 0.5cm;\">Il Papa \u00e8 preoccupato degli effetti della globalizzazione dal punto di vista della tenuta dei sistemi di protezione sociale. Al paragrafo 25 dice.<\/p>\n<p style=\"margin-bottom: 0.5cm;\"><em>Conseguentemente, il mercato ha stimolato forme nuove di competizione tra Stati allo scopo di attirare centri produttivi di imprese straniere, mediante vari strumenti, tra cui un fisco favorevole e la deregolamentazione del mondo del lavoro. Questi processi hanno comportato la riduzione delle reti di sicurezza sociale in cambio della ricerca di maggiori vantaggi competitivi nel mercato globale, con grave pericolo per i diritti dei lavoratori, per i diritti fondamentali dell&#8217;uomo e per la solidariet\u00e0 attuata nelle tradizionali forme dello Stato sociale. I sistemi di sicurezza sociale possono perdere la capacit\u00e0 di assolvere al loro compito, sia nei Paesi emergenti, sia in quelli di antico sviluppo, oltre che nei Paesi poveri.<\/em><\/p>\n<p style=\"margin-bottom: 0.5cm;\">E fa presente l&#8217;importanza di una sindacalizzazione che vada al di l\u00e0 dei confini nazionali.<\/p>\n<p style=\"margin-bottom: 0.5cm;\"><em>L&#8217;invito della dottrina sociale della Chiesa, cominciando dalla Rerum novarum a dar vita ad associazioni di lavoratori per la difesa dei propri diritti va pertanto onorato oggi ancor pi\u00f9 di ieri, dando innanzitutto una risposta pronta e lungimirante all&#8217;urgenza di instaurare nuove sinergie a livello internazionale, oltre che locale.<\/em><\/p>\n<p style=\"margin-bottom: 0.5cm;\">Il Papa \u00e8 dunque preoccupato del mondo di incertezza in cui si ritrovano i lavoratori, ma lo fa sottendendo un principio di efficienza economica.<\/p>\n<p style=\"margin-bottom: 0.5cm;\"><em>Conseguenza di ci\u00f2 \u00e8 il formarsi di situazioni di degrado umano, oltre che di spreco sociale. Rispetto a quanto accadeva nella societ\u00e0 industriale del passato, oggi la disoccupazione provoca aspetti nuovi di irrilevanza economica e l&#8217;attuale crisi pu\u00f2 solo peggiorare tale situazione. L&#8217;estromissione dal lavoro per lungo tempo, oppure la dipendenza prolungata dall&#8217;assistenza pubblica o privata, minano la libert\u00e0 e la creativit\u00e0 della persona e i suoi rapporti familiari e sociali con forti sofferenze sul piano psicologico e spirituale.<\/em><\/p>\n<p style=\"margin-bottom: 0.5cm;\">Questo pensiero viene espresso in maniera pi\u00f9 incisiva nel paragrafo 32 l\u00e0 dove si parla di erosione del capiale sociale e della fiducia.<\/p>\n<p style=\"margin-bottom: 0.5cm;\"><span style=\"color: #000080;\"><em><strong>La fiducia <\/strong><\/em><\/span><\/p>\n<p style=\"margin-bottom: 0.5cm;\">La fiducia, seguendo un tema caro agli economisti \u00e8 ci\u00f2 che fa funzionare i mercati, ma la mancata ricerca del benessere dell&#8217;uomo inteso nella sua integrit\u00e0 ne mina alla radice il fondamento.<\/p>\n<p style=\"margin-bottom: 0.5cm;\"><em>La dignit\u00e0 della persona e le esigenze della giustizia richiedono che, soprattutto oggi, le scelte economiche non facciano aumentare in modo eccessivo e moralmente inaccettabile le differenze di ricchezza e che si continui a perseguire quale priorit\u00e0 l&#8217;obiettivo dell&#8217;accesso al lavoro o del suo mantenimento, per tutti. A ben vedere, ci\u00f2 \u00e8 esigito anche dalla \u00ab ragione economica \u00bb. L&#8217;aumento sistemico delle ineguaglianze tra gruppi sociali all&#8217;interno di un medesimo Paese e tra le popolazioni dei vari Paesi, ossia l&#8217;aumento massiccio della povert\u00e0 in senso relativo, non solamente tende a erodere la coesione sociale, e per questa via mette a rischio la democrazia, ma ha anche un impatto negativo sul piano economico, attraverso la progressiva erosione del \u00ab capitale sociale \u00bb, ossia di quell&#8217;insieme di relazioni di fiducia, di affidabilit\u00e0, di rispetto delle regole, indispensabili ad ogni convivenza civile.<\/em><\/p>\n<p style=\"margin-bottom: 0.5cm;\"><em>\u00c8 sempre la scienza economica a dirci che una strutturale situazione di insicurezza genera atteggiamenti antiproduttivi e di spreco di risorse umane, in quanto il lavoratore tende ad adattarsi passivamente ai meccanismi automatici, anzich\u00e9 liberare creativit\u00e0. Anche su questo punto c&#8217;\u00e8 una convergenza tra scienza economica e valutazione morale. I costi umani sono sempre anche costi economici e le disfunzioni economiche comportano sempre anche costi umani<\/em><em><strong>.<\/strong><\/em><\/p>\n<p style=\"margin-bottom: 0.5cm;\"><span style=\"color: #000080;\"><em><strong>La stabilit\u00e0 delle relazioni economiche <\/strong><\/em><\/span><\/p>\n<p style=\"margin-bottom: 0.5cm;\">Un tema legato alla fiducia \u00e8 anche l&#8217;importanza della stabilit\u00e0 delle relazioni economiche che, unica, offre uno sviluppo della ricchezza del benessere nel lungo periodo. Al paragrafo 40 il Papa affronta la figura dell&#8217;imprenditore.<\/p>\n<p style=\"margin-bottom: 0.5cm;\"><em>Sempre meno le imprese, grazie alla crescita di dimensione ed al bisogno di sempre maggiori capitali, fanno capo a un imprenditore stabile che si senta responsabile a lungo termine, e non solo a breve, della vita e dei risultati della sua impresa, e sempre meno dipendono da un unico territorio. Inoltre la cosiddetta delocalizzazione dell&#8217;attivit\u00e0 produttiva pu\u00f2 attenuare nell&#8217;imprenditore il senso di responsabilit\u00e0 nei confronti di portatori di interessi, quali i lavoratori, i fornitori, i consumatori, l&#8217;ambiente naturale e la pi\u00f9 ampia societ\u00e0 circostante, a vantaggio degli azionisti, che non sono legati a uno spazio specifico e godono quindi di una straordinaria mobilit\u00e0. Il mercato internazionale dei capitali, infatti, offre oggi una grande libert\u00e0 di azione. \u00c8 per\u00f2 anche vero che si sta dilatando la consapevolezza circa la necessit\u00e0 di una pi\u00f9 ampia <span style=\"color: #ff00ff;\"><strong>\u201cresponsabilit\u00e0 sociale\u201d<\/strong><\/span> dell&#8217;impresa. <\/em><\/p>\n<p style=\"margin-bottom: 0.5cm;\">In particolare <em>Bisogna evitare che il motivo per l&#8217;impiego delle risorse finanziarie sia speculativo e ceda alla tentazione di ricercare solo profitto di breve termine, e non anche la sostenibilit\u00e0 dell&#8217;impresa a lungo termine, il suo puntuale servizio all&#8217;economia reale e l&#8217;attenzione alla promozione, in modo adeguato ed opportuno, di iniziative economiche anche nei Paesi bisognosi di sviluppo.<\/em><\/p>\n<p style=\"margin-bottom: 0.5cm;\"><span style=\"color: #000080;\"><em><strong>La denatalit\u00e0<\/strong><\/em><\/span><\/p>\n<p style=\"margin-bottom: 0.5cm;\">Il pensiero del Papa affronta anche il problema della denatalit\u00e0, tuttavia non lo fa solo dal punto di vista della morale sessuale, come si potrebbe credere, ma dal punto di vista economico, entrando in un dibattito che va avanti da decenni sullo sviluppo sostenibile (si pensi al <em>Club di Roma<\/em> negli Anni Settanta). Di fatto il Papa individua nella denatalit\u00e0 uno dei problemi principali dei Paesi sviluppati che stanno perdendo terreno nel mondo (si pensi al caso del Giappone e a quello dell&#8217;Italia dove la denatalit\u00e0 sta avendo un costo anche in termini di crescita della ricchezza).<\/p>\n<p style=\"margin-bottom: 0.5cm;\">Al paragrafo 44 dice: <em>L&#8217;apertura moralmente responsabile alla vita \u00e8 una ricchezza sociale ed economica. Grandi Nazioni hanno potuto uscire dalla miseria anche grazie al grande numero e alle capacit\u00e0 dei loro abitanti. Al contrario, Nazioni un tempo floride conoscono ora una fase di incertezza e in qualche caso di declino proprio a causa della denatalit\u00e0, problema cruciale per le societ\u00e0 di avanzato benessere. La diminuzione delle nascite, talvolta al di sotto del cosiddetto \u00ab indice di sostituzione \u00bb, mette in crisi anche i sistemi di assistenza sociale, ne aumenta i costi, contrae l&#8217;accantonamento di risparmio e di conseguenza le risorse finanziarie necessarie agli investimenti, riduce la disponibilit\u00e0 di lavoratori qualificati, restringe il bacino dei \u00ab cervelli \u00bb a cui attingere per le necessit\u00e0 della Nazione. Inoltre, le famiglie di piccola, e talvolta piccolissima, dimensione corrono il rischio di impoverire le relazioni sociali, e di non garantire forme efficaci di solidariet\u00e0. Sono situazioni che presentano sintomi di scarsa fiducia nel futuro come pure di stanchezza morale.<\/em><\/p>\n<p style=\"margin-bottom: 0.5cm;\"><span style=\"color: #000080;\"><em><strong>Le associazioni dei consumatori<\/strong><\/em><\/span><\/p>\n<p style=\"margin-bottom: 0.5cm;\">Infine nell&#8217;encliclica non solo c&#8217;\u00e8 pi\u00f9 di un passaggio dedicato ai consumatori, ma anche uno dedicato alle associazioni di consumatori che vengono esortate a &#8220;educare&#8221; i consumatori e ad essere sufficientemente rappresentative. Citiamo il paragrafo 66.<\/p>\n<p style=\"margin-bottom: 0.5cm;\"><em>La interconnessione mondiale ha fatto emergere un nuovo potere politico, quello dei consumatori e delle loro associazioni. Si tratta di un fenomeno da approfondire, che contiene elementi positivi da incentivare e anche eccessi da evitare. \u00c8 bene che le persone si rendano conto che acquistare \u00e8 sempre un atto morale, oltre che economico. C&#8217;\u00e8 dunque una precisa responsabilit\u00e0 sociale del consumatore, che si accompagna alla responsabilit\u00e0 sociale dell&#8217;impresa. I consumatori vanno continuamente educati al ruolo che quotidianamente esercitano e che essi possono svolgere nel rispetto dei principi morali, senza sminuire la razionalit\u00e0 economica intrinseca all&#8217;atto dell&#8217;acquistare. Anche nel campo degli acquisti, proprio in momenti come quelli che si stanno sperimentando dove il potere di acquisto potr\u00e0 ridursi e si dovr\u00e0 consumare con maggior sobriet\u00e0, \u00e8 necessario percorrere altre strade, come per esempio forme di cooperazione all&#8217;acquisto, quali le cooperative di consumo, attive a partire dall&#8217;Ottocento anche grazie all&#8217;iniziativa dei cattolici. \u00c8 utile inoltre favorire forme nuove di commercializzazione di prodotti provenienti da aree depresse del pianeta per garantire una retribuzione decente ai produttori, a condizione che si tratti veramente di un mercato trasparente, che i produttori non ricevano solo maggiori margini di guadagno, ma anche maggiore formazione, professionalit\u00e0 e tecnologia, e infine che non s&#8217;associno a simili esperienze di economia per lo sviluppo visioni ideologiche di parte. Un pi\u00f9 incisivo ruolo dei consumatori, quando non vengano manipolati essi stessi da associazioni non veramente rappresentative, \u00e8 auspicabile come fattore di democrazia economica.<\/em><\/p>\n<p style=\"margin-bottom: 0cm;\">\n","protected":false},"excerpt":{"rendered":"<p>Anche le Associazioni di Consumatori possono fare Promozione Umana. Caritas in veritate (10\/07\/2009 ) Ecco qualche riflessione sull&#8217;ultima ciclica di Papa Benedetto XVI. Voglio accostare alle riflessioni sui ragionamenti di &hellip; <\/p>\n","protected":false},"author":2,"featured_media":0,"comment_status":"open","ping_status":"open","sticky":false,"template":"","format":"standard","meta":{"footnotes":""},"categories":[6,10,63,48],"tags":[425,426,431],"class_list":["post-2703","post","type-post","status-publish","format-standard","hentry","category-chiesa_cattolica","category-cultura","category-promozione-umana","category-sociale","tag-chiesa_cattolica","tag-cultura","tag-sociale"],"_links":{"self":[{"href":"https:\/\/www.carlofrancio.net\/index.php?rest_route=\/wp\/v2\/posts\/2703","targetHints":{"allow":["GET"]}}],"collection":[{"href":"https:\/\/www.carlofrancio.net\/index.php?rest_route=\/wp\/v2\/posts"}],"about":[{"href":"https:\/\/www.carlofrancio.net\/index.php?rest_route=\/wp\/v2\/types\/post"}],"author":[{"embeddable":true,"href":"https:\/\/www.carlofrancio.net\/index.php?rest_route=\/wp\/v2\/users\/2"}],"replies":[{"embeddable":true,"href":"https:\/\/www.carlofrancio.net\/index.php?rest_route=%2Fwp%2Fv2%2Fcomments&post=2703"}],"version-history":[{"count":0,"href":"https:\/\/www.carlofrancio.net\/index.php?rest_route=\/wp\/v2\/posts\/2703\/revisions"}],"wp:attachment":[{"href":"https:\/\/www.carlofrancio.net\/index.php?rest_route=%2Fwp%2Fv2%2Fmedia&parent=2703"}],"wp:term":[{"taxonomy":"category","embeddable":true,"href":"https:\/\/www.carlofrancio.net\/index.php?rest_route=%2Fwp%2Fv2%2Fcategories&post=2703"},{"taxonomy":"post_tag","embeddable":true,"href":"https:\/\/www.carlofrancio.net\/index.php?rest_route=%2Fwp%2Fv2%2Ftags&post=2703"}],"curies":[{"name":"wp","href":"https:\/\/api.w.org\/{rel}","templated":true}]}}