{"id":2520,"date":"2009-06-24T22:07:59","date_gmt":"2009-06-24T21:07:59","guid":{"rendered":"https:\/\/www.carlofrancio.net\/blog\/?p=2520"},"modified":"2012-07-02T16:37:15","modified_gmt":"2012-07-02T16:37:15","slug":"%c2%abhandicap-a-messina-attualita-e-prospettive%c2%bb","status":"publish","type":"post","link":"https:\/\/www.carlofrancio.net\/?p=2520","title":{"rendered":"Messina &#8211; \u00abHandicap a Messina: attualit\u00e0 e prospettive\u00bb"},"content":{"rendered":"<p><a href=\"https:\/\/www.carlofrancio.net\/blog\/wp-content\/uploads\/2009\/06\/image.jpg\"><img loading=\"lazy\" decoding=\"async\" class=\"alignleft size-medium wp-image-2525\" title=\"image\" src=\"https:\/\/www.carlofrancio.net\/blog\/wp-content\/uploads\/2009\/06\/image-153x300.jpg\" alt=\"image\" width=\"153\" height=\"300\" \/><\/a>Si \u00e8 svolto, <span style=\"color: #993366;\">\u00a0luned\u00ec 23 giugno 2009<\/span>, presso <span style=\"color: #000080;\"><strong>l&#8217;Oratorio Don Orione<\/strong><\/span>, alla presenza di un folto e qualificato uditorio, il Convegno \u00abHandicap a Messina: attualit\u00e0 e prospettive\u00bb.<\/p>\n<p><span style=\"color: #0000ff;\"><strong>&#8220;UNA POLITICA DI SVILUPPO SEGNO DI RINASCITA SOCIALE E CULTURALE&#8221;<\/strong><\/span><\/p>\n<p>Nutrito anche il tavolo degli oratori, che sono stati moderati da <span style=\"color: #800080;\">Geri Villaroel<\/span>.<\/p>\n<p><a href=\"https:\/\/www.carlofrancio.net\/blog\/wp-content\/uploads\/2009\/06\/230620091483.jpg\"><img loading=\"lazy\" decoding=\"async\" class=\"alignright size-medium wp-image-2526\" title=\"230620091483\" src=\"https:\/\/www.carlofrancio.net\/blog\/wp-content\/uploads\/2009\/06\/230620091483-300x225.jpg\" alt=\"230620091483\" width=\"300\" height=\"225\" \/><\/a>Dopo il benvenuto del padrone di casa <span style=\"color: #0000ff;\"><strong>Don Felice Bruno<\/strong><\/span>, <span style=\"color: #3366ff;\">direttore dell&#8217;Istituto don Orione di Messina<\/span>, che con un\u00a0 breve ma costruttivo discorso ha messo in evidenza i positivi risultati conseguiti nel corso degli ultimi anni, Villaroel ha dato la parola per i saluti agli on.li nazionale e regionali <span style=\"color: #800080;\">Rocco Crimi<\/span>,\u00a0 <span style=\"color: #800080;\">Giuseppe Buzzanca<\/span> e <span style=\"color: #800080;\">Nino Beninati<\/span>.<\/p>\n<p><a href=\"https:\/\/www.carlofrancio.net\/blog\/wp-content\/uploads\/2009\/06\/230620091489.jpg\"><img loading=\"lazy\" decoding=\"async\" class=\"alignleft size-medium wp-image-2527\" title=\"230620091489\" src=\"https:\/\/www.carlofrancio.net\/blog\/wp-content\/uploads\/2009\/06\/230620091489-300x225.jpg\" alt=\"230620091489\" width=\"300\" height=\"225\" \/><\/a>Il primo intervento \u00e8 stato di <span style=\"color: #0000ff;\"><strong>Don Domenico Crucitti<\/strong><\/span>,\u00a0<span style=\"color: #3366ff;\">Direttore Provinciale dell&#8217;Opera Don Orione, P.R.&#8221;Santi Apostoli Pietro e Paolo<\/span>&#8220;. Vibrante e coinvolgente il ricordo dell&#8217;opera svolta, per tre anni a partire dal 14 Gennaio 1909,\u00a0da <span style=\"color: #0000ff;\"><strong>Don Orione<\/strong> <\/span>a Messina anche come delegato laico.<\/p>\n<p>L&#8217;attualit\u00e0 della sua opera si esprime nel convincimento che &#8216;chi \u00e8 pi\u00f9 sfortunato&#8217;, non \u00e8 un ospite ma il padrone e deve essere servito come ci ha insegnato Ges\u00f9 conpiendo il Gioved\u00ec Santo il gesto della &#8220;<span style=\"color: #00ccff;\">lavanda dei piedi<\/span>&#8220;.<\/p>\n<p><a href=\"https:\/\/www.carlofrancio.net\/blog\/wp-content\/uploads\/2009\/06\/230620091482.jpg\"><img loading=\"lazy\" decoding=\"async\" class=\"size-medium wp-image-2529 alignright\" title=\"230620091482\" src=\"https:\/\/www.carlofrancio.net\/blog\/wp-content\/uploads\/2009\/06\/230620091482-300x225.jpg\" alt=\"230620091482\" width=\"270\" height=\"203\" \/><\/a>Ad un ricco che voleva fare una opera cattolica, rispose che la Carit\u00e0 non ha occhiali monocromatici ma multicolori e comprende tutti gli uomini, figli dello stesso padre, \u00a0senza distinzione di religione, sesso e colore.<\/p>\n<p>Splendidi i richiami di alcune lettere nelle quali, il <span style=\"color: #0000ff;\"><strong>Santo Luigi Orione<\/strong><\/span>\u00a0evidenzia il suo amore per i fratelli pi\u00f9 deboli, la sua non era una carit\u00e0 spicciola, ma una carit\u00e0 evangelica strutturata; esemplare i dettagli della costruzione dei Piccoli Cottolenghi. Non lasciava niente al caso, ma si industriava a studiare ed imparare per poter essere un trasformatore della Carit\u00e0.<\/p>\n<p><a href=\"https:\/\/www.carlofrancio.net\/blog\/wp-content\/uploads\/2009\/06\/230620091496.jpg\"><img loading=\"lazy\" decoding=\"async\" class=\"alignleft size-thumbnail wp-image-2530\" title=\"230620091496\" src=\"https:\/\/www.carlofrancio.net\/blog\/wp-content\/uploads\/2009\/06\/230620091496-150x150.jpg\" alt=\"230620091496\" width=\"150\" height=\"150\" \/><\/a>Dopo i sentiti applausi, \u00a0ha preso la parola Angela Passari che ha dettagliato sui trascorsi di questo gruppo.<\/p>\n<p>L&#8217;audio dell&#8217;intervento di Don Domenico Crucitti, per ascoltare cliccare sulla freccia <strong>&gt; in basso <\/strong>[mp3]https:\/\/www.carlofrancio.net\/blog\/wp-content\/uploads\/2009\/06\/convegno-23_06_09-dondomenicocrucitti[\/mp3]<\/p>\n","protected":false},"excerpt":{"rendered":"<p>Si \u00e8 svolto, \u00a0luned\u00ec 23 giugno 2009, presso l&#8217;Oratorio Don Orione, alla presenza di un folto e qualificato uditorio, il Convegno \u00abHandicap a Messina: attualit\u00e0 e prospettive\u00bb. &#8220;UNA POLITICA DI &hellip; <\/p>\n","protected":false},"author":2,"featured_media":0,"comment_status":"open","ping_status":"open","sticky":false,"template":"","format":"standard","meta":{"footnotes":""},"categories":[10,55,63],"tags":[27,428,431,52],"class_list":["post-2520","post","type-post","status-publish","format-standard","hentry","category-cultura","category-movimento-laici-orionini","category-promozione-umana","tag-chiesa-cattolica","tag-istituzioni","tag-sociale","tag-volontariato"],"_links":{"self":[{"href":"https:\/\/www.carlofrancio.net\/index.php?rest_route=\/wp\/v2\/posts\/2520","targetHints":{"allow":["GET"]}}],"collection":[{"href":"https:\/\/www.carlofrancio.net\/index.php?rest_route=\/wp\/v2\/posts"}],"about":[{"href":"https:\/\/www.carlofrancio.net\/index.php?rest_route=\/wp\/v2\/types\/post"}],"author":[{"embeddable":true,"href":"https:\/\/www.carlofrancio.net\/index.php?rest_route=\/wp\/v2\/users\/2"}],"replies":[{"embeddable":true,"href":"https:\/\/www.carlofrancio.net\/index.php?rest_route=%2Fwp%2Fv2%2Fcomments&post=2520"}],"version-history":[{"count":3,"href":"https:\/\/www.carlofrancio.net\/index.php?rest_route=\/wp\/v2\/posts\/2520\/revisions"}],"predecessor-version":[{"id":12675,"href":"https:\/\/www.carlofrancio.net\/index.php?rest_route=\/wp\/v2\/posts\/2520\/revisions\/12675"}],"wp:attachment":[{"href":"https:\/\/www.carlofrancio.net\/index.php?rest_route=%2Fwp%2Fv2%2Fmedia&parent=2520"}],"wp:term":[{"taxonomy":"category","embeddable":true,"href":"https:\/\/www.carlofrancio.net\/index.php?rest_route=%2Fwp%2Fv2%2Fcategories&post=2520"},{"taxonomy":"post_tag","embeddable":true,"href":"https:\/\/www.carlofrancio.net\/index.php?rest_route=%2Fwp%2Fv2%2Ftags&post=2520"}],"curies":[{"name":"wp","href":"https:\/\/api.w.org\/{rel}","templated":true}]}}