{"id":2497,"date":"2009-06-24T06:00:29","date_gmt":"2009-06-24T05:00:29","guid":{"rendered":"https:\/\/www.carlofrancio.net\/blog\/?p=2497"},"modified":"2009-06-24T06:00:29","modified_gmt":"2009-06-24T05:00:29","slug":"%e2%80%9cla-parola-della-croce%e2%80%9d-%c2%abform-ecumenica%c2%bb","status":"publish","type":"post","link":"https:\/\/www.carlofrancio.net\/?p=2497","title":{"rendered":"\u201cLA PAROLA DELLA CROCE\u201d -\u00abForm. Ecumenica\u00bb"},"content":{"rendered":"<h2 style=\"MARGIN-BOTTOM: 0cm; MARGIN-RIGHT: 0.11cm\">\n<p style=\"text-align: center; line-height: 0.11cm; margin-bottom: 0cm; margin-right: -0.43cm;\"><span style=\"font-size: medium;\"><em><strong>Interrogativi e speranze <\/strong><\/em><\/span><span style=\"font-size: medium;\"><em><strong>per l\u2019ecumenismo e il <\/strong><\/em><\/span><\/p>\n<p style=\"text-align: center; line-height: 0.11cm; margin-bottom: 0cm; margin-right: -0.43cm;\"><span style=\"font-size: medium;\"><em><strong>dialogo.<\/strong><\/em><\/span><\/p>\n<\/h2>\n<h2 style=\"text-align: center; margin-bottom: 0cm; margin-right: 0.11cm;\">&#8220;<span style=\"color: #993300;\">26 luglio \u2013 1 agosto 2009&#8243;<\/span><\/h2>\n<h3 style=\"text-align: center; margin-bottom: 0cm; margin-right: 0.11cm;\"><span style=\"font-size: large;\"><span style=\"color: #003366;\">Centro Congressi Excelsior &#8211;<\/span><\/span><span style=\"font-size: large;\"><span style=\"color: #003366;\">Chianciano Terme\u00a0 <\/span><\/span><\/h3>\n<p style=\"TEXT-ALIGN: left; LINE-HEIGHT: 0.11cm; MARGIN-BOTTOM: 0cm; MARGIN-RIGHT: -0.43cm\"><span style=\"font-size: medium;\"><em><strong>\u00a0<\/strong><\/em><\/span><strong>46<sup>a<\/sup> Sessione di Formazione Ecumenica<\/strong><\/p>\n<p style=\"text-align: center; margin-bottom: 0cm;\"><a title=\"Convegno SAE\" href=\"http:\/\/carlofrancio.net\/blog\/?page_id=2505\" target=\"_blank\">\u00a0\u00a0<span style=\"text-decoration: underline;\"><strong>PROGRAMMA<\/strong><\/span><\/a><!--more--><\/p>\n<p style=\"MARGIN-BOTTOM: 0cm\" align=\"center\">\u00a0\u00a0<strong><span style=\"text-decoration: underline;\">PROGRAMMA<\/span><\/strong><\/p>\n<p style=\"MARGIN-BOTTOM: 0cm; MARGIN-LEFT: 0.5cm; MARGIN-RIGHT: 0.21cm\"><span style=\"color: #b80047;\"><span style=\"font-size: x-small;\"><strong>DOMENICA 26 LUGLIO<\/strong><\/span><\/span><\/p>\n<p style=\"LINE-HEIGHT: 50%; MARGIN-BOTTOM: 0cm; MARGIN-LEFT: 0.32cm; MARGIN-RIGHT: 0.21cm\"><span style=\"color: #ff0000;\"><span style=\"color: #000000;\"><span style=\"font-size: x-small;\"><span style=\"color: #ff0000;\"><strong><span style=\"text-decoration: underline;\">Arrivi e accoglienza<\/span><\/strong><\/span><\/span><\/span><\/span><\/p>\n<p style=\"MARGIN-BOTTOM: 0cm; MARGIN-LEFT: 0.5cm; MARGIN-RIGHT: 0.21cm\"><span style=\"color: #ff0000;\"><span style=\"color: #000000;\"><span style=\"font-size: x-small;\">18.30 <\/span><\/span><span style=\"color: #000000;\"><span style=\"font-size: x-small;\"><strong><span style=\"color: #800080;\">Spazio giovani<\/span><\/strong><\/span><\/span><\/span><\/p>\n<p style=\"MARGIN-BOTTOM: 0cm; MARGIN-LEFT: 0.5cm; MARGIN-RIGHT: 0.21cm\"><span style=\"color: #ff0000;\"><span style=\"color: #000000;\"><span style=\"font-size: x-small;\"><strong><\/strong><\/span><\/span><\/span><span style=\"color: #ff0000;\"><span style=\"color: #000000;\"><span style=\"font-size: x-small;\"><strong><span style=\"color: #0000ff;\">\u00a0<\/span><\/strong><\/span><\/span><\/span><span style=\"color: #ff0000;\"><span style=\"color: #000000;\"><span style=\"font-size: x-small;\"><em><strong><span style=\"color: #0000ff;\">Andrea Bigalli<\/span>\u00a0\u00a0\u00a0\u00a0\u00a0 <\/strong><\/em><\/span><\/span><\/span><span style=\"color: #ff0000;\"><span style=\"color: #000000;\"><span style=\"font-size: x-small;\"><em>Pax Christi \u2013 Firenze <\/em><\/span><\/span><\/span><\/p>\n<p style=\"MARGIN-BOTTOM: 0cm; MARGIN-LEFT: 0.32cm; MARGIN-RIGHT: 0.21cm\"><span style=\"color: #000000;\"><span style=\"font-size: x-small;\"><em><strong><span style=\"color: #0000ff;\">Fabio Traversari<\/span>\u00a0\u00a0\u00a0 <\/strong><\/em><\/span><\/span><span style=\"color: #ff0000;\"><span style=\"color: #000000;\"><span style=\"font-size: x-small;\"><em>Studente Facolt\u00e0 Teologica Valdese &#8211; Prato<\/em><\/span><\/span><\/span><\/p>\n<p style=\"LINE-HEIGHT: 50%; MARGIN-BOTTOM: 0cm; MARGIN-LEFT: 0.32cm; MARGIN-RIGHT: 0.21cm\"><span style=\"color: #000000;\"><span style=\"font-size: x-small;\"><em><\/em><\/span><\/span><\/p>\n<p style=\"MARGIN-BOTTOM: 0cm; MARGIN-LEFT: 0.5cm; MARGIN-RIGHT: 0.21cm\"><span style=\"color: #b80047;\"><span style=\"font-size: x-small;\"><strong>LUNED\u00cc 27 LUGLIO<\/strong><\/span><\/span><\/p>\n<p style=\"MARGIN-BOTTOM: 0cm; MARGIN-LEFT: 0.5cm; MARGIN-RIGHT: 0.21cm\">9.00 <span style=\"color: #800080;\">Apertura e presentazione della sessione<\/span><\/p>\n<p style=\"MARGIN-BOTTOM: 0cm; MARGIN-LEFT: 0.32cm; MARGIN-RIGHT: 0.21cm\"><span style=\"font-size: x-small;\"><em><strong><span style=\"color: #0000ff;\">Mario Gnocchi<\/span>\u00a0\u00a0\u00a0\u00a0\u00a0\u00a0\u00a0\u00a0\u00a0\u00a0\u00a0\u00a0\u00a0<\/strong><\/em><\/span><span style=\"font-size: x-small;\"><em>Presidente nazionale del SAE &#8211; Cremona<\/em><\/span><\/p>\n<h4 class=\"western\" style=\"MARGIN-LEFT: 0.32cm; MARGIN-RIGHT: 0.21cm\"><span style=\"font-size: x-small;\"><span style=\"color: #993366;\">Moderatori <\/span><\/span><\/h4>\n<h4 class=\"western\" style=\"MARGIN-LEFT: 0.32cm; MARGIN-RIGHT: 0.21cm\"><span style=\"font-size: x-small;\"><em><span style=\"color: #0000ff;\">Simone Morandini<\/span>\u00a0\u00a0\u00a0 \u00a0<\/em><\/span><span style=\"font-size: x-small;\"><span style=\"font-size: x-small;\"><em><span style=\"font-weight: normal;\">Istituto Studi Ecum.\u00a0S. Bernardino &#8211; Venezia<\/span><\/em><\/span><\/span><\/h4>\n<h4 class=\"western\" style=\"MARGIN-LEFT: 0.32cm; MARGIN-RIGHT: 0.21cm\"><span style=\"font-size: x-small;\"><em><span style=\"color: #0000ff;\">Gioachino Pistone<\/span>\u00a0\u00a0\u00a0\u00a0\u00a0 <\/em><\/span><span style=\"font-size: x-small;\"><em><span style=\"font-weight: normal;\">Centro Culturale Protestante \u2013 Milano<\/span><\/em><\/span><span style=\"font-size: x-small;\"><span style=\"font-weight: normal;\"> <\/span><\/span><\/h4>\n<p style=\"MARGIN-BOTTOM: 0cm; MARGIN-LEFT: 0.32cm\" align=\"justify\"><span style=\"font-size: x-small;\">10.00<\/span><span style=\"font-size: x-small;\"> <\/span><span style=\"color: #800080;\"><strong><span style=\"color: #003300;\">La croce e la polis<\/span><\/strong><\/span><span style=\"font-size: x-small;\"> <\/span><\/p>\n<p style=\"TEXT-INDENT: 1.25cm; MARGIN-BOTTOM: 0cm\" align=\"justify\"><span style=\"font-size: x-small;\"><em><strong><span style=\"color: #0000ff;\">Andrea Grillo<\/span>\u00a0 <\/strong><\/em><\/span><span style=\"font-size: x-small;\"><em>Teologo, Pont. Ateneo S. Anselmo \u2013Roma <\/em><\/span><\/p>\n<p style=\"MARGIN-BOTTOM: 0cm; MARGIN-LEFT: 0.32cm; MARGIN-RIGHT: 0.21cm\"><span style=\"font-size: x-small;\">11.45<\/span><span style=\"font-size: x-small;\"> <\/span><span style=\"color: #800080;\"><strong>Presentazione dei gruppi di studio\u00a0 <\/strong><\/span><\/p>\n<p style=\"MARGIN-BOTTOM: 0cm; MARGIN-LEFT: 0.32cm; MARGIN-RIGHT: 0.21cm\"><span style=\"font-size: x-small;\">15.30<\/span><span style=\"font-size: x-small;\"> <\/span><span style=\"color: #800080;\"><strong>Sguardi sulla croce delle prime comunit\u00e0 cristiane <\/strong><\/span><\/p>\n<p style=\"MARGIN-BOTTOM: 0cm; MARGIN-LEFT: 0.32cm; MARGIN-RIGHT: 0.21cm\"><span style=\"font-size: x-small;\"><em><strong>\u00a0\u00a0\u00a0\u00a0\u00a0\u00a0\u00a0\u00a0\u00a0\u00a0 <span style=\"color: #0000ff;\">Eric Noffke<\/span>\u00a0\u00a0\u00a0\u00a0\u00a0\u00a0\u00a0\u00a0\u00a0\u00a0 \u00a0<\/strong><\/em><\/span><span style=\"font-size: x-small;\"><em>Biblista, pastore valdese \u2013 Roma <\/em><\/span><\/p>\n<p style=\"MARGIN-BOTTOM: 0cm; MARGIN-LEFT: 0.32cm; MARGIN-RIGHT: 0.21cm\"><span style=\"color: #000000;\"><span style=\"font-size: x-small;\">18.45<\/span><\/span><span style=\"color: #0000ff;\"><span style=\"font-size: x-small;\">\u00a0 <\/span><span style=\"font-size: x-small;\"><strong><span style=\"color: #003300;\">Preghiera ecumenica <\/span><\/strong><\/span><\/span><\/p>\n<p style=\"LINE-HEIGHT: 50%; MARGIN-BOTTOM: 0cm; MARGIN-LEFT: 0.32cm; MARGIN-RIGHT: 0.21cm\">\u00a0<\/p>\n<p style=\"MARGIN-BOTTOM: 0cm; MARGIN-LEFT: 0.5cm; MARGIN-RIGHT: 0.21cm\"><span style=\"color: #b80047;\"><span style=\"font-size: x-small;\"><span style=\"text-decoration: none;\"><strong>MARTED\u00cc 28 LUGLI<\/strong><\/span><\/span><\/span><span style=\"text-decoration: none;\">O<\/span><\/p>\n<p style=\"MARGIN-BOTTOM: 0cm; MARGIN-LEFT: 0.5cm; MARGIN-RIGHT: 0.21cm\"><span style=\"font-size: x-small;\">8.30<\/span><span style=\"font-size: x-small;\"> Medit. bibl.: <\/span><span style=\"font-size: x-small;\"><strong><span style=\"color: #003300;\">La trasfigurazione<\/span> <\/strong><\/span><span style=\"font-size: x-small;\">(Lc 9,28-36)<\/span><span style=\"font-size: x-small;\"><em> <\/em><\/span><\/p>\n<p style=\"MARGIN-BOTTOM: 0cm; MARGIN-LEFT: 0.5cm; MARGIN-RIGHT: 0.21cm\"><span style=\"font-size: x-small;\"><em><strong><span style=\"color: #0000ff;\">Vladimir Zelinsky<\/span> <\/strong><\/em><\/span><span style=\"font-size: x-small;\"><em>Prete ortodosso russo, doc. Univ. Brescia<\/em><\/span><\/p>\n<p style=\"MARGIN-BOTTOM: 0cm; MARGIN-LEFT: 0.32cm; MARGIN-RIGHT: 0.21cm\"><span style=\"font-size: x-small;\">9.30<\/span><span style=\"font-size: x-small;\"> <\/span><span style=\"color: #800080;\"><strong><span style=\"color: #003300;\">La croce nella recente teologia occidentale<\/span><\/strong><\/span><\/p>\n<p style=\"MARGIN-BOTTOM: 0cm; MARGIN-LEFT: 0.32cm; MARGIN-RIGHT: 0.21cm\"><span style=\"font-size: x-small;\"><em><strong><span style=\"color: #0000ff;\">Fulvio Ferrario<\/span>\u00a0 <\/strong><\/em><\/span><span style=\"font-size: x-small;\"><em>Docente Facolt\u00e0 Teologica Valdese \u2013 Roma<\/em><\/span><\/p>\n<p style=\"MARGIN-BOTTOM: 0cm; MARGIN-LEFT: 0.32cm; MARGIN-RIGHT: 0.21cm\"><span style=\"font-size: x-small;\"><em><\/em><\/span><span style=\"font-size: x-small;\"><em><strong><span style=\"color: #0000ff;\">Paolo Gamberini<\/span>\u00a0 <\/strong><\/em><\/span><span style=\"font-size: x-small;\"><em>Docente Facolt\u00e0 Teol. Italia Merid. \u2013 Napoli <\/em><\/span><\/p>\n<p style=\"MARGIN-BOTTOM: 0cm; MARGIN-LEFT: 0.32cm; MARGIN-RIGHT: 0.21cm\"><span style=\"font-size: x-small;\">15.30<\/span><span style=\"font-size: x-small;\"> <\/span><span style=\"color: #800080;\"><strong>Lavori di gruppo<\/strong><\/span><span style=\"font-size: x-small;\"><em> <\/em><\/span><\/p>\n<p style=\"MARGIN-BOTTOM: 0cm; MARGIN-LEFT: 0.32cm; MARGIN-RIGHT: 0.21cm\"><span style=\"font-size: x-small;\">18.30<\/span><span style=\"font-size: x-small;\"> <\/span><span style=\"color: #800080;\"><strong><span style=\"color: #003300;\">Liturgia eucaristica cattolica<\/span><\/strong><\/span><\/p>\n<p style=\"MARGIN-BOTTOM: 0cm; MARGIN-LEFT: 0.32cm; MARGIN-RIGHT: 0.21cm\"><span style=\"font-size: x-small;\"><em><strong><span style=\"color: #0000ff;\">Giancarlo Bregantini<\/span> <\/strong><\/em><\/span><span style=\"font-size: x-small;\"><em>Arcivescovo di Campobasso-Bojano<\/em><\/span><\/p>\n<p style=\"MARGIN-BOTTOM: 0cm; MARGIN-LEFT: 0.32cm\"><span style=\"font-size: x-small;\">21.15<\/span><span style=\"font-size: x-small;\"> <\/span><span style=\"font-size: x-small;\"><strong>Spazio giovani <\/strong><\/span><\/p>\n<p style=\"MARGIN-BOTTOM: 0cm; MARGIN-LEFT: 0.5cm; MARGIN-RIGHT: 0.21cm\"><span style=\"color: #b80047;\"><span style=\"font-size: x-small;\"><strong>MERCOLED\u00cc 29 LUGLIO<\/strong><\/span><\/span><\/p>\n<p style=\"LINE-HEIGHT: 0.11cm; MARGIN-BOTTOM: 0cm; MARGIN-LEFT: 0.32cm\">\u00a0<\/p>\n<h1 class=\"western\" style=\"TEXT-INDENT: 0.32cm\"><span style=\"font-size: x-small;\">8.30<\/span><span style=\"font-size: x-small;\"> Meditaz. biblica: <\/span><span style=\"font-size: x-small;\"><strong>La Passione (Lc 23,19-43)<\/strong><\/span><\/h1>\n<p style=\"MARGIN-BOTTOM: 0cm; MARGIN-LEFT: 0.32cm; MARGIN-RIGHT: 0.21cm\"><span style=\"font-size: x-small;\"><em><strong>\u00a0\u00a0\u00a0\u00a0\u00a0\u00a0\u00a0\u00a0\u00a0\u00a0 Giuseppe Marrazzo <\/strong><\/em><\/span><span style=\"font-size: x-small;\"><em>Pastore avventista &#8211; Firenze<\/em><\/span><\/p>\n<p style=\"TEXT-INDENT: -1.06cm; MARGIN-BOTTOM: 0cm; MARGIN-LEFT: 1.27cm\"><span style=\"font-size: x-small;\">9.30<\/span><span style=\"font-size: x-small;\"> <\/span><span style=\"font-size: x-small;\"><strong>Teologia e spiritualit\u00e0 della croce nella tradizione ortodossa<\/strong><\/span><\/p>\n<p style=\"MARGIN-BOTTOM: 0cm; MARGIN-LEFT: 0.32cm\"><span style=\"font-size: x-small;\"><strong><\/strong><\/span><span style=\"font-size: x-small;\"><em><strong>\u00a0\u00a0\u00a0\u00a0\u00a0\u00a0\u00a0\u00a0\u00a0 Sergey Borskij <\/strong><\/em><\/span><span style=\"font-size: x-small;\"><em>Prete ortodosso russo &#8211; Roma<\/em><\/span><\/p>\n<p style=\"MARGIN-BOTTOM: 0cm; MARGIN-LEFT: -0.74cm\"><span style=\"font-size: x-small;\"><strong><\/strong><\/span><span style=\"font-size: x-small;\">15.30<\/span><span style=\"font-size: x-small;\"><strong> <\/strong><\/span><span style=\"font-size: x-small;\"><strong>Lavori di gruppo<\/strong><\/span><\/p>\n<p style=\"TEXT-INDENT: -0.32cm; MARGIN-BOTTOM: 0cm; MARGIN-LEFT: 0.32cm\"><span style=\"font-size: x-small;\">18.30<\/span><span style=\"font-size: x-small;\"> <\/span><span style=\"font-size: x-small;\"><strong><span style=\"color: #003300;\">Culto evangelico con Santa Cena<\/span><\/strong><\/span><\/p>\n<p style=\"MARGIN-BOTTOM: 0cm; MARGIN-LEFT: 0.32cm\"><span style=\"font-size: x-small;\"><em><strong><span style=\"color: #0000ff;\">Letizia Tomassone<\/span> <\/strong><\/em><\/span><span style=\"font-size: x-small;\"><em>Pastora valdese, vicepresid. FCEI \u2013 La Spezia<\/em><\/span><\/p>\n<p style=\"LINE-HEIGHT: 50%; MARGIN-BOTTOM: 0cm; MARGIN-LEFT: 0.32cm\">\u00a0<\/p>\n<p style=\"MARGIN-BOTTOM: 0cm; MARGIN-LEFT: 0.5cm; MARGIN-RIGHT: 0.21cm\"><span style=\"color: #b80047;\"><span style=\"font-size: x-small;\"><strong>GIOVED\u00cc 30 LUGLIO<\/strong><\/span><\/span>\u00a0<\/p>\n<p style=\"MARGIN-BOTTOM: 0cm; MARGIN-RIGHT: -0.36cm\"><span style=\"font-size: x-small;\">8.30<\/span><span style=\"font-size: x-small;\"> <\/span><span style=\"font-size: x-small;\">Med. bibl.:<\/span><strong> <\/strong><span style=\"font-size: x-small;\"><strong>Riconciliati per mezzo della croce (Ef 2)<\/strong><\/span><span style=\"color: #ff0000;\"><span style=\"font-size: x-small;\"><em> <\/em><\/span><\/span><\/p>\n<h1 class=\"western\" style=\"MARGIN-LEFT: 0.32cm\"><span style=\"font-size: x-small;\"><strong><em><span style=\"color: #0000ff;\">Piero Stefani<\/span> <\/em><\/strong><\/span><span style=\"font-size: x-small;\">Biblista, doc. Facolt\u00e0 Teol. Italia Settentr. &#8211; Ferrara<\/span><\/h1>\n<p style=\"MARGIN-BOTTOM: 0cm; MARGIN-LEFT: 0.32cm\"><span style=\"font-size: x-small;\">9.30<\/span><span style=\"font-size: x-small;\"> <\/span><span style=\"font-size: x-small;\"><strong>La croce nelle teologie femministe<\/strong><\/span><\/p>\n<p style=\"MARGIN-BOTTOM: 0cm; MARGIN-LEFT: 0.32cm\"><span style=\"font-size: x-small;\"><em><strong><span style=\"color: #0000ff;\">Cristina Simonelli <\/span><\/strong><\/em><\/span><span style=\"font-size: x-small;\"><em>Docente Facolt\u00e0 Teologica del Triveneto \u2013 Verona<\/em><\/span><\/p>\n<p style=\"MARGIN-BOTTOM: 0cm; MARGIN-LEFT: 0.32cm\">\u00a0<\/p>\n<p style=\"BORDER-BOTTOM: #000000 1px solid; BORDER-LEFT: #000000 1px solid; PADDING-BOTTOM: 0.04cm; PADDING-LEFT: 0.14cm; PADDING-RIGHT: 0.14cm; MARGIN-BOTTOM: 0cm; MARGIN-LEFT: 0.32cm; BORDER-TOP: #000000 1px solid; MARGIN-RIGHT: 0.32cm; BORDER-RIGHT: #000000 1px solid; PADDING-TOP: 0.04cm\" align=\"center\"><span style=\"font-size: x-small;\"><strong>LITURGIE<\/strong><\/span><\/p>\n<p style=\"BORDER-BOTTOM: #000000 1px solid; BORDER-LEFT: #000000 1px solid; PADDING-BOTTOM: 0.04cm; PADDING-LEFT: 0.14cm; PADDING-RIGHT: 0.14cm; MARGIN-BOTTOM: 0cm; MARGIN-LEFT: 0.32cm; BORDER-TOP: #000000 1px solid; MARGIN-RIGHT: 0.32cm; BORDER-RIGHT: #000000 1px solid; PADDING-TOP: 0.04cm\" align=\"center\"><span style=\"font-size: x-small;\">Marco e Maurizio Gagliardi, cattolici \u2013 Firenze <\/span><\/p>\n<p style=\"BORDER-BOTTOM: #000000 1px solid; BORDER-LEFT: #000000 1px solid; PADDING-BOTTOM: 0.04cm; PADDING-LEFT: 0.14cm; PADDING-RIGHT: 0.14cm; MARGIN-BOTTOM: 0cm; MARGIN-LEFT: 0.32cm; BORDER-TOP: #000000 1px solid; MARGIN-RIGHT: 0.32cm; BORDER-RIGHT: #000000 1px solid; PADDING-TOP: 0.04cm\" align=\"center\"><span style=\"font-size: x-small;\">Elda Possamai, cattolica \u2013 Torino<\/span><\/p>\n<p style=\"BORDER-BOTTOM: #000000 1px solid; BORDER-LEFT: #000000 1px solid; PADDING-BOTTOM: 0.04cm; PADDING-LEFT: 0.14cm; PADDING-RIGHT: 0.14cm; MARGIN-BOTTOM: 0cm; MARGIN-LEFT: 0.32cm; BORDER-TOP: #000000 1px solid; MARGIN-RIGHT: 0.32cm; BORDER-RIGHT: #000000 1px solid; PADDING-TOP: 0.04cm\" align=\"center\"><span style=\"font-size: x-small;\">Didi Saccomani, battista \u2013 Torino<\/span><\/p>\n<p style=\"BORDER-BOTTOM: #000000 1px solid; BORDER-LEFT: #000000 1px solid; PADDING-BOTTOM: 0.04cm; PADDING-LEFT: 0.14cm; PADDING-RIGHT: 0.14cm; MARGIN-BOTTOM: 0cm; MARGIN-LEFT: 0.32cm; BORDER-TOP: #000000 1px solid; MARGIN-RIGHT: 0.32cm; BORDER-RIGHT: #000000 1px solid; PADDING-TOP: 0.04cm\" align=\"center\"><span style=\"font-size: x-small;\">Marianita Montresor, cattolica &#8211; Verona <\/span><\/p>\n<p style=\"BORDER-BOTTOM: #000000 1px solid; BORDER-LEFT: #000000 1px solid; PADDING-BOTTOM: 0.04cm; PADDING-LEFT: 0.14cm; PADDING-RIGHT: 0.14cm; MARGIN-BOTTOM: 0cm; MARGIN-LEFT: 0.32cm; BORDER-TOP: #000000 1px solid; MARGIN-RIGHT: 0.32cm; BORDER-RIGHT: #000000 1px solid; PADDING-TOP: 0.04cm\" align=\"center\"><span style=\"font-size: x-small;\"><em>\u00c8 gradita la collaborazione di chi suona uno strumento musicale (lo segnali all\u2019atto dell\u2019iscrizione)<\/em><\/span><\/p>\n<p style=\"MARGIN-BOTTOM: 0cm; MARGIN-LEFT: 0.32cm\"><span style=\"font-size: x-small;\">11.15<\/span><span style=\"font-size: x-small;\"> <\/span><span style=\"font-size: x-small;\"><strong><span style=\"color: #003300;\">Croce, salvezza e religioni<\/span> <\/strong><\/span><\/p>\n<p style=\"TEXT-INDENT: 1.25cm; MARGIN-BOTTOM: 0cm\"><span style=\"font-size: x-small;\"><em><strong>Carlo Molari\u00a0\u00a0\u00a0\u00a0\u00a0 <\/strong><\/em><\/span><span style=\"font-size: x-small;\"><em>Teologo cattolico \u2013 Roma<\/em><\/span><\/p>\n<p style=\"MARGIN-BOTTOM: 0cm; MARGIN-LEFT: 0.32cm\"><span style=\"font-size: x-small;\">15.30 <\/span><span style=\"font-size: x-small;\"><strong>Lavori di gruppo<\/strong><\/span><\/p>\n<p style=\"MARGIN-BOTTOM: 0cm; MARGIN-LEFT: 0.32cm\"><span style=\"font-size: x-small;\">18.00<\/span><span style=\"font-size: x-small;\"> <\/span><span style=\"font-size: x-small;\"><strong><span style=\"color: #003300;\">Vespri ortodossi<\/span><\/strong><\/span><\/p>\n<p style=\"MARGIN-BOTTOM: 0cm; MARGIN-LEFT: 0.32cm\"><span style=\"font-size: x-small;\"><strong><\/strong><\/span><span style=\"font-size: x-small;\"><em><strong>Gheorghe Vasilescu\u00a0\u00a0\u00a0\u00a0 <\/strong><\/em><\/span><span style=\"font-size: x-small;\"><em>Prete ortodosso romeno &#8211; Torino<\/em><\/span><\/p>\n<p style=\"LINE-HEIGHT: 50%; MARGIN-BOTTOM: 0cm; MARGIN-LEFT: 0.32cm\"><span style=\"color: #ff0000;\"><span style=\"font-size: x-small;\"><strong><\/strong><\/span><\/span><\/p>\n<p style=\"MARGIN-BOTTOM: 0cm; MARGIN-LEFT: 0.32cm\"><span style=\"font-size: x-small;\">21.15<\/span><span style=\"font-size: x-small;\"> <\/span><span style=\"font-size: x-small;\"><strong>Il papa, la lune e la carezza<\/strong><\/span><\/p>\n<p style=\"MARGIN-BOTTOM: 0cm; MARGIN-LEFT: 0.32cm\"><span style=\"font-size: x-small;\"><strong><\/strong><\/span><span style=\"font-size: x-small;\">a 50 anni dall\u2019annuncio del Concilio <\/span>Marco Campedelli e Gruppo Narrazione \u201cIl Nardo\u201d<\/p>\n<p style=\"MARGIN-BOTTOM: 0cm; MARGIN-LEFT: 0.5cm; MARGIN-RIGHT: 0.21cm\"><span style=\"color: #b80047;\"><span style=\"font-size: x-small;\"><strong>VENERD\u00cc 31 LUGLIO<\/strong><\/span><\/span>\u00a0<\/p>\n<h4 class=\"western\" style=\"MARGIN-RIGHT: -0.34cm\"><span style=\"font-size: x-small;\"><span style=\"font-weight: normal;\">8.30<\/span><\/span><span style=\"font-size: x-small;\"><span style=\"font-weight: normal;\"> <\/span><\/span><span style=\"font-size: x-small;\"><span style=\"font-weight: normal;\">Meditazione biblica: <\/span><\/span><span style=\"font-size: x-small;\">Giobbe, o della sofferenza<\/span><\/h4>\n<p style=\"MARGIN-BOTTOM: 0cm; MARGIN-LEFT: 0.32cm\"><span style=\"font-size: x-small;\"><em><strong>Amos Luzzatto\u00a0\u00a0\u00a0 <\/strong><\/em><\/span><span style=\"font-size: x-small;\"><em>Saggista, gi\u00e0 presidente dell\u2019UCEI &#8211; Venezia<\/em><\/span><\/p>\n<p style=\"MARGIN-BOTTOM: 0cm; MARGIN-LEFT: 0.32cm\"><span style=\"font-size: x-small;\">9.30<\/span><span style=\"font-size: x-small;\"> <\/span><span style=\"font-size: x-small;\"><strong>Perseguitati all\u2019ombra della croce<\/strong><\/span><\/p>\n<p style=\"MARGIN-BOTTOM: 0cm; MARGIN-LEFT: 0.32cm\"><span style=\"font-size: x-small;\"><strong><\/strong><\/span><span style=\"font-size: x-small;\"><em><strong>Anna Foa\u00a0\u00a0\u00a0 <\/strong><\/em><\/span>Storica, docente all\u2019Universit\u00e0 \u201cLa Sapienza\u201d &#8211; Roma<\/p>\n<p style=\"MARGIN-BOTTOM: 0cm; MARGIN-RIGHT: -0.36cm\"><span style=\"font-size: x-small;\">11.15<\/span><span style=\"font-size: x-small;\"> <\/span><span style=\"font-size: x-small;\"><strong>D<\/strong><\/span><span style=\"font-size: x-small;\"><strong>io \u00e8 morto o Dio muore?<\/strong><\/span><\/p>\n<p style=\"MARGIN-BOTTOM: 0cm; MARGIN-LEFT: 0.32cm; MARGIN-RIGHT: -0.36cm\"><span style=\"font-size: x-small;\"><em><strong>Sergio Givone\u00a0 <\/strong><\/em><\/span><span style=\"font-size: x-small;\"><em>Filosofo, docente all\u2019Universit\u00e0 di Firenze<\/em><\/span><\/p>\n<p style=\"LINE-HEIGHT: 50%; MARGIN-BOTTOM: 0cm; MARGIN-LEFT: 0.32cm\">\u00a0<span style=\"font-size: x-small;\">15.30<\/span><span style=\"font-size: x-small;\"> <\/span><span style=\"font-size: x-small;\"><strong>Lavori di gruppo<\/strong><\/span><\/p>\n<p style=\"LINE-HEIGHT: 50%; MARGIN-BOTTOM: 0cm; MARGIN-LEFT: 0.32cm\"><span style=\"font-size: x-small;\"><strong><\/strong><\/span><span style=\"font-size: x-small;\"><em><\/em><\/span><\/p>\n<p style=\"MARGIN-BOTTOM: 0cm; MARGIN-LEFT: 0.32cm\"><span style=\"font-size: x-small;\">18.30<\/span><span style=\"font-size: x-small;\"> <\/span><span style=\"font-size: x-small;\"><strong>Preghiera ecumenica<\/strong><\/span><\/p>\n<p style=\"MARGIN-BOTTOM: 0cm; MARGIN-LEFT: 0.32cm\"><span style=\"font-size: x-small;\">21.30<\/span><span style=\"font-size: x-small;\"> <\/span><span style=\"font-size: x-small;\"><strong>Assemblea conclusiva della sessione<\/strong><\/span><\/p>\n<p style=\"LINE-HEIGHT: 50%; MARGIN-BOTTOM: 0cm; MARGIN-LEFT: 0.32cm\"><span style=\"color: #b80047;\"><span style=\"font-size: x-small;\"><strong><\/strong><\/span><\/span>\u00a0<\/p>\n<p style=\"LINE-HEIGHT: 50%; MARGIN-BOTTOM: 0cm; MARGIN-LEFT: 0.32cm\"><span style=\"color: #b80047;\"><span style=\"font-size: x-small;\"><strong>SABATO 1 AGOSTO<\/strong><\/span><\/span><\/p>\n<p style=\"LINE-HEIGHT: 50%; MARGIN-BOTTOM: 0cm; MARGIN-LEFT: 0.32cm\"><span style=\"font-size: x-small;\">8.30<\/span><span style=\"font-size: x-small;\"> <\/span><span style=\"font-size: x-small;\"><strong>Una comunit\u00e0 ecumenica nel segno della croce<\/strong><\/span><\/p>\n<p style=\"MARGIN-BOTTOM: 0cm; MARGIN-LEFT: 0.32cm\"><span style=\"font-size: x-small;\"><em><strong>Paolo Ricca\u00a0\u00a0\u00a0\u00a0 <\/strong><\/em><\/span><span style=\"font-size: x-small;\"><em>Teologo valdese \u2013 Roma<\/em><\/span><\/p>\n<p style=\"TEXT-INDENT: -0.93cm; MARGIN-BOTTOM: 0cm; MARGIN-LEFT: 1.25cm\"><span style=\"font-size: x-small;\">10.15<\/span><span style=\"font-size: x-small;\"> <\/span><span style=\"font-size: x-small;\"><strong>Relazione sul lavoro dei gruppi e conclusioni dei moderatori<\/strong><\/span><\/p>\n<p style=\"MARGIN-BOTTOM: 0cm\"><span style=\"font-size: x-small;\">12.30<\/span><span style=\"font-size: x-small;\"> <\/span><span style=\"font-size: x-small;\"><strong>Chiusura della sessione<\/strong><\/span><\/p>\n<p style=\"MARGIN-BOTTOM: 0cm; MARGIN-LEFT: 0.32cm\" align=\"center\"><span style=\"font-size: x-small;\"><strong>GRUPPI DI STUDIO<\/strong><\/span>\u00a0<\/p>\n<p style=\"MARGIN-BOTTOM: 0cm; MARGIN-LEFT: 0.32cm\"><span style=\"font-size: x-small;\"><strong>1. Ascolto e commento della <\/strong><\/span><span style=\"font-size: x-small;\"><em><strong>Passione sec. Matteo<\/strong><\/em><\/span><\/p>\n<p style=\"MARGIN-BOTTOM: 0cm; MARGIN-LEFT: 0.32cm\"><span style=\"font-size: x-small;\"><em><\/em><\/span><span style=\"font-size: x-small;\">Emanuele Fiume<\/span><span style=\"font-size: x-small;\"><strong>, <\/strong><\/span><span style=\"font-size: x-small;\">pastore valdese \u2013 Roma<\/span><\/p>\n<p style=\"MARGIN-BOTTOM: 0cm; MARGIN-LEFT: 0.32cm\"><span style=\"font-size: x-small;\">Vanna Rossetti, SAE &#8211; Cremona<\/span><\/p>\n<p style=\"MARGIN-BOTTOM: 0cm; MARGIN-LEFT: 0.32cm\"><span style=\"font-size: x-small;\"><strong>2. Croce e cinema<\/strong><\/span><span style=\"font-size: x-small;\"> <\/span><\/p>\n<p style=\"MARGIN-BOTTOM: 0cm; MARGIN-LEFT: 0.32cm\"><span style=\"font-size: x-small;\">Andrea Bigalli, <\/span><span style=\"font-size: x-small;\"><em>Paz Christi <\/em><\/span><span style=\"font-size: x-small;\">&#8211; Firenze<\/span><\/p>\n<p style=\"MARGIN-BOTTOM: 0cm; MARGIN-LEFT: 0.32cm\"><span style=\"font-size: x-small;\">Gianna Urizio, regista di \u201cProtestantesimo\u201d &#8211; Roma<\/span><\/p>\n<p style=\"MARGIN-BOTTOM: 0cm; MARGIN-LEFT: 0.32cm\"><span style=\"font-size: x-small;\"><strong>3. Narrare la memoria della Passione<\/strong><\/span><span style=\"font-size: x-small;\"> <\/span><\/p>\n<p style=\"MARGIN-BOTTOM: 0cm; MARGIN-LEFT: 0.64cm\"><span style=\"font-size: x-small;\">Marco Campedelli, narratore, \u201cTeatro Mondo Piccino (1923)\u201d &#8211; Verona<\/span><\/p>\n<p style=\"MARGIN-BOTTOM: 0cm; MARGIN-LEFT: 0.32cm\"><span style=\"font-size: x-small;\"><strong>4. Croce e Chiesa<\/strong><\/span><span style=\"font-size: x-small;\"> <\/span><\/p>\n<p style=\"MARGIN-BOTTOM: 0cm; MARGIN-LEFT: 0.32cm\"><span style=\"font-size: x-small;\">Serena Noceti, teologa cattolica &#8211; Firenze<\/span><\/p>\n<p style=\"MARGIN-BOTTOM: 0cm; MARGIN-LEFT: 0.32cm\"><span style=\"font-size: x-small;\">Winfrid Pfannkuche, pastore valdese \u2013 Taranto <\/span><\/p>\n<p style=\"MARGIN-BOTTOM: 0cm; MARGIN-LEFT: 0.32cm\"><span style=\"font-size: x-small;\">Valentin Ilies, prete ortodosso romeno &#8211; Catania<\/span><\/p>\n<p style=\"MARGIN-BOTTOM: 0cm; MARGIN-LEFT: 0.32cm\"><span style=\"font-size: x-small;\"><strong>5. La debolezza di Dio nella storia umana<\/strong><\/span><span style=\"font-size: x-small;\"> <\/span><\/p>\n<p style=\"MARGIN-BOTTOM: 0cm; MARGIN-LEFT: 0.32cm\"><span style=\"font-size: x-small;\">Carlo Molari, teologo cattolico &#8211; Roma<\/span><\/p>\n<p style=\"MARGIN-BOTTOM: 0cm; MARGIN-LEFT: 0.32cm\"><span style=\"font-size: x-small;\">Fabio Traversari, stud. Fac. Teol. Vald. \u2013 Prato<\/span><\/p>\n<p style=\"MARGIN-BOTTOM: 0cm; MARGIN-LEFT: 0.32cm\"><span style=\"font-size: x-small;\">Gheorghe Vasilescu, prete ortodosso romeno &#8211; TO<\/span><\/p>\n<p style=\"MARGIN-BOTTOM: 0cm; MARGIN-LEFT: 0.32cm\"><span style=\"font-size: x-small;\"><strong>6. Di fronte alla sofferenza<\/strong><\/span><span style=\"font-size: x-small;\"> <\/span><\/p>\n<p style=\"MARGIN-BOTTOM: 0cm; MARGIN-LEFT: 0.64cm\"><span style=\"font-size: x-small;\">Anna Urbani, medico psichiatra &#8211; Venezia <\/span><\/p>\n<p style=\"MARGIN-BOTTOM: 0cm; MARGIN-LEFT: 0.64cm\"><span style=\"font-size: x-small;\">Ermanno Genre, doc. Fac. Teol. Valdese &#8211; Roma<\/span><\/p>\n<p style=\"MARGIN-BOTTOM: 0cm; MARGIN-LEFT: 0.64cm\"><span style=\"font-size: x-small;\">Shahrzad Houshmand Zadeh, doc. Teol. Islam. Univ. Greg. &#8211; Roma<\/span><\/p>\n<p style=\"MARGIN-BOTTOM: 0cm; MARGIN-LEFT: 0.32cm\"><span style=\"font-size: x-small;\"><strong>7<\/strong><\/span><span style=\"font-size: x-small;\">. <\/span><span style=\"font-size: x-small;\"><strong>\u201cChi vuol venire dietro di me\u2026\u201d:<\/strong><\/span><span style=\"font-size: x-small;\"> <\/span><\/p>\n<p style=\"MARGIN-BOTTOM: 0cm; MARGIN-LEFT: 0.32cm\"><span style=\"font-size: x-small;\"><strong><\/strong><\/span><span style=\"font-size: x-small;\">Fulvio Ferrario, doc. Fac. Teol. Valdese &#8211; Roma<\/span><\/p>\n<p style=\"MARGIN-BOTTOM: 0cm; MARGIN-LEFT: 0.32cm\"><span style=\"font-size: x-small;\">Alberto Simoni o.p., dirett. di <\/span><span style=\"font-size: x-small;\"><em>Koinonia<\/em><\/span><span style=\"font-size: x-small;\"> \u2013 Pistoia<\/span><\/p>\n<p style=\"MARGIN-BOTTOM: 0cm; MARGIN-LEFT: 0.32cm\"><span style=\"font-size: x-small;\"><strong>8. Religioni, riconciliazione, pace<\/strong><\/span><span style=\"font-size: x-small;\"> <\/span><\/p>\n<p style=\"MARGIN-BOTTOM: 0cm; MARGIN-LEFT: 0.32cm\"><span style=\"font-size: x-small;\">Giovanni Cereti, Conf. Relig. per la Pace &#8211; Roma<\/span><\/p>\n<p style=\"MARGIN-BOTTOM: 0cm; MARGIN-LEFT: 0.32cm\"><span style=\"font-size: x-small;\">Adnane Mokrani, doc. Teol. Islam. Un. Greg. &#8211; RM<\/span><\/p>\n<p style=\"MARGIN-BOTTOM: 0cm; MARGIN-LEFT: 0.32cm\"><span style=\"font-size: x-small;\">Giuseppe Marrazzo, pastore avventista &#8211; Firenze<\/span><\/p>\n<p style=\"MARGIN-BOTTOM: 0cm; MARGIN-LEFT: 0.32cm\"><span style=\"font-size: x-small;\"><strong>9. Dal rovescio della storia<\/strong><\/span><span style=\"font-size: x-small;\"> <\/span><\/p>\n<p style=\"MARGIN-BOTTOM: 0cm; MARGIN-LEFT: 0.32cm\"><span style=\"font-size: x-small;\"><strong><\/strong><\/span><span style=\"font-size: x-small;\">Letizia Tomassone, pastora valdese \u2013 La Spezia<\/span><\/p>\n<p style=\"MARGIN-BOTTOM: 0cm; MARGIN-LEFT: 0.32cm\"><span style=\"font-size: x-small;\"><strong><\/strong><\/span><span style=\"font-size: x-small;\">Bruno Segre, saggista, dirett. \u201cKeshet\u201d &#8211; Milano <\/span><\/p>\n<p style=\"MARGIN-BOTTOM: 0cm; MARGIN-LEFT: 0.32cm\"><span style=\"font-size: x-small;\">Isabella Guanzini, doc. filos. e teologia &#8211; Cremona<\/span><\/p>\n<p style=\"MARGIN-BOTTOM: 0cm; MARGIN-LEFT: 0.32cm\"><span style=\"font-size: x-small;\"><strong>10. Piccolo corso su Giovanni Calvino<\/strong><\/span><span style=\"font-size: x-small;\"> <\/span><\/p>\n<p style=\"MARGIN-BOTTOM: 0cm; MARGIN-LEFT: 0.32cm\"><span style=\"font-size: x-small;\">Pawel Gajewsky, pastore valdese \u2013 Firenze<\/span><\/p>\n<p style=\"LINE-HEIGHT: 50%; MARGIN-BOTTOM: 0cm; MARGIN-LEFT: 0.32cm\">\u00a011 <span style=\"font-size: x-small;\"><strong>Piccolo corso per bambini e ragazzi<\/strong><\/span><\/p>\n<p style=\"MARGIN-BOTTOM: 0cm; MARGIN-LEFT: 0.32cm\">\u00a0NORME DI PARTECIPAZIONE\u00a0<\/p>\n<p style=\"MARGIN-BOTTOM: 0cm; MARGIN-RIGHT: 0.85cm\" align=\"justify\"><span style=\"font-size: x-small;\">ISCRIZIONE ALLA SESSIONE:\u00a0\u00a0\u00a0\u00a0 <\/span><span style=\"font-size: x-small;\"><strong>\u20ac<\/strong><\/span><span style=\"font-size: x-small;\"> <\/span><span style=\"font-size: x-small;\"><strong>80<\/strong><\/span><\/p>\n<p style=\"LINE-HEIGHT: 100%; MARGIN-BOTTOM: 0cm; MARGIN-RIGHT: 0.85cm\"><span style=\"font-size: x-small;\">Familiare: <\/span><span style=\"font-size: x-small;\"><strong>\u20ac 50<\/strong><\/span><\/p>\n<p style=\"LINE-HEIGHT: 100%; MARGIN-BOTTOM: 0cm; MARGIN-RIGHT: 0.85cm\"><span style=\"font-size: x-small;\">Giovani dai 16 ai 30 anni: <\/span><span style=\"font-size: x-small;\"><strong>\u20ac 20<\/strong><\/span><\/p>\n<p style=\"LINE-HEIGHT: 50%; MARGIN-BOTTOM: 0cm; MARGIN-RIGHT: 0.85cm\">\u00a0<\/p>\n<p style=\"LINE-HEIGHT: 50%; MARGIN-BOTTOM: 0cm; MARGIN-RIGHT: 0.85cm\"><span style=\"font-size: x-small;\">QUOTE DI PARTECIPAZIONE<\/span><span style=\"font-size: x-small;\"><strong>:<\/strong><\/span><\/p>\n<p style=\"MARGIN-BOTTOM: 0cm; MARGIN-RIGHT: 0.85cm\"><span style=\"font-size: x-small;\">camera singola <\/span><span style=\"font-size: x-small;\"><strong>\u20ac 380<\/strong><\/span><span style=\"font-size: x-small;\"> <\/span><\/p>\n<p style=\"MARGIN-BOTTOM: 0cm; MARGIN-RIGHT: 0.85cm\"><span style=\"font-size: x-small;\">camera doppia (a persona):<\/span><span style=\"font-size: x-small;\"><strong> \u20ac 300 <\/strong><\/span><\/p>\n<p style=\"MARGIN-BOTTOM: 0cm; MARGIN-RIGHT: 0.85cm\"><span style=\"font-size: x-small;\">camera tripla o quadrupla (a p.)<\/span><\/p>\n<p style=\"MARGIN-BOTTOM: 0cm; MARGIN-RIGHT: 0.85cm\"><span style=\"font-size: x-small;\">e bambini (dai 3 anni): <\/span><span style=\"font-size: x-small;\"><strong>\u20ac 220<\/strong><\/span><\/p>\n<p style=\"LINE-HEIGHT: 50%; MARGIN-BOTTOM: 0cm; MARGIN-RIGHT: 0.85cm\">\u00a0<\/p>\n<p style=\"MARGIN-BOTTOM: 0cm; MARGIN-RIGHT: 0.85cm\" align=\"justify\"><span style=\"font-size: xx-small;\"><span style=\"font-size: x-small;\"><em>Le quote comprendono la pensione completa dalla cena di domenica 26\/07 al pranzo di sabato 1\/08\/2009.<\/em><\/span><\/span><\/p>\n<p style=\"MARGIN-RIGHT: 0.85cm\" align=\"justify\"><span style=\"font-size: x-small;\"><em>Il carattere formativo della sessione prevede la partecipazione per tutta la sua durata. <\/em><\/span><\/p>\n<p style=\"MARGIN-BOTTOM: 0cm; MARGIN-RIGHT: 0.85cm\" align=\"justify\"><span style=\"font-size: x-small;\"><strong>Le iscrizioni vanno effettuate presso la sede del SAE,<\/strong><\/span><span style=\"font-size: x-small;\"> piazza S. Eufemia, 2 &#8211; 20122 Milano, per posta o per fax (02.89014254)<\/span><span style=\"font-size: x-small;\"><strong> entro il 15 luglio 2009.<\/strong><\/span><\/p>\n<p style=\"MARGIN-BOTTOM: 0cm; MARGIN-RIGHT: 0.85cm\" align=\"justify\"><span style=\"font-size: x-small;\">L\u2019importo dell\u2019iscrizione deve essere versato sul<\/span><span style=\"font-size: x-small;\"><strong> ccp 40443202 <\/strong><\/span><span style=\"font-size: x-small;\">intestato a Segretariato Attivit\u00e0 Ecumeniche, Piazza S.Eufemia, 2 \u2013 20122 Milano.<\/span><\/p>\n<p style=\"MARGIN-BOTTOM: 0cm; MARGIN-RIGHT: 0.85cm\" align=\"justify\"><span style=\"font-size: x-small;\">In caso di ritiro l\u2019importo dell\u2019iscrizione non verr\u00e0 restituito.<\/span><\/p>\n<p style=\"LINE-HEIGHT: 50%; MARGIN-BOTTOM: 0cm; MARGIN-RIGHT: 0.85cm\">\u00a0<\/p>\n<p style=\"MARGIN-RIGHT: 0.85cm\" align=\"justify\"><span style=\"font-size: x-small;\"><em><strong>Anche quest\u2019anno funzioner\u00e0 un piccolo corso per bambini e ragazzi dai 3 ai 13 anni, tutti i giorni escluso il sabato dalle 8.45 alle 12.00 e dalle 15.30 alle 18.00. Chi intende usufruirne lo segnali all\u2019atto dell\u2019iscrizione.<\/strong><\/em><\/span><\/p>\n<p style=\"MARGIN-BOTTOM: 0cm; MARGIN-RIGHT: 0.85cm\" align=\"justify\"><span style=\"font-size: x-small;\">PER ULTERIORI INFORMAZIONI<\/span><\/p>\n<p style=\"MARGIN-BOTTOM: 0cm; MARGIN-RIGHT: 0.85cm\" align=\"justify\"><span style=\"font-size: x-small;\">Tel. <\/span><span style=\"font-size: x-small;\"><strong>02.878569<\/strong><\/span><span style=\"font-size: x-small;\"> (luned\u00ec, marted\u00ec, gioved\u00ec e venerd\u00ec, dalle 9.30 alle 12.30) e.mail <\/span><span style=\"text-decoration: underline;\"><a href=\"mailto:saenazionale@gmail.com\"><span style=\"color: #0000ff; font-size: x-small;\">saenazionale@gmail.com<\/span><\/a><\/span><\/p>\n<p style=\"LINE-HEIGHT: 50%; MARGIN-BOTTOM: 0cm; MARGIN-RIGHT: 0.85cm\" align=\"justify\"><span style=\"color: #0000ff;\"><br \/>\n<\/span>\n<\/p>\n<p style=\"MARGIN-BOTTOM: 0cm; MARGIN-RIGHT: 0.85cm\" align=\"justify\"><span style=\"font-size: x-small;\">La sessione si svolge presso il CENTRO CONGRESSI EXCELSIOR, viale S. Agnese 6<\/span><span style=\"font-family: Arial, sans-serif;\"><span style=\"font-size: x-small;\"> (<\/span><\/span><span style=\"font-size: x-small;\">Piazza Italia), Chianciano Terme (SI). L\u2019ospitalit\u00e0 \u00e8 distribuita in alberghi nelle immediate vicinanze. <\/span><\/p>\n<p style=\"LINE-HEIGHT: 50%; MARGIN-BOTTOM: 0cm; MARGIN-RIGHT: 0.85cm\" align=\"justify\">\u00a0<\/p>\n<p style=\"MARGIN-BOTTOM: 0cm; MARGIN-RIGHT: 0.85cm\" align=\"justify\"><span style=\"font-size: x-small;\"><strong>Per raggiungere Chianciano Terme:<\/strong><\/span><\/p>\n<p style=\"MARGIN-BOTTOM: 0cm; MARGIN-RIGHT: 0.85cm\" align=\"justify\"><span style=\"font-size: x-small;\"><strong>In treno: <\/strong><\/span><span style=\"font-size: x-small;\">stazione ferroviaria di Chiusi, indi pullman di linea per Chianciano Terme in coincidenza dei treni.<\/span><\/p>\n<p style=\"MARGIN-BOTTOM: 0cm; MARGIN-RIGHT: 0.85cm\" align=\"justify\"><span style=\"font-size: x-small;\"><strong>In auto: <\/strong><\/span><span style=\"font-size: x-small;\">uscita Chiusi<\/span><span style=\"font-size: x-small;\"><strong> <\/strong><\/span><span style=\"font-size: x-small;\">dell\u2019Autostrada del Sole.<\/span><\/p>\n<p style=\"MARGIN-BOTTOM: 0cm; MARGIN-RIGHT: 0.85cm\">\u00a0<\/p>\n<p style=\"MARGIN-BOTTOM: 0cm; MARGIN-RIGHT: 0.85cm\" align=\"justify\"><span style=\"font-size: x-small;\"><em><strong>Il SAE \u00e8 accreditato dal Ministero della Pubblica Istruzione per la formazione del personale della scuola (D.M. 177\/2000 e D.M.26\/07\/2007 Prot. n. 15325)<\/strong><\/em><\/span><\/p>\n<p style=\"MARGIN-BOTTOM: 0cm\">\u00a0<span style=\"font-size: x-small;\"><strong>S.A.E.<\/strong><\/span><\/p>\n<p style=\"MARGIN-BOTTOM: 0cm\"><span style=\"font-size: x-small;\"><strong>Segretariato Attivit\u00e0 Ecumeniche<\/strong><\/span><\/p>\n<p style=\"MARGIN-BOTTOM: 0cm\"><span style=\"font-size: x-small;\">Associazione interconfessionale di laici<\/span><\/p>\n<p style=\"MARGIN-BOTTOM: 0cm\"><span style=\"font-size: x-small;\">per l\u2019ecumenismo e il dialogo, <\/span><\/p>\n<p style=\"MARGIN-BOTTOM: 0cm\"><span style=\"font-size: x-small;\">a partire dal dialogo ebraico-cristiano<\/span><\/p>\n<p style=\"MARGIN-BOTTOM: 0cm; MARGIN-RIGHT: 0.11cm\" align=\"center\">\u201c<span style=\"font-size: large;\"><em><strong>LA PAROLA DELLA CROCE\u201d<\/strong><\/em><\/span>\u00a0<\/p>\n<p style=\"MARGIN-BOTTOM: 0cm; MARGIN-RIGHT: 0.11cm\" align=\"center\"><em>(1Cor 1,18) <\/em><\/p>\n<p align=\"center\"><span style=\"font-size: medium;\"><em><strong>Interrogativi e speranze<\/strong><\/em><\/span><\/p>\n<p align=\"center\"><span style=\"font-size: medium;\"><em><strong>per l\u2019ecumenismo e il dialogo.<\/strong><\/em><\/span><\/p>\n<p style=\"MARGIN-BOTTOM: 0cm\" align=\"center\"><strong>46<sup>a<\/sup> Sessione di Formazione Ecumenica<\/strong><\/p>\n<p style=\"MARGIN-BOTTOM: 0cm; MARGIN-RIGHT: 0.11cm\" align=\"center\"><strong>Centro Congressi Excelsior \u2013 Chianciano Terme (SI)<\/strong><\/p>\n<p align=\"center\">\u00a0<\/p>\n<p align=\"center\"><strong>26 luglio \u2013 1 agosto 2009<\/strong><\/p>\n<p style=\"MARGIN-BOTTOM: 0cm\">\u00a0<\/p>\n","protected":false},"excerpt":{"rendered":"<p>Interrogativi e speranze per l\u2019ecumenismo e il dialogo. &#8220;26 luglio \u2013 1 agosto 2009&#8243; Centro Congressi Excelsior &#8211;Chianciano Terme\u00a0 \u00a046a Sessione di Formazione Ecumenica \u00a0\u00a0PROGRAMMA<\/p>\n","protected":false},"author":2,"featured_media":0,"comment_status":"open","ping_status":"open","sticky":false,"template":"","format":"standard","meta":{"footnotes":""},"categories":[16,56],"tags":[425,28,427,30,426,32],"class_list":["post-2497","post","type-post","status-publish","format-standard","hentry","category-eventi","category-servizi-attivita-ecumeniche","tag-chiesa_cattolica","tag-chiesa-luterana","tag-chiesa-ortodossa","tag-chiesa-valdese","tag-cultura","tag-ecumenismo"],"_links":{"self":[{"href":"https:\/\/www.carlofrancio.net\/index.php?rest_route=\/wp\/v2\/posts\/2497","targetHints":{"allow":["GET"]}}],"collection":[{"href":"https:\/\/www.carlofrancio.net\/index.php?rest_route=\/wp\/v2\/posts"}],"about":[{"href":"https:\/\/www.carlofrancio.net\/index.php?rest_route=\/wp\/v2\/types\/post"}],"author":[{"embeddable":true,"href":"https:\/\/www.carlofrancio.net\/index.php?rest_route=\/wp\/v2\/users\/2"}],"replies":[{"embeddable":true,"href":"https:\/\/www.carlofrancio.net\/index.php?rest_route=%2Fwp%2Fv2%2Fcomments&post=2497"}],"version-history":[{"count":0,"href":"https:\/\/www.carlofrancio.net\/index.php?rest_route=\/wp\/v2\/posts\/2497\/revisions"}],"wp:attachment":[{"href":"https:\/\/www.carlofrancio.net\/index.php?rest_route=%2Fwp%2Fv2%2Fmedia&parent=2497"}],"wp:term":[{"taxonomy":"category","embeddable":true,"href":"https:\/\/www.carlofrancio.net\/index.php?rest_route=%2Fwp%2Fv2%2Fcategories&post=2497"},{"taxonomy":"post_tag","embeddable":true,"href":"https:\/\/www.carlofrancio.net\/index.php?rest_route=%2Fwp%2Fv2%2Ftags&post=2497"}],"curies":[{"name":"wp","href":"https:\/\/api.w.org\/{rel}","templated":true}]}}