{"id":23320,"date":"2016-04-25T16:18:09","date_gmt":"2016-04-25T16:18:09","guid":{"rendered":"https:\/\/www.carlofrancio.net\/?p=23320"},"modified":"2016-04-25T16:22:47","modified_gmt":"2016-04-25T16:22:47","slug":"messina-sae-3a-in-vista-del-cinquecentenario-2017-della-riforma-luterana","status":"publish","type":"post","link":"https:\/\/www.carlofrancio.net\/?p=23320","title":{"rendered":"Messina &#8211; SAE &#8211; 3\u00aa \u00abIn vista del&#8230;Cinquecentenario (2017) della RIFORMA LUTERANA \u00bb"},"content":{"rendered":"<p><strong><a href=\"https:\/\/www.carlofrancio.net\/messina-sae-3a-in-vista-del-cinquecentenario-2017-della-riforma-luterana\/3-incontro-riforma-2016-2\/\" rel=\"attachment wp-att-23322\"><img loading=\"lazy\" decoding=\"async\" class=\"size-medium wp-image-23322 alignleft\" src=\"https:\/\/www.carlofrancio.net\/wp-content\/uploads\/2016\/04\/3\u00b0-incontro-riforma-2016-2-320x240.jpg\" alt=\"3\u00b0 incontro riforma 2016 (2)\" width=\"320\" height=\"240\" srcset=\"https:\/\/www.carlofrancio.net\/wp-content\/uploads\/2016\/04\/3\u00b0-incontro-riforma-2016-2-320x240.jpg 320w, https:\/\/www.carlofrancio.net\/wp-content\/uploads\/2016\/04\/3\u00b0-incontro-riforma-2016-2-160x120.jpg 160w, https:\/\/www.carlofrancio.net\/wp-content\/uploads\/2016\/04\/3\u00b0-incontro-riforma-2016-2.jpg 640w\" sizes=\"auto, (max-width: 320px) 100vw, 320px\" \/><\/a>\u00ab<\/strong><span style=\"color: #008080;\">Il <strong><span style=\"color: #ff00ff;\">terzo<\/span><\/strong>\u00a0e ultimo degli incontri sulla<\/span><span style=\"color: #64068c;\"><strong> Riforma Luterana <\/strong><\/span><span style=\"color: #008080;\">organizzati da<\/span>l<strong> SAE di Messina <\/strong><span style=\"color: #008080;\">con la collaborazione delle<\/span><strong><span style=\"color: #64068c;\"> Chiese Valdese di Messina e Luterana di Sicilia<\/span>, <\/strong><span style=\"color: #008080;\">in preparazione<\/span> <span style=\"color: #008080;\">al<\/span><strong><span style=\"color: #64068c;\"> Cinquecentenario del 2017<\/span>\u00bb<\/strong><\/p>\n<h3><strong><span style=\"color: #ff00ff;\">3\u00b0<\/span> &#8211; <\/strong>\u00a0<span style=\"color: #cc99ff;\">LA RIFORMA CATTOLICA DELLA CHIESA<\/span><\/h3>\n<p>di Simonetta Micale<br \/>\nIl <span style=\"color: #ff00ff;\">13 aprile<\/span> scorso il teologo gesuita <span style=\"color: #0000ff;\">padre <strong><em>Felice<\/em> Scalia<\/strong><\/span> ha animato il terzo e ultimo incontro del ciclo organizzato in preparazione <span style=\"color: #cc99ff;\">al <a href=\"https:\/\/www.carlofrancio.net\/messina-sae-3a-in-vista-del-cinquecentenario-2017-della-riforma-luterana\/3-incontro-riforma-2016-3\/\" rel=\"attachment wp-att-23323\"><img loading=\"lazy\" decoding=\"async\" class=\"size-medium wp-image-23323 alignright\" src=\"https:\/\/www.carlofrancio.net\/wp-content\/uploads\/2016\/04\/3\u00b0-incontro-riforma-2016-3-320x240.jpg\" alt=\"3\u00b0 incontro riforma 2016 (3)\" width=\"320\" height=\"240\" srcset=\"https:\/\/www.carlofrancio.net\/wp-content\/uploads\/2016\/04\/3\u00b0-incontro-riforma-2016-3-320x240.jpg 320w, https:\/\/www.carlofrancio.net\/wp-content\/uploads\/2016\/04\/3\u00b0-incontro-riforma-2016-3-160x120.jpg 160w, https:\/\/www.carlofrancio.net\/wp-content\/uploads\/2016\/04\/3\u00b0-incontro-riforma-2016-3.jpg 640w\" sizes=\"auto, (max-width: 320px) 100vw, 320px\" \/><\/a><span style=\"color: #993366;\">Cinquecentenario della Riforma luterana<\/span><\/span>. Affrontando il tema della \u00ab<span style=\"color: #cc99ff;\"><em><strong>Riforma cattolica della chiesa<\/strong><\/em><\/span>\u00bb, <span style=\"color: #0000ff;\">padre Felice<\/span> ha preliminarmente fissato la prima e fondamentale deriva di essa agli <span style=\"color: #ff00ff;\">anni 313<\/span> (<span style=\"color: #993300;\">Editto di Milano<\/span>) e soprattutto<span style=\"color: #ff00ff;\"> 380<\/span> (<span style=\"color: #993300;\">Editto di Tessalonica<\/span>: <span style=\"color: #ff6600;\">il cristianesimo diventa religione di stato<\/span>), e ha quindi ricordato come l\u2019esigenza di\u00a0una <span style=\"color: #cc99ff;\"><strong>\u00abReformatio Ecclesiae\u00bb<\/strong><\/span> nasca gi\u00e0 in epoca medievale ad opera del popolo di Dio, esprimendosi in movimenti popolari e pauperistici che hanno prodotto esperienze feconde come quella di <a href=\"https:\/\/www.carlofrancio.net\/messina-sae-3a-in-vista-del-cinquecentenario-2017-della-riforma-luterana\/3-incontro-riforma-2016-4\/\" rel=\"attachment wp-att-23324\"><img loading=\"lazy\" decoding=\"async\" class=\"size-medium wp-image-23324 alignleft\" src=\"https:\/\/www.carlofrancio.net\/wp-content\/uploads\/2016\/04\/3\u00b0-incontro-riforma-2016-4-320x240.jpg\" alt=\"3\u00b0 incontro riforma 2016 (4)\" width=\"320\" height=\"240\" srcset=\"https:\/\/www.carlofrancio.net\/wp-content\/uploads\/2016\/04\/3\u00b0-incontro-riforma-2016-4-320x240.jpg 320w, https:\/\/www.carlofrancio.net\/wp-content\/uploads\/2016\/04\/3\u00b0-incontro-riforma-2016-4-160x120.jpg 160w, https:\/\/www.carlofrancio.net\/wp-content\/uploads\/2016\/04\/3\u00b0-incontro-riforma-2016-4.jpg 640w\" sizes=\"auto, (max-width: 320px) 100vw, 320px\" \/><\/a><span style=\"color: #0000ff;\">Francesco d\u2019Assisi<\/span> e quella di <span style=\"color: #0000ff;\">Gioacchino da Fiore<\/span>. Alla fine del <span style=\"color: #ff00ff;\">XV<\/span> e all&#8217;inizio del <span style=\"color: #ff00ff;\">XVI<\/span> secolo \u00e8 pi\u00f9 vivo che mai il desiderio di riportare alla sua condizione spirituale una chiesa divenuta centro di potere: nascono movimenti di laici che coniugano la piet\u00e0 eucaristica con l\u2019<span style=\"color: #ff0000;\">apostolato<\/span> (spicca fra essi la<em> <span style=\"color: #ff0000;\">Compagnia del Divino Amore<\/span><\/em>, cui si deve la fondazione di tanti ospedali); viene curata la riforma dei costumi ecclesiastici ( significativo il modello pastorale proposto dal <span style=\"color: #0000ff;\">vescovo<\/span> di <span style=\"color: #800000;\">Verona<\/span> <span style=\"color: #0000ff;\">Matteo Giberti<\/span>); si procede ad una riforma degli ordini <a href=\"https:\/\/www.carlofrancio.net\/messina-sae-3a-in-vista-del-cinquecentenario-2017-della-riforma-luterana\/3-incontro-riforma-13-04-2016-1-001\/\" rel=\"attachment wp-att-23321\"><img loading=\"lazy\" decoding=\"async\" class=\"alignright size-medium wp-image-23321\" src=\"https:\/\/www.carlofrancio.net\/wp-content\/uploads\/2016\/04\/3\u00b0-incontro-riforma-13.04.2016-1-001-320x240.jpg\" alt=\"3\u00b0 incontro riforma (13.04.2016) (1)-001\" width=\"320\" height=\"240\" srcset=\"https:\/\/www.carlofrancio.net\/wp-content\/uploads\/2016\/04\/3\u00b0-incontro-riforma-13.04.2016-1-001-320x240.jpg 320w, https:\/\/www.carlofrancio.net\/wp-content\/uploads\/2016\/04\/3\u00b0-incontro-riforma-13.04.2016-1-001-160x120.jpg 160w, https:\/\/www.carlofrancio.net\/wp-content\/uploads\/2016\/04\/3\u00b0-incontro-riforma-13.04.2016-1-001.jpg 640w\" sizes=\"auto, (max-width: 320px) 100vw, 320px\" \/><\/a>religiosi; vengono istituite, spesso in consonanza con la <span style=\"color: #800080;\">Riforma protestante<\/span> pi\u00f9 che in antitesi ad essa, comunit\u00e0 di chierici regolari pi\u00f9 liberi dalla fissit\u00e0 monastica e pi\u00f9 dediti all&#8217;<span style=\"color: #ff0000;\">apostolato<\/span> <span style=\"color: #ff6600;\">(Teatini, Barnabiti, Somaschi, Gesuiti etc<\/span>.). Particolare attenzione <span style=\"color: #0000ff;\">padre Felice<\/span> ha dedicato inevitabilmente alla fondazione della <strong><span style=\"color: #ff6600;\">Compagnia di Ges\u00f9<\/span> <\/strong>(<span style=\"color: #ff00ff;\">1540<\/span>), r<span style=\"color: #003366;\">ichiamando gli elementi riformisti presenti nella spiritualit\u00e0 ignaziana<\/span>: <span style=\"color: #008080;\">l\u2019invito alla povert\u00e0 materiale e spirituale, l\u2019impegno a non accettare cariche, il servizio apostolico, la dignit\u00e0 attribuita ai laici, che Ignazio considerava chiesa a tutti gli effetti e <a href=\"https:\/\/www.carlofrancio.net\/messina-sae-2a-in-vista-del-cinquecentenario-2017-della-riforma-luterana\/2012_10_25-sae-me-assemblea\/\" rel=\"attachment wp-att-23190\"><img loading=\"lazy\" decoding=\"async\" class=\"wp-image-23190 size-medium alignleft\" src=\"https:\/\/www.carlofrancio.net\/wp-content\/uploads\/2016\/04\/20121025_191856-Simonetta_Micale-150x240.jpg\" alt=\"2012_10_25-SAE-ME-Assemblea-\" width=\"150\" height=\"240\" srcset=\"https:\/\/www.carlofrancio.net\/wp-content\/uploads\/2016\/04\/20121025_191856-Simonetta_Micale-150x240.jpg 150w, https:\/\/www.carlofrancio.net\/wp-content\/uploads\/2016\/04\/20121025_191856-Simonetta_Micale-300x480.jpg 300w, https:\/\/www.carlofrancio.net\/wp-content\/uploads\/2016\/04\/20121025_191856-Simonetta_Micale.jpg 845w\" sizes=\"auto, (max-width: 150px) 100vw, 150px\" \/><\/a>annunciatori del vangelo.<\/span> <span style=\"color: #003366;\">Senz&#8217;altro lo stile dei gesuiti, ha concluso padre Scalia, ha rappresentato un seme di riforma all&#8217;interno della chiesa cattolica<\/span>.<br \/>\nNegli interventi seguiti alla relazione, il nostro socio <span style=\"color: #0000ff;\">Carmelo Labate<\/span> ha opportunamente ricordato la straordinaria attivit\u00e0 riformatrice (e pedagogica) di <span style=\"color: #0000ff;\">san Filippo Neri<\/span>, mentre il <span style=\"color: #3366ff;\">pastore valdese<\/span> <span style=\"color: #0000ff;\">Rosario Confessore<\/span> si \u00e8 chiesto come l&#8217;idea di una <strong><em><span style=\"color: #cc99ff;\">&#8216;<span style=\"color: #ff99cc;\">chiesa istituzione\u2019<\/span><\/span><\/em> <\/strong>possa accordarsi con le affermazioni conciliari secondo cui<span style=\"color: #003300;\"> la chiesa \u00e8 sacramento<\/span>, <span style=\"color: #ff99cc;\">cio\u00e8 <em>segno e strumento dell\u2019unione con Dio e in Dio<\/em><\/span> (<span style=\"color: #800080;\">mentre per la Riforma <em>Dio si rende presente nello Spirito e nella Parola<\/em><\/span>).<br \/>\nFine serata, ancora una volta, in allegra convivialit\u00e0.<\/p>\n<p>di <span style=\"color: #0000ff;\"><strong>Simonetta Micale<\/strong><\/span><\/p>\n","protected":false},"excerpt":{"rendered":"<p>\u00abIl terzo\u00a0e ultimo degli incontri sulla Riforma Luterana organizzati dal SAE di Messina con la collaborazione delle Chiese Valdese di Messina e Luterana di Sicilia, in preparazione al Cinquecentenario del &hellip; <\/p>\n","protected":false},"author":1,"featured_media":23321,"comment_status":"open","ping_status":"open","sticky":false,"template":"","format":"standard","meta":{"footnotes":""},"categories":[3,56],"tags":[28,30,426,32],"class_list":["post-23320","post","type-post","status-publish","format-standard","has-post-thumbnail","hentry","category-asso","category-servizi-attivita-ecumeniche","tag-chiesa-luterana","tag-chiesa-valdese","tag-cultura","tag-ecumenismo"],"_links":{"self":[{"href":"https:\/\/www.carlofrancio.net\/index.php?rest_route=\/wp\/v2\/posts\/23320","targetHints":{"allow":["GET"]}}],"collection":[{"href":"https:\/\/www.carlofrancio.net\/index.php?rest_route=\/wp\/v2\/posts"}],"about":[{"href":"https:\/\/www.carlofrancio.net\/index.php?rest_route=\/wp\/v2\/types\/post"}],"author":[{"embeddable":true,"href":"https:\/\/www.carlofrancio.net\/index.php?rest_route=\/wp\/v2\/users\/1"}],"replies":[{"embeddable":true,"href":"https:\/\/www.carlofrancio.net\/index.php?rest_route=%2Fwp%2Fv2%2Fcomments&post=23320"}],"version-history":[{"count":3,"href":"https:\/\/www.carlofrancio.net\/index.php?rest_route=\/wp\/v2\/posts\/23320\/revisions"}],"predecessor-version":[{"id":23327,"href":"https:\/\/www.carlofrancio.net\/index.php?rest_route=\/wp\/v2\/posts\/23320\/revisions\/23327"}],"wp:featuredmedia":[{"embeddable":true,"href":"https:\/\/www.carlofrancio.net\/index.php?rest_route=\/wp\/v2\/media\/23321"}],"wp:attachment":[{"href":"https:\/\/www.carlofrancio.net\/index.php?rest_route=%2Fwp%2Fv2%2Fmedia&parent=23320"}],"wp:term":[{"taxonomy":"category","embeddable":true,"href":"https:\/\/www.carlofrancio.net\/index.php?rest_route=%2Fwp%2Fv2%2Fcategories&post=23320"},{"taxonomy":"post_tag","embeddable":true,"href":"https:\/\/www.carlofrancio.net\/index.php?rest_route=%2Fwp%2Fv2%2Ftags&post=23320"}],"curies":[{"name":"wp","href":"https:\/\/api.w.org\/{rel}","templated":true}]}}