{"id":22060,"date":"2015-10-13T15:54:53","date_gmt":"2015-10-13T15:54:53","guid":{"rendered":"https:\/\/www.carlofrancio.net\/?p=22060"},"modified":"2015-10-13T15:54:53","modified_gmt":"2015-10-13T15:54:53","slug":"reggio-calabria-gli-studenti-protagonisti-del-processo-di-partecipazione-e-sensibilizzazione-nei-confronti-della-scienza","status":"publish","type":"post","link":"https:\/\/www.carlofrancio.net\/?p=22060","title":{"rendered":"Reggio Calabria &#8211; \u00abGli studenti protagonisti del processo di partecipazione e sensibilizzazione nei confronti della scienza\u00bb"},"content":{"rendered":"<h2 style=\"text-align: center;\"><span style=\"color: #800080;\"><a href=\"https:\/\/www.carlofrancio.net\/wp-content\/uploads\/2013\/11\/2-2013_11_26-PLA-Memoria_OLGA-LOGO_Planetario.jpg\"><img loading=\"lazy\" decoding=\"async\" class=\"alignleft size-medium wp-image-17544\" src=\"https:\/\/www.carlofrancio.net\/wp-content\/uploads\/2013\/11\/2-2013_11_26-PLA-Memoria_OLGA-LOGO_Planetario-183x240.jpg\" alt=\"2013_11_26-PLA-Memoria_OLGA\" width=\"183\" height=\"240\" srcset=\"https:\/\/www.carlofrancio.net\/wp-content\/uploads\/2013\/11\/2-2013_11_26-PLA-Memoria_OLGA-LOGO_Planetario-183x240.jpg 183w, https:\/\/www.carlofrancio.net\/wp-content\/uploads\/2013\/11\/2-2013_11_26-PLA-Memoria_OLGA-LOGO_Planetario.jpg 229w\" sizes=\"auto, (max-width: 183px) 100vw, 183px\" \/><\/a>\u201cXXV Settimana nazionale della Cultura Scientifica e Tecnologica\u201d<\/span><\/h2>\n<p>Da Luned\u00ec la Settimana della Cultura Scientifica e Tecnologica del Planetario provinciale Pythagoras<br \/>\nPrimo appuntamento al Museo Nazionale della Magna Graecia di Reggio Calabria<\/p>\n<p>Anche il Planetario provinciale Pythagoras di Reggio Calabria aderisce alla \u201cXXV Settimana nazionale della Cultura Scientifica e Tecnologica\u201d, promossa dal Ministero Universit\u00e0 e Ricerca, che si svolger\u00e0 dal 12 al 18 ottobre.<br \/>\nScopo dell\u2019evento \u00e8 quello di mobilitare tutte le competenze e le energie della Nazione per favorire la pi\u00f9 capillare diffusione di una solida e critica cultura tecnico-scientifica, essa si rivolge a tutti i cittadini ed in particolare agli studenti perch\u00e9 diventino protagonisti di questo processo di partecipazione e sensibilizzazione nei confronti della scienza.<br \/>\nI temi individuati dal Miur, per l\u2019edizione 2015, sono: \u201cScienza ed Alimentazione\u201d; \u201c2015 anno internazionale della luce e delle tecnologie basate sulla luce\u201d; \u201cL\u2019impatto sociale delle tecnologie della comunicazione\u201d.<br \/>\nNella nostra citt\u00e0 l\u2019evento inaugurale della settimana \u00e8 fissato per luned\u00ec 12 ottobre, alle ore 17.00, nell\u2019aula conferenze del Museo Archeologico Nazionale di Reggio Calabria, con l\u2019intervento curato dal Professor Roberto Buonanno, presidente della Societ\u00e0 Astronomica Italiana, dal titolo: \u201cL\u2019armonia della luce nelle sfere celesti\u201d.<br \/>\nL\u2019incontro sar\u00e0 allietato da un intermezzo musicale dei giovani <span style=\"color: #0000ff;\">Cristina Priolo<\/span> all\u2019arpa e <span style=\"color: #0000ff;\">Emanuele D\u2019Amico<\/span> al flauto, allievi del Conservatorio \u201cFrancesco Cilea\u201d di Reggio Calabria, diretto da <span style=\"color: #0000ff;\">Francesco Barill\u00e0.<\/span><br \/>\nL\u2019iniziativa si svolge in sinergia con la Sovrintendenza del Museo Archeologico Nazionale di Reggio Calabria, presieduta da <span style=\"color: #0000ff;\">Carmelo Malacrino.<\/span><br \/>\nL\u2019evento muove dalla sensibilit\u00e0 dell&#8217;assessore alla Cultura e alla Legalit\u00e0 della Provincia di Reggio Calabria, Eduardo Lamberti-Castronuovo ed aperto a tutta la cittadinanza.<br \/>\n<em><span style=\"color: #003366;\">Non \u00e8 un caso che la Settimana della Cultura Scientifica si svolga in concomitanza con la Settimana Europea della Democrazia Locale, al via il 15 ottobre, con l\u2019obiettivo comune di promuovere una pi\u00f9 ampia partecipazione dei cittadini alla societ\u00e0 e alle scelte civili.<\/span><\/em><br \/>\n<em><span style=\"color: #003366;\"> Anche gli insegnamenti e le tecniche scientifiche, infatti, aiutano a creare cittadini pi\u00f9 responsabili, una economia pi\u00f9 forte, un ambiente pi\u00f9 sano e un futuro migliore per tutti.<\/span><\/em><br \/>\nLe attitudini alla comunicazione, alla ricerca, alla documentazione e alla collaborazione fornite dalla scienza possono creare una generazione di individui preparati alle diverse professioni e in grado di offrire contributi significativi alla societ\u00e0.<\/p>\n<p><strong>P R O G R A M M A<\/strong><\/p>\n<p><span style=\"color: #ff00ff;\">Luned\u00ec 12 ottobre &#8211;\u00a0<\/span><span style=\"color: #000080;\">Planetario provinciale Pythagoras<\/span>, <span style=\"color: #ff00ff;\">ore 9.00<\/span> &#8211;\u00a0\u201c<span style=\"color: #7407b8;\"><em>Ottica, luce e color<\/em>e<\/span>\u201d &#8211;\u00a0Incontro con gli allievi dell\u2019I.C. \u201cG. Carducci \u2013 V. da Feltre\u201d &#8211;\u00a0Aula Magna Museo della Magna Grecia, <span style=\"color: #ff00ff;\">ore 17.00<\/span> &#8211;\u00a0Apertura della XXV Settimana Nazionale\u00a0della Cultura scientifica e tecnologica\u00a0Saluti delle Autorit\u00e0 &#8211;\u00a0\u201c<em><span style=\"color: #7407b8;\">L\u2019armonia della Luce nelle sfere celesti<\/span><\/em>\u201d &#8211;\u00a0Prof. <span style=\"color: #0000ff;\">Roberto Buonanno<\/span> _\u00a0Presidente della Societ\u00e0 Astronomica Italiana &#8211;\u00a0Intermezzo musicale\u00a0a cura del\u00a0Conservatorio \u201cFrancesco Cilea\u201d<\/p>\n<p><span style=\"color: #ff00ff;\">Marted\u00ec 13 ottobre &#8211;\u00a0<\/span><span style=\"color: #000080;\">Planetario provinciale Pythagoras<\/span>, <span style=\"color: #ff00ff;\">ore<\/span> <span style=\"color: #ff00ff;\">9.00<\/span>\u00a0\u201cL\u2019Universo nei vari colori\u201d\u00a0Incontro con gli allievi dell\u2019I.C. \u201cG. Carducci \u2013 V. da Feltre\u201d &#8211;\u00a0<span style=\"color: #000080;\">Planetario provinciale Pythagoras<\/span>, <span style=\"color: #ff00ff;\">ore 21.00<\/span>\u00a0\u201c<em><span style=\"color: #7407b8;\">Da Olbers a Ferlinghetti:\u00a0perch\u00e9 il cielo di notte \u00e8 buio?<\/span><\/em>\u201d\u00a0Prof.ssa <span style=\"color: #0000ff;\">Silvana Comi<\/span>\u00a0Docente esperta Planetario Pythagoras\u00a0Prof.ssa <span style=\"color: #0000ff;\">Angela Misiano<\/span>\u00a0Responsabile scientifico Planetario Pythagoras<\/p>\n<p><span style=\"color: #ff00ff;\">Mercoled\u00ec 14 ottobre &#8211;\u00a0<\/span><span style=\"color: #000080;\">Planetario provinciale Pythagoras<\/span>, <span style=\"color: #ff00ff;\">ore<\/span> <span style=\"color: #ff00ff;\">21.00<\/span>\u00a0\u201c<em><span style=\"color: #7407b8;\">Evoluzione del sistema Terra-Luna<\/span><\/em>\u201d\u00a0(a proposito di eclissi)\u00a0Dott. <span style=\"color: #0000ff;\">Maurizio Ternullo<\/span>\u00a0Astronomo Osservatorio Astrofisico Catania<\/p>\n<p><span style=\"color: #ff00ff;\">Gioved\u00ec 15 ottobre &#8211;\u00a0<\/span>Aula Magna L. C. \u201cTommaso Campanella\u201d, <span style=\"color: #ff00ff;\">ore 10.00<\/span>\u00a0\u201c<em><span style=\"color: #7407b8;\">Dall\u2019arcobaleno ai colori delle Stelle<\/span><\/em>\u201d\u00a0Dott. <span style=\"color: #0000ff;\">Maurizio Ternullo<\/span>\u00a0Astronomo Osservatorio Astrofisico Catania &#8211;\u00a0<span style=\"color: #000080;\">Planetario provinciale Pythagoras<\/span>, <span style=\"color: #ff00ff;\">ore 21.00<\/span>\u00a0\u201c<em><span style=\"color: #7407b8;\">La Luce cinerina della Luna<\/span><\/em>\u201d\u00a0Prof. <span style=\"color: #0000ff;\">Massimo Capaccioli<\/span>\u00a0Prof. ordinario Universit\u00e0 Federico II Napoli<\/p>\n<p><span style=\"color: #ff00ff;\">Venerd\u00ec 16 ottobre &#8211;\u00a0<\/span>Aula Magna L. S. \u201cAlessandro Volta\u201d, <span style=\"color: #ff00ff;\">ore 10.00<\/span>\u00a0\u201c<em><span style=\"color: #7407b8;\">Cos\u2019\u00e8 la Luce? Corpuscoli o onde?<\/span><\/em>\u201d\u00a0Prof. <span style=\"color: #0000ff;\">Massimo Capaccioli<\/span>\u00a0Prof. ordinario Universit\u00e0 Federico II Napoli &#8211;\u00a0<span style=\"color: #000080;\">Planetario provinciale Pythagoras<\/span>, <span style=\"color: #ff00ff;\">ore 21.00<\/span>\u00a0\u201c<em><span style=\"color: #7407b8;\">L\u2019esplorazione del sistema solare:\u00a0la missione spaziale THOR<\/span><\/em>\u201d\u00a0Prof. <span style=\"color: #0000ff;\">Francesco Valentini<\/span> \u00a0Ricercatore Universit\u00e0 della Calabria &#8211; dip. Fisica<\/p>\n<p><span style=\"color: #ff00ff;\">Sabato\u00a017 ottobre &#8211;\u00a0<\/span>Aula Magna L. S. \u201cLeonardo da Vinci\u201d, <span style=\"color: #ff00ff;\">ore 10.00<\/span>\u00a0\u201c<em><span style=\"color: #7407b8;\">Il 5 e la Luce: un excursus scientifico sulle pi\u00f9 significative scoperte sulla Luce che vennero realizzate in anni che terminavano con il numero 5<\/span><\/em>\u201d\u00a0Prof. <span style=\"color: #0000ff;\">Francesco Valentini<\/span>\u00a0Ricercatore Universit\u00e0 della Calabria &#8211; dip. Fisica &#8211;\u00a0<span style=\"color: #000080;\">Planetario provinciale Pythagoras<\/span>, <span style=\"color: #ff00ff;\">ore 21.00<\/span>\u00a0\u201c<span style=\"color: #7407b8;\"><em>La Luce delle stelle al Planetario<\/em><\/span>\u201d\u00a0a cura dello Staff del Planetario\u00a0<span style=\"color: #0000ff;\">Rosario Borrello, Marica Canonico, Carmelo Nucera<\/span><\/p>\n<p><span style=\"color: #ff00ff;\">Domenica\u00a018 ottobre &#8211;\u00a0<\/span><span style=\"color: #000080;\">Planetario provinciale Pythagoras<\/span>, <span style=\"color: #ff00ff;\">ore 11.0<\/span>0\u00a0\u201c<em><span style=\"color: #7407b8;\">Scienza Express per bambini:\u00a0esperimenti con la Luce<\/span><\/em>\u201d\u00a0a cura dello Staff del Planetario\u00a0<span style=\"color: #0000ff;\">Rosario<\/span> <span style=\"color: #0000ff;\">Borrello, Marica Canonico, Carmelo Nucera<\/span><\/p>\n","protected":false},"excerpt":{"rendered":"<p>\u201cXXV Settimana nazionale della Cultura Scientifica e Tecnologica\u201d Da Luned\u00ec la Settimana della Cultura Scientifica e Tecnologica del Planetario provinciale Pythagoras Primo appuntamento al Museo Nazionale della Magna Graecia di &hellip; <\/p>\n","protected":false},"author":1,"featured_media":0,"comment_status":"open","ping_status":"open","sticky":false,"template":"","format":"standard","meta":{"footnotes":""},"categories":[3,227,1],"tags":[219,426,34,430],"class_list":["post-22060","post","type-post","status-publish","format-standard","hentry","category-asso","category-planetario-provinciale-pitagora-di-reggio-calabria","category-senza-categoria","tag-astronomia","tag-cultura","tag-giovani","tag-scuola"],"_links":{"self":[{"href":"https:\/\/www.carlofrancio.net\/index.php?rest_route=\/wp\/v2\/posts\/22060","targetHints":{"allow":["GET"]}}],"collection":[{"href":"https:\/\/www.carlofrancio.net\/index.php?rest_route=\/wp\/v2\/posts"}],"about":[{"href":"https:\/\/www.carlofrancio.net\/index.php?rest_route=\/wp\/v2\/types\/post"}],"author":[{"embeddable":true,"href":"https:\/\/www.carlofrancio.net\/index.php?rest_route=\/wp\/v2\/users\/1"}],"replies":[{"embeddable":true,"href":"https:\/\/www.carlofrancio.net\/index.php?rest_route=%2Fwp%2Fv2%2Fcomments&post=22060"}],"version-history":[{"count":3,"href":"https:\/\/www.carlofrancio.net\/index.php?rest_route=\/wp\/v2\/posts\/22060\/revisions"}],"predecessor-version":[{"id":22063,"href":"https:\/\/www.carlofrancio.net\/index.php?rest_route=\/wp\/v2\/posts\/22060\/revisions\/22063"}],"wp:attachment":[{"href":"https:\/\/www.carlofrancio.net\/index.php?rest_route=%2Fwp%2Fv2%2Fmedia&parent=22060"}],"wp:term":[{"taxonomy":"category","embeddable":true,"href":"https:\/\/www.carlofrancio.net\/index.php?rest_route=%2Fwp%2Fv2%2Fcategories&post=22060"},{"taxonomy":"post_tag","embeddable":true,"href":"https:\/\/www.carlofrancio.net\/index.php?rest_route=%2Fwp%2Fv2%2Ftags&post=22060"}],"curies":[{"name":"wp","href":"https:\/\/api.w.org\/{rel}","templated":true}]}}