{"id":2144,"date":"2009-05-27T11:11:03","date_gmt":"2009-05-27T10:11:03","guid":{"rendered":"https:\/\/www.carlofrancio.net\/blog\/?p=2144"},"modified":"2009-05-27T11:11:03","modified_gmt":"2009-05-27T10:11:03","slug":"pregare-insieme-%c2%abla-violenza-del-passare-oltre-la-nonviolenza-del-fermarsi-sae-parrocchia-santa-maria-della-consolazione","status":"publish","type":"post","link":"https:\/\/www.carlofrancio.net\/?p=2144","title":{"rendered":"Pregare insieme       &#8211;      \u00abLa violenza del &quot;passare oltre&quot; La nonviolenza del &quot;fermarsi&quot;"},"content":{"rendered":"<p><span style=\"font-size: small;\"><strong><span style=\"color: #008000;\">SAE <\/span><\/strong>&#8211; <a href=\"https:\/\/www.carlofrancio.net\/blog\/wp-content\/uploads\/2009\/05\/260520091221.jpg\"><img loading=\"lazy\" decoding=\"async\" class=\"alignleft size-thumbnail wp-image-2154\" title=\"260520091221\" src=\"https:\/\/www.carlofrancio.net\/blog\/wp-content\/uploads\/2009\/05\/260520091221-150x150.jpg\" alt=\"260520091221\" width=\"150\" height=\"150\" \/><\/a><span style=\"color: #008000;\">Carmelo Labate<\/span>.\u00a0\u00a0\u00a0\u00a0<\/span><\/p>\n<p><span style=\"font-size: small;\">Un momento di sicuro raccoglimento nella preghiera si \u00e8 rivelato l\u2019incontro al quale marted\u00ec 26 maggio abbiamo partecipato nella <span style=\"color: #000080;\"><strong>parrocchia<\/strong><\/span>\u00a0<span style=\"color: #0000ff;\"><strong>S. Maria della Consolazione <span style=\"color: #000080;\">di Villaggio Santo<\/span>.\u00a0<\/strong><\/span><\/span><span style=\"color: #0000ff;\"><strong>\u00a0<\/strong><\/span><\/p>\n<p><span style=\"font-size: small;\"><a href=\"https:\/\/www.carlofrancio.net\/blog\/wp-content\/uploads\/2009\/05\/260520091210.jpg\"><img loading=\"lazy\" decoding=\"async\" class=\"alignright size-thumbnail wp-image-2148\" title=\"260520091210\" src=\"https:\/\/www.carlofrancio.net\/blog\/wp-content\/uploads\/2009\/05\/260520091210-150x150.jpg\" alt=\"260520091210\" width=\"150\" height=\"150\" \/><\/a><\/span><\/p>\n<p><a href=\"https:\/\/www.carlofrancio.net\/blog\/wp-content\/uploads\/2009\/05\/260520091209.jpg\"><img loading=\"lazy\" decoding=\"async\" class=\"size-thumbnail wp-image-2147 alignright\" title=\"260520091209\" src=\"https:\/\/www.carlofrancio.net\/blog\/wp-content\/uploads\/2009\/05\/260520091209-150x150.jpg\" alt=\"260520091209\" width=\"150\" height=\"150\" \/><\/a>Un misurato equilibrio\u00a0 tra preghiera e riflessione e simbologia che ha aiutato tutti i numerosi presenti a prendere coscienza che <em style=\"mso-bidi-font-style: normal;\">il passare oltre dinanzi all\u2019uomo in bisogno<\/em> \u00e8 la violenza del nostro tempo, come pure il <em style=\"mso-bidi-font-style: normal;\">restare tra cristiani nella divisione<\/em>.<\/p>\n<p><a href=\"https:\/\/www.carlofrancio.net\/blog\/wp-content\/uploads\/2009\/05\/260520091215.jpg\"><img loading=\"lazy\" decoding=\"async\" class=\"alignright size-thumbnail wp-image-2151\" title=\"260520091215\" src=\"https:\/\/www.carlofrancio.net\/blog\/wp-content\/uploads\/2009\/05\/260520091215-150x150.jpg\" alt=\"260520091215\" width=\"150\" height=\"150\" \/><\/a>Il fermarsi, invece, \u00e8 nonviolenza attiva che crea collaborazione e comunione fra diversi.<a href=\"https:\/\/www.carlofrancio.net\/blog\/wp-content\/uploads\/2009\/05\/260520091216.jpg\"><img loading=\"lazy\" decoding=\"async\" class=\"alignleft size-thumbnail wp-image-2152\" title=\"260520091216\" src=\"https:\/\/www.carlofrancio.net\/blog\/wp-content\/uploads\/2009\/05\/260520091216-150x150.jpg\" alt=\"260520091216\" width=\"150\" height=\"150\" \/><\/a><a href=\"https:\/\/www.carlofrancio.net\/blog\/wp-content\/uploads\/2009\/05\/260520091217.jpg\"><img loading=\"lazy\" decoding=\"async\" class=\"aligncenter size-thumbnail wp-image-2153\" title=\"260520091217\" src=\"https:\/\/www.carlofrancio.net\/blog\/wp-content\/uploads\/2009\/05\/260520091217-150x150.jpg\" alt=\"260520091217\" width=\"150\" height=\"150\" \/><\/a><\/p>\n<p class=\"MsoNormal\" style=\"margin: 0cm 0cm 0pt; text-indent: 27pt; text-align: justify;\"><span style=\"font-size: 11pt;\">Mentre nel mondo attuale continuiamo a scendere dalle nostre Gerusalemme alle nostre Gerico discutendo chi \u00e8 pi\u00f9 nel giusto e possiede pi\u00f9 verit\u00e0, ai margini delle strade che percorriamo parecchia gente resta per terra sanguinante vittima di briganti senza scrupoli.<\/span><\/p>\n<p class=\"MsoNormal\" style=\"margin: 0cm 0cm 0pt; text-indent: 27pt; text-align: justify;\"><span style=\"font-size: 11pt;\"><!--more--><\/span><\/p>\n<p class=\"MsoNormal\" style=\"margin: 0cm 0cm 0pt; text-indent: 27pt; text-align: justify;\"><span style=\"font-size: 11pt;\"><a href=\"https:\/\/www.carlofrancio.net\/blog\/wp-content\/uploads\/2009\/05\/260520091229.jpg\"><img loading=\"lazy\" decoding=\"async\" class=\"alignleft size-thumbnail wp-image-2156\" title=\"260520091229\" src=\"https:\/\/www.carlofrancio.net\/blog\/wp-content\/uploads\/2009\/05\/260520091229-150x150.jpg\" alt=\"260520091229\" width=\"150\" height=\"150\" \/><\/a><\/span><\/p>\n<p class=\"MsoNormal\" style=\"margin: 0cm 0cm 0pt; text-indent: 27pt; text-align: justify;\"><a href=\"https:\/\/www.carlofrancio.net\/blog\/wp-content\/uploads\/2009\/05\/260520091242.jpg\"><img loading=\"lazy\" decoding=\"async\" class=\"alignright size-thumbnail wp-image-2162\" title=\"260520091242\" src=\"https:\/\/www.carlofrancio.net\/blog\/wp-content\/uploads\/2009\/05\/260520091242-150x150.jpg\" alt=\"260520091242\" width=\"150\" height=\"150\" \/><\/a><a href=\"https:\/\/www.carlofrancio.net\/blog\/wp-content\/uploads\/2009\/05\/260520091231.jpg\"><img loading=\"lazy\" decoding=\"async\" class=\"aligncenter size-thumbnail wp-image-2157\" title=\"260520091231\" src=\"https:\/\/www.carlofrancio.net\/blog\/wp-content\/uploads\/2009\/05\/260520091231-150x150.jpg\" alt=\"260520091231\" width=\"150\" height=\"150\" \/><\/a>\u00a0<span style=\"font-size: 11pt; color: maroon;\">La verit\u00e0 della Pentecoste \u00e8 quella che con la comunione si oppone alla Babele che divide. <\/span><\/p>\n<p class=\"MsoNormal\" style=\"margin: 0cm 0cm 0pt; text-indent: 27pt; text-align: justify;\"><span style=\"font-size: 11pt; color: maroon;\"><a href=\"https:\/\/www.carlofrancio.net\/blog\/wp-content\/uploads\/2009\/05\/260520091233.jpg\"><img loading=\"lazy\" decoding=\"async\" class=\"alignleft size-thumbnail wp-image-2158\" title=\"260520091233\" src=\"https:\/\/www.carlofrancio.net\/blog\/wp-content\/uploads\/2009\/05\/260520091233-150x150.jpg\" alt=\"260520091233\" width=\"150\" height=\"150\" \/><\/a><a href=\"https:\/\/www.carlofrancio.net\/blog\/wp-content\/uploads\/2009\/05\/260520091238.jpg\"><img loading=\"lazy\" decoding=\"async\" class=\"alignright size-thumbnail wp-image-2160\" title=\"260520091238\" src=\"https:\/\/www.carlofrancio.net\/blog\/wp-content\/uploads\/2009\/05\/260520091238-150x150.jpg\" alt=\"260520091238\" width=\"150\" height=\"150\" \/><\/a><\/span><\/p>\n<p><a href=\"https:\/\/www.carlofrancio.net\/blog\/wp-content\/uploads\/2009\/05\/260520091237.jpg\"><img loading=\"lazy\" decoding=\"async\" class=\"aligncenter size-thumbnail wp-image-2159\" title=\"260520091237\" src=\"https:\/\/www.carlofrancio.net\/blog\/wp-content\/uploads\/2009\/05\/260520091237-150x150.jpg\" alt=\"260520091237\" width=\"150\" height=\"150\" \/><\/a>E\u2019, quindi, l\u2019amore, che si oppone ad ogni violenza, \u00e8 la luce che si oppone ad ogni buio, \u00e8 la giustizia che si oppone ad ogni prepotenza. La verit\u00e0 tutta intera, infatti, coincide con l\u2019amore, con la giustizia, con la libert\u00e0, ed \u00e8 fonte di pace. Non \u00e8 sostenuta dalle istituzioni per affermarsi, ma si espande in ogni cuore attraverso la vita secondo lo spirito di persone vere, capaci di mettere in circolazione l\u2019amore dello Spirito Santo riversato nei loro cuori.<\/p>\n<p><a href=\"https:\/\/www.carlofrancio.net\/blog\/wp-content\/uploads\/2009\/05\/260520091239.jpg\"><img loading=\"lazy\" decoding=\"async\" class=\"alignleft size-thumbnail wp-image-2161\" title=\"260520091239\" src=\"https:\/\/www.carlofrancio.net\/blog\/wp-content\/uploads\/2009\/05\/260520091239-150x150.jpg\" alt=\"260520091239\" width=\"150\" height=\"150\" \/><\/a>\u00a0Lo Spirito Santo non irrompe per unire altri sotto un unico vessillo n\u00e9 per far aderire fermamente ad un corpo di verit\u00e0, ma per far rinascere umanit\u00e0, per dare il coraggio di fermarsi dinanzi ad un malcapitato lasciato mezzo morto, per rendere sensibile la tenerezza del Padre nel mondo di oggi e di sempre.<\/p>\n<p class=\"MsoNormal\" style=\"margin: 0cm 0cm 0pt; text-indent: 27pt; text-align: justify;\"><span style=\"font-size: 11pt; color: maroon;\">Passare oltre non \u00e8 lecito perch\u00e9 \u00e8 gi\u00e0 violenza. Solo chi ama si va avvicinando alla verit\u00e0 intera. Quando tutti saremo una sola cosa saremo tutti nella verit\u00e0. Finch\u00e9 siamo divisi la verit\u00e0 sar\u00e0 sempre parziale, perch\u00e9 la verit\u00e0 siamo tutti insieme. <\/span><\/p>\n<p class=\"MsoNormal\" style=\"margin: 0cm 0cm 0pt; text-indent: 27pt; text-align: justify;\">\u00a0<\/p>\n<p class=\"MsoNormal\" style=\"margin: 0cm 0cm 0pt; text-indent: 27pt; text-align: justify;\"><span style=\"font-size: 11pt; color: maroon;\"><a href=\"https:\/\/www.carlofrancio.net\/blog\/wp-content\/uploads\/2009\/05\/260520091244.jpg\"><img loading=\"lazy\" decoding=\"async\" class=\"alignleft size-thumbnail wp-image-2163\" title=\"260520091244\" src=\"https:\/\/www.carlofrancio.net\/blog\/wp-content\/uploads\/2009\/05\/260520091244-150x150.jpg\" alt=\"260520091244\" width=\"150\" height=\"150\" \/><\/a>Per simboleggiare questi due momenti di <strong style=\"mso-bidi-font-weight: normal;\">divisione<\/strong> e di <strong style=\"mso-bidi-font-weight: normal;\">comunione per il servizio<\/strong> sono stati posti <em style=\"mso-bidi-font-style: normal;\">il cero pasquale<\/em> al centro e accanto dei <em style=\"mso-bidi-font-style: normal;\">boccali di acqua<\/em> e un <em style=\"mso-bidi-font-style: normal;\">vassoio di terra<\/em>. L\u2019acqua \u00e8 stata versata in una brocca pi\u00f9 grande per significare che il mettere insieme le singole forze produce comunione e fa germogliare la terra. In conclusione tutti hanno potuto attingere alla stessa acqua indivisa e simbolicamente saziarsene. <\/span><\/p>\n<p class=\"MsoNormal\" style=\"margin: 0cm 0cm 0pt; text-indent: 27pt; text-align: justify;\"><span style=\"font-size: 11pt; color: maroon; font-family: 'Times New Roman'; mso-fareast-font-family: 'Times New Roman'; mso-ansi-language: IT; mso-fareast-language: IT; mso-bidi-language: AR-SA;\"><a href=\"https:\/\/www.carlofrancio.net\/blog\/wp-content\/uploads\/2009\/05\/260520091245.jpg\"><img loading=\"lazy\" decoding=\"async\" class=\"alignleft size-thumbnail wp-image-2164\" title=\"260520091245\" src=\"https:\/\/www.carlofrancio.net\/blog\/wp-content\/uploads\/2009\/05\/260520091245-150x150.jpg\" alt=\"260520091245\" width=\"150\" height=\"150\" \/><\/a>Grazie a fra Marcellino e alla sua comunit\u00e0 parrocchiale per l\u2019accoglienza e a tutti gli altri: Ass. Ecumenica \u201cE. Cialla\u201d-Segretariato Attivit\u00e0 Ecumeniche di Messina, Comunit\u00e0 di Sant\u2019Egidio, Movimento dei Focolarini, Chiesa Avventista del Settimo Giorno, Parrocchia del Graffeo cattolica di rito bizantino, don Felice Bruno e parrocchiani della Parrocchia del Don Orione. <\/span><\/p>\n<p class=\"MsoNormal\" style=\"margin: 0cm 0cm 0pt; text-indent: 27pt; text-align: justify;\"><span style=\"font-size: 11pt; color: maroon; font-family: 'Times New Roman'; mso-fareast-font-family: 'Times New Roman'; mso-ansi-language: IT; mso-fareast-language: IT; mso-bidi-language: AR-SA;\"><!--more--><\/span><\/p>\n<p class=\"MsoNormal\" style=\"margin: 0cm 0cm 0pt; text-indent: 27pt; text-align: justify;\">\n<div class=\"MsoNormal\" style=\"margin: 0cm 0cm 0pt; text-indent: 27pt; text-align: justify;\"><span style=\"font-size: 11pt; color: maroon; font-family: 'Times New Roman'; mso-fareast-font-family: 'Times New Roman'; mso-ansi-language: IT; mso-fareast-language: IT; mso-bidi-language: AR-SA;\"><\/p>\n<p><\/span>\u00a0<\/p>\n<div><span style=\"font-size: 11pt; color: maroon; font-family: 'Times New Roman'; mso-fareast-font-family: 'Times New Roman'; mso-ansi-language: IT; mso-fareast-language: IT; mso-bidi-language: AR-SA;\">\u00a0<\/span><\/div>\n<div><span style=\"font-size: 11pt; color: maroon; font-family: 'Times New Roman'; mso-fareast-font-family: 'Times New Roman'; mso-ansi-language: IT; mso-fareast-language: IT; mso-bidi-language: AR-SA;\">\u00a0<\/span><\/div>\n<div><span style=\"font-size: 11pt; color: maroon; font-family: 'Times New Roman'; mso-fareast-font-family: 'Times New Roman'; mso-ansi-language: IT; mso-fareast-language: IT; mso-bidi-language: AR-SA;\">\u00a0<\/span><\/div>\n<div><span style=\"font-size: 11pt; color: maroon; font-family: 'Times New Roman'; mso-fareast-font-family: 'Times New Roman'; mso-ansi-language: IT; mso-fareast-language: IT; mso-bidi-language: AR-SA;\">\u00a0<\/span><\/div>\n<div><span style=\"font-size: 11pt; color: maroon; font-family: 'Times New Roman'; mso-fareast-font-family: 'Times New Roman'; mso-ansi-language: IT; mso-fareast-language: IT; mso-bidi-language: AR-SA;\">\u00a0<\/span><\/div>\n<div><span style=\"font-size: 11pt; color: maroon; font-family: 'Times New Roman'; mso-fareast-font-family: 'Times New Roman'; mso-ansi-language: IT; mso-fareast-language: IT; mso-bidi-language: AR-SA;\">\u00a0<\/span><\/div>\n<div><span style=\"font-size: 11pt; color: maroon; font-family: 'Times New Roman'; mso-fareast-font-family: 'Times New Roman'; mso-ansi-language: IT; mso-fareast-language: IT; mso-bidi-language: AR-SA;\">\u00a0<\/span><\/div>\n<p><span style=\"font-size: 11pt; color: maroon; font-family: 'Times New Roman'; mso-fareast-font-family: 'Times New Roman'; mso-ansi-language: IT; mso-fareast-language: IT; mso-bidi-language: AR-SA;\">\u00a0<\/p>\n<p><\/span><\/div><\/p>\n","protected":false},"excerpt":{"rendered":"<p>SAE &#8211; Carmelo Labate.\u00a0\u00a0\u00a0\u00a0 Un momento di sicuro raccoglimento nella preghiera si \u00e8 rivelato l\u2019incontro al quale marted\u00ec 26 maggio abbiamo partecipato nella parrocchia\u00a0S. Maria della Consolazione di Villaggio Santo.\u00a0\u00a0 &hellip; <\/p>\n","protected":false},"author":1,"featured_media":0,"comment_status":"open","ping_status":"closed","sticky":false,"template":"","format":"standard","meta":{"footnotes":""},"categories":[54,65,70,56],"tags":[425,426,32],"class_list":["post-2144","post","type-post","status-publish","format-standard","hentry","category-arcidiocesi-di-messina","category-comunita-di-s-egidio","category-chiesa-santa-maria-della-consolazione-santo","category-servizi-attivita-ecumeniche","tag-chiesa_cattolica","tag-cultura","tag-ecumenismo"],"_links":{"self":[{"href":"https:\/\/www.carlofrancio.net\/index.php?rest_route=\/wp\/v2\/posts\/2144","targetHints":{"allow":["GET"]}}],"collection":[{"href":"https:\/\/www.carlofrancio.net\/index.php?rest_route=\/wp\/v2\/posts"}],"about":[{"href":"https:\/\/www.carlofrancio.net\/index.php?rest_route=\/wp\/v2\/types\/post"}],"author":[{"embeddable":true,"href":"https:\/\/www.carlofrancio.net\/index.php?rest_route=\/wp\/v2\/users\/1"}],"replies":[{"embeddable":true,"href":"https:\/\/www.carlofrancio.net\/index.php?rest_route=%2Fwp%2Fv2%2Fcomments&post=2144"}],"version-history":[{"count":1,"href":"https:\/\/www.carlofrancio.net\/index.php?rest_route=\/wp\/v2\/posts\/2144\/revisions"}],"predecessor-version":[{"id":10657,"href":"https:\/\/www.carlofrancio.net\/index.php?rest_route=\/wp\/v2\/posts\/2144\/revisions\/10657"}],"wp:attachment":[{"href":"https:\/\/www.carlofrancio.net\/index.php?rest_route=%2Fwp%2Fv2%2Fmedia&parent=2144"}],"wp:term":[{"taxonomy":"category","embeddable":true,"href":"https:\/\/www.carlofrancio.net\/index.php?rest_route=%2Fwp%2Fv2%2Fcategories&post=2144"},{"taxonomy":"post_tag","embeddable":true,"href":"https:\/\/www.carlofrancio.net\/index.php?rest_route=%2Fwp%2Fv2%2Ftags&post=2144"}],"curies":[{"name":"wp","href":"https:\/\/api.w.org\/{rel}","templated":true}]}}