{"id":21317,"date":"2015-05-06T18:53:49","date_gmt":"2015-05-06T18:53:49","guid":{"rendered":"https:\/\/www.carlofrancio.net\/?p=21317"},"modified":"2015-05-06T18:53:49","modified_gmt":"2015-05-06T18:53:49","slug":"palermo-per-un-vero-rinnovamento-delluomo-la-pentecoste-dello-spirito","status":"publish","type":"post","link":"https:\/\/www.carlofrancio.net\/?p=21317","title":{"rendered":"Palermo &#8211; Per un vero rinnovamento dell&#8217;Uomo \u00abLA PENTECOSTE DELLO SPIRITO\u00bb"},"content":{"rendered":"<h3><a href=\"https:\/\/www.carlofrancio.net\/wp-content\/uploads\/2015\/05\/2015_05_20-PA-Pentecoste-Ecumenica.jpg\"><img loading=\"lazy\" decoding=\"async\" class=\"alignleft wp-image-21318 size-large\" src=\"https:\/\/www.carlofrancio.net\/wp-content\/uploads\/2015\/05\/2015_05_20-PA-Pentecoste-Ecumenica-340x480.jpg\" alt=\"2015_05_20-PA-UPEDI-Pentecoste_Ecumenica\" width=\"340\" height=\"480\" srcset=\"https:\/\/www.carlofrancio.net\/wp-content\/uploads\/2015\/05\/2015_05_20-PA-Pentecoste-Ecumenica-340x480.jpg 340w, https:\/\/www.carlofrancio.net\/wp-content\/uploads\/2015\/05\/2015_05_20-PA-Pentecoste-Ecumenica-170x240.jpg 170w, https:\/\/www.carlofrancio.net\/wp-content\/uploads\/2015\/05\/2015_05_20-PA-Pentecoste-Ecumenica.jpg 566w\" sizes=\"auto, (max-width: 340px) 100vw, 340px\" \/><\/a><span style=\"color: #ff0000;\">Preparazione alla Pentecoste 2015 &#8211;\u00a0<span style=\"color: #333399;\">Chiese Ecumeniche di Palermo<\/span><\/span><\/h3>\n<p>Celebrazione della preparazione alla <span style=\"color: #ff0000;\"><strong>\u201cPentecoste\u201d<\/strong><\/span><br \/>\nGiorno : <strong><span style=\"color: #ff00ff;\">mercoled\u00ec 20 Maggio 2015<\/span><\/strong>. Ore 19. Presso la <span style=\"color: #003300;\"><strong>Chiesa Anglicana<\/strong><\/span><br \/>\nElenco delle Chiese che hanno aderito sul territorio di Palermo<br \/>\n<span style=\"color: #003300;\"><strong>1)<\/strong> <span style=\"color: #008000;\"><strong>Chiesa Anglicana<\/strong><\/span><\/span> \u2013 <span style=\"color: #0000ff;\">Sig.ra Carey<\/span><br \/>\n<span style=\"color: #003300;\"><strong>2)<\/strong> <span style=\"color: #008000;\"><strong>Chiesa Cattolica<\/strong><\/span><\/span> parroco <span style=\"color: #0000ff;\">don Pietro Magr<\/span>o<br \/>\n<span style=\"color: #003300;\"><strong>3)<\/strong> <span style=\"color: #008000;\"><strong>Chiesa Cristiana Avventist<\/strong><strong>a<\/strong><\/span><\/span> <span style=\"color: #0000ff;\">pastore Dinca Costantin<\/span><br \/>\n<span style=\"color: #003300;\"><strong>4)<\/strong> <span style=\"color: #008000;\"><strong>Chiesa Evangelica Luterana<\/strong><\/span><\/span> <span style=\"color: #0000ff;\">pastore Latz<\/span><br \/>\n<span style=\"color: #003300;\"><strong>5)<\/strong> <span style=\"color: #008000;\"><strong>Chiesa Evangelica della Riconciliazione<\/strong><\/span><\/span> <span style=\"color: #0000ff;\">pastore Mauro Adragna<\/span><br \/>\n<span style=\"color: #003300;\"><strong>6)<\/strong><\/span> <span style=\"color: #008000;\"><strong>Chiesa Evangelica Valdese<\/strong> <\/span><span style=\"color: #0000ff;\">pastore Peter Ciaccio<\/span><br \/>\n<span style=\"color: #003300;\"><strong>7)<\/strong><\/span> <span style=\"color: #008000;\"><strong>Parrocchia Ortodossa Romena<\/strong><\/span> <span style=\"color: #0000ff;\">p. Martinian<\/span><br \/>\n<span style=\"color: #003300;\"><strong>8)<\/strong><\/span> <span style=\"color: #008000;\"><strong>Parrocchia di San Nicol\u00f2 dei Greci dell\u2019Eparchia di Piana degli Albanesi<\/strong> <\/span><span style=\"color: #0000ff;\">diacono Paolo Gionfriddo<\/span><br \/>\n<span style=\"color: #003300;\"><strong>9)<\/strong><\/span> <span style=\"color: #008000;\"><strong>Parrocchia della sacra Arcidiocesi d&#8217;Italia e Malta del Patriarcato di Costantinopoli<\/strong> <\/span>\u2013\u00a0<span style=\"color: #0000ff;\">p. Paolo Patricolo<\/span><br \/>\n<span style=\"color: #003300;\"><strong>10)<\/strong><\/span> <span style=\"color: #008000;\"><strong>Parrocchia La Martorana di rito Bizantino<\/strong><\/span>: <span style=\"color: #0000ff;\">Papas Nicola Cuccia Virgilio<\/span><br \/>\n<span style=\"color: #800080;\">Tutti i rappresentanti saranno con gli abiti usati per le celebrazioni secondo tradizioni<\/span><br \/>\n<span style=\"color: #800080;\">Liturgia della Celebrazione:<\/span><br \/>\n*<span style=\"color: #ff99cc;\"><strong>Benvenuto e presentazione:<\/strong><\/span> <span style=\"color: #008000;\"><strong>Chiesa ospitante Anglicana<\/strong><\/span><br \/>\n*Canto Chiesa Anglicana \u201cSoffia su di me Spirito Divino\u201d\u2026&#8221; Breathe on me, Breath of God&#8221;.\u2026<br \/>\n*Invocazione Spirito Paraclito: Chiesa Cattolica di rito Bizantino\u00a0Diacono Paolo Gionfriddo<br \/>\n*Lettura: Chiesa Ortodossa della sacra Arcidiocesi d\u2019Italia e Malta patriarcato di\u00a0Costantinopoli &#8211; P. Paolo Patricolo<br \/>\n<strong><span style=\"color: #993366;\">Atti 2:1-18<\/span> <\/strong><em><span style=\"color: #008080;\">Quando il giorno della Pentecoste giunse, tutti erano insieme nello stesso luogo. 2 Improvvisamente si fece dal cielo un suono come di vento impetuoso che soffia, e riemp\u00ec tutta la casa dov&#8217;essi erano seduti. 3 Apparvero loro delle lingue come di fuoco che si dividevano e se ne pos\u00f2 una su ciascuno di loro. 4 Tutti furono riempiti di Spirito Santo e cominciarono a parlare in altre lingue, come lo Spirito dava loro di esprimersi.<\/span><\/em><br \/>\n<em><span style=\"color: #008080;\">5 Or a Gerusalemme soggiornavano dei Giudei, uomini religiosi di ogni nazione che \u00e8 sotto il cielo. 6 Quando avvenne quel suono, la folla si raccolse e fu confusa, perch\u00e9 ciascuno li udiva parlare nella propria lingua. 7 E tutti stupivano e si meravigliavano, dicendo: \u00abTutti questi che parlano non sono Galilei? 8 Come mai li udiamo parlare ciascuno nella nostra propria lingua natia? 9 Noi Parti, Medi, Elamiti, abitanti della Mesopotamia, della Giudea e della Cappadocia, del Ponto e dell&#8217;Asia, 10 della Frigia e della Panfilia, dell&#8217;Egitto e delle parti della Libia cirenaica e pellegrini romani, 11 tanto Giudei che proseliti, Cretesi e Arabi, li udiamo parlare delle grandi cose di Dio nelle nostre lingue\u00bb. 12 Tutti stupivano ed erano perplessi chiedendosi l&#8217;uno all&#8217;altro: \u00abChe cosa significa questo?\u00bb 13 Ma altri li deridevano e dicevano: \u00abSono pieni di vino dolce\u00bb. 14 Ma Pietro, levatosi in piedi con gli undici, alz\u00f2 la voce e parl\u00f2 loro cos\u00ec: \u00abUomini di Giudea, e voi tutti che abitate in Gerusalemme, vi sia noto questo, e ascoltate attentamente le mie parole. 15 Questi non sono ubriachi, come voi supponete, perch\u00e9 \u00e8 soltanto la terza ora del giorno; 16 ma questo \u00e8 quanto fu annunciato per mezzo del profeta Gioele:17 &#8220;Avverr\u00e0 negli ultimi giorni&#8221;, dice Dio, &#8220;che io spander\u00f2 il mio Spirito sopra ogni persona; i vostri figli e le vostre figlie profetizzeranno, i vostri giovani avranno delle visioni, e i vostri vecchi sogneranno dei sogni. 18 Anche sui miei servi e sulle mie serve, in quei giorni, spander\u00f2 il mio Spirito, e profetizzeranno.<\/span><\/em><br \/>\n*<span style=\"color: #800000;\">Meditazione<\/span> sul tema: Chiesa Cristiana Avventista\u00a0Pastore Costantino Dinca<br \/>\n*<span style=\"color: #800000;\">Testimonianza<\/span> Chiesa Evangelica della riconciliazione\u00a0Pastore Cristian Miraglia<br \/>\n*<span style=\"color: #800000;\">Preghiere spontanee<\/span> delle comunit\u00e0: Ortodossa e Cattolica di rito Bizantino.<br \/>\n*<span style=\"color: #800000;\">Padre Nostro<\/span> Chiesa Cattolica &#8211; Parroco Pietro Magro<br \/>\n<strong><span style=\"color: #993366;\">Matteo 6: 9-13: 9<\/span> <\/strong>&#8220;<span style=\"color: #003366;\"><em>Padre nostro che sei nei cieli, sia santificato il tuo nome; 10 venga il tuo regno; sia fatta la tua volont\u00e0 anche in terra come \u00e8 fatta in cielo. 11 Dacci oggi il nostro pane quotidiano; 12 rimettici i nostri debiti come anche noi li abbiamo rimessi ai nostri debitori<\/em><\/span>; 13 <span style=\"color: #003366;\"><em>e non abbandonarci alla tentazione, ma liberaci dal maligno. Perch\u00e9 a te appartengono il regno, la potenza e la gloria in eterno, amen<\/em><\/span>.&#8221;<br \/>\n*Canto: \u201cCristo \u00e8 risorto veramente\u201d Chiesa Cattolica<br \/>\n*Benedizione e saluto di congedo: Chiesa Evangelica Valdese\u00a0Pastore Peter Ciaccio.<br \/>\n<strong><span style=\"color: #993366;\">2Cor 13:11-13<\/span><\/strong> \u201c<span style=\"color: #008080;\">Del resto, fratelli, rallegratevi, ricercate la perfezione, siate consolati, abbiate un medesimo sentimento, vivete in pace; e il Dio d&#8217;amore e di pace sar\u00e0 con voi<\/span>. 12 <span style=\"color: #008080;\">Salutatevi gli uni gli altri con un santo bacio. Tutti i santi vi salutano<\/span>.<br \/>\n13 <span style=\"color: #008080;\">La grazia del Signore Ges\u00f9 Cristo e l&#8217;amore di Dio e la comunione dello Spirito Santo siano con tutti voi<\/span>. <span style=\"color: #008080;\">AMEN<\/span>!<\/p>\n","protected":false},"excerpt":{"rendered":"<p>Preparazione alla Pentecoste 2015 &#8211;\u00a0Chiese Ecumeniche di Palermo Celebrazione della preparazione alla \u201cPentecoste\u201d Giorno : mercoled\u00ec 20 Maggio 2015. Ore 19. Presso la Chiesa Anglicana Elenco delle Chiese che hanno &hellip; <\/p>\n","protected":false},"author":1,"featured_media":21318,"comment_status":"open","ping_status":"open","sticky":false,"template":"","format":"standard","meta":{"footnotes":""},"categories":[3,142,266,6,184,29,10,87],"tags":[30],"class_list":["post-21317","post","type-post","status-publish","format-standard","has-post-thumbnail","hentry","category-asso","category-chiesa-anglicana","category-chiesa-avventista-del-7-giorno","category-chiesa_cattolica","category-chiesa-evangelica-luterana","category-chiesa-ortodossa","category-cultura","category-upedi","tag-chiesa-valdese"],"_links":{"self":[{"href":"https:\/\/www.carlofrancio.net\/index.php?rest_route=\/wp\/v2\/posts\/21317","targetHints":{"allow":["GET"]}}],"collection":[{"href":"https:\/\/www.carlofrancio.net\/index.php?rest_route=\/wp\/v2\/posts"}],"about":[{"href":"https:\/\/www.carlofrancio.net\/index.php?rest_route=\/wp\/v2\/types\/post"}],"author":[{"embeddable":true,"href":"https:\/\/www.carlofrancio.net\/index.php?rest_route=\/wp\/v2\/users\/1"}],"replies":[{"embeddable":true,"href":"https:\/\/www.carlofrancio.net\/index.php?rest_route=%2Fwp%2Fv2%2Fcomments&post=21317"}],"version-history":[{"count":4,"href":"https:\/\/www.carlofrancio.net\/index.php?rest_route=\/wp\/v2\/posts\/21317\/revisions"}],"predecessor-version":[{"id":21322,"href":"https:\/\/www.carlofrancio.net\/index.php?rest_route=\/wp\/v2\/posts\/21317\/revisions\/21322"}],"wp:featuredmedia":[{"embeddable":true,"href":"https:\/\/www.carlofrancio.net\/index.php?rest_route=\/wp\/v2\/media\/21318"}],"wp:attachment":[{"href":"https:\/\/www.carlofrancio.net\/index.php?rest_route=%2Fwp%2Fv2%2Fmedia&parent=21317"}],"wp:term":[{"taxonomy":"category","embeddable":true,"href":"https:\/\/www.carlofrancio.net\/index.php?rest_route=%2Fwp%2Fv2%2Fcategories&post=21317"},{"taxonomy":"post_tag","embeddable":true,"href":"https:\/\/www.carlofrancio.net\/index.php?rest_route=%2Fwp%2Fv2%2Ftags&post=21317"}],"curies":[{"name":"wp","href":"https:\/\/api.w.org\/{rel}","templated":true}]}}