{"id":21295,"date":"2015-04-27T15:00:21","date_gmt":"2015-04-27T15:00:21","guid":{"rendered":"https:\/\/www.carlofrancio.net\/?p=21295"},"modified":"2015-04-27T15:10:47","modified_gmt":"2015-04-27T15:10:47","slug":"agrigento-donne-e-uomini-impegnati-a-costruire-un-mondoaltro","status":"publish","type":"post","link":"https:\/\/www.carlofrancio.net\/?p=21295","title":{"rendered":"Agrigento &#8211; \u00abDonne e Uomini impegnati a costruire un &#8230; &#8220;Mondoaltro&#8221; dove il Cibo e per Tutti\u00bb"},"content":{"rendered":"<blockquote>\n<h1><strong><span style=\"color: #003366;\"><span style=\"color: #003300;\">Cibo per tutti<\/span>: <span style=\"color: #ff0000;\">periferia in&#8230;FAME<\/span><\/span><br \/>\n<\/strong><\/h1>\n<\/blockquote>\n<blockquote><p><img loading=\"lazy\" decoding=\"async\" class=\"CToWUd\" src=\"https:\/\/ci5.googleusercontent.com\/proxy\/nZmWurRGVzuTJDpd-Fa2matP1qYpuMm0tDaHWKwNlzU5YHXhA9csEMMm1xlx985ToPIeFSuGrhIe_WYGtx-aVgaXyTnf8c2Bq9E2XDyw=s0-d-e1-ft#http:\/\/www.caritasagrigento.it\/images\/cibo_per_tutti.jpg\" alt=\"cibo per tutti\" width=\"200\" height=\"68\" align=\"left\" hspace=\"5\" \/><img loading=\"lazy\" decoding=\"async\" class=\"  wp-image-20589 alignright\" src=\"https:\/\/www.carlofrancio.net\/wp-content\/uploads\/2015\/01\/1-mondoaltro.jpg\" alt=\"1-mondoaltro\" width=\"276\" height=\"174\" \/>Venerd\u00ec<span style=\"color: #ff00ff;\"> <strong>22 maggio 2015<\/strong><\/span> si terr\u00e0 il quarto incontro del ciclo formativo annuale \u2013 <strong>\u201cCariting \u2013 cantiere di formazione\u201d<\/strong> &#8211; che il\u00a0<strong>Centro per la Carit\u00e0<\/strong> offre alle Caritas parrocchiali ed ai volontari come occasione di crescita nella fede, nel servizio e nella comunione ecclesiale, nonch\u00e9 esperienza di condivisione di risorse e criticit\u00e0 che ogni giorno si incontrano nel servizio alla carit\u00e0.<br \/>\nL\u2019incontro dal titolo <strong>&#8220;Cibo per tutti: periferia in\u2026 FAME&#8221;<\/strong> si svolger\u00e0 alle <strong>ore 16.00 presso la sala teatro del \u201cGranata\u201d<\/strong> (via Barone, snc) ad Agrigento, sede della Fondazione Mondoaltro ed \u00e8 organizzato in collaborazione con il <strong>Centro per le Missioni dell\u2019Arcidiocesi di Agrigento.<\/strong><\/p>\n<blockquote><p><a href=\"https:\/\/www.youtube.com\/watch?v=zAw6B4FlR6w\" target=\"_blank\"><img loading=\"lazy\" decoding=\"async\" class=\"CToWUd alignleft\" src=\"https:\/\/ci5.googleusercontent.com\/proxy\/skSzpWj1ZEPGiIGT-gVjCKazRt7XecTAqjzJJTjjaM4Jo_koqCmQL1_nfJzKOJE-WqOV0AqqNC2rhrIapD_yCQJmx8z2GmxjuVxyf8lUgQ02=s0-d-e1-ft#http:\/\/www.caritasagrigento.it\/images\/food_for_all_foto.png\" alt=\"food for all foto\" width=\"400\" height=\"310\" \/>L\u2019appello lanciato da Papa Francesco<\/a> <span style=\"color: #800080;\">a tutta l\u2019umanit\u00e0 rappresenta un impegno alla mobilitazione, per rimuovere le cause della fame e le fonti di una disuguaglianza sempre pi\u00f9 profonda, per porre un freno alle derive di un sistema finanziario fuori controllo, per rispondere alla domanda di giustizia ed alla necessit\u00e0 di perseguire il bene comune. Si tratta di questioni che ci interpellano direttamente in questi tempi di crisi, che sembrano aver ridisegnato anche i confini della povert\u00e0 e della vulnerabilit\u00e0: non sono soltanto i \u2018paesi poveri\u2019 a richiedere la nostra attenzione; i segni della deprivazione e della sofferenza sono ben presenti nel nostro mondo, assieme ai paradossali sintomi dello spreco e della dissipazione. Il tema del diritto al cibo \u00e8 dunque l\u2019elemento centrale da cui \u00e8 necessario partire: rimuovere lo \u2018scandalo della fame\u2019 che ancora affligge un\u2019ampia porzione della popolazione del pianeta<\/span>.<\/p><\/blockquote>\n<blockquote><p>Parleremo di questi temi e della campagna <span style=\"color: #008000;\"><strong>\u201cCibo per tutti\u201d<\/strong><\/span> insieme a:<strong><span style=\"color: #0000ff;\">Alberto Friso<\/span>: <\/strong>giornalista, caposervizio al <span style=\"color: #993366;\">Messaggero di Sant&#8217;Antonio<\/span>, <span style=\"color: #3366ff;\">francescano laico<\/span>.<\/p><\/blockquote>\n<blockquote><p>La <a href=\"http:\/\/www.cibopertutti.it\/\" target=\"_blank\">Campagna<\/a><span style=\"color: #ff99cc;\"> \u201c<strong>Una sola famiglia umana, cibo per tutti: \u00e8 compito nostro\u201d<\/strong><\/span>\u00a0\u00a0s<span style=\"color: #008080;\">i pone l\u2019obiettivo di promuovere consapevolezza ed impegno sugli squilibri del pianeta, avendo come aspetto centrale l\u2019elemento educativo.<\/span><\/p><\/blockquote>\n<blockquote><p><span style=\"color: #800080;\">Durante l&#8217;incontro saranno presentate delle buone prassi sviluppate nella nostra diocesi per contrastare la deprivazione di cibo e promuovere i diritti fondamentali per la nutrizione.<\/span><\/p>\n<p><span style=\"color: #812fd4;\"><strong>La Fondazione <span style=\"color: #800000;\">Mondo<\/span><span style=\"color: #993300;\">altro<\/span>, braccio operativo della Caritas diocesana di Agrigento.<\/strong><\/span><\/p><\/blockquote>\n<\/blockquote>\n<p><iframe loading=\"lazy\" src=\"https:\/\/www.youtube.com\/embed\/zAw6B4FlR6w\" width=\"854\" height=\"510\" frameborder=\"0\" allowfullscreen=\"allowfullscreen\"><\/iframe><\/p>\n","protected":false},"excerpt":{"rendered":"<p>Cibo per tutti: periferia in&#8230;FAME Venerd\u00ec 22 maggio 2015 si terr\u00e0 il quarto incontro del ciclo formativo annuale \u2013 \u201cCariting \u2013 cantiere di formazione\u201d &#8211; che il\u00a0Centro per la Carit\u00e0 &hellip; <\/p>\n","protected":false},"author":1,"featured_media":0,"comment_status":"open","ping_status":"open","sticky":false,"template":"","format":"standard","meta":{"footnotes":""},"categories":[68,3,395],"tags":[434,106],"class_list":["post-21295","post","type-post","status-publish","format-standard","hentry","category-arcidiocesi-di-agrigento","category-asso","category-mondoaltro-braccioperativo-caritasagrigento","tag-promozione-umana","tag-solidarieta-volontariato"],"_links":{"self":[{"href":"https:\/\/www.carlofrancio.net\/index.php?rest_route=\/wp\/v2\/posts\/21295","targetHints":{"allow":["GET"]}}],"collection":[{"href":"https:\/\/www.carlofrancio.net\/index.php?rest_route=\/wp\/v2\/posts"}],"about":[{"href":"https:\/\/www.carlofrancio.net\/index.php?rest_route=\/wp\/v2\/types\/post"}],"author":[{"embeddable":true,"href":"https:\/\/www.carlofrancio.net\/index.php?rest_route=\/wp\/v2\/users\/1"}],"replies":[{"embeddable":true,"href":"https:\/\/www.carlofrancio.net\/index.php?rest_route=%2Fwp%2Fv2%2Fcomments&post=21295"}],"version-history":[{"count":4,"href":"https:\/\/www.carlofrancio.net\/index.php?rest_route=\/wp\/v2\/posts\/21295\/revisions"}],"predecessor-version":[{"id":21299,"href":"https:\/\/www.carlofrancio.net\/index.php?rest_route=\/wp\/v2\/posts\/21295\/revisions\/21299"}],"wp:attachment":[{"href":"https:\/\/www.carlofrancio.net\/index.php?rest_route=%2Fwp%2Fv2%2Fmedia&parent=21295"}],"wp:term":[{"taxonomy":"category","embeddable":true,"href":"https:\/\/www.carlofrancio.net\/index.php?rest_route=%2Fwp%2Fv2%2Fcategories&post=21295"},{"taxonomy":"post_tag","embeddable":true,"href":"https:\/\/www.carlofrancio.net\/index.php?rest_route=%2Fwp%2Fv2%2Ftags&post=21295"}],"curies":[{"name":"wp","href":"https:\/\/api.w.org\/{rel}","templated":true}]}}