{"id":2013,"date":"2009-05-24T01:19:54","date_gmt":"2009-05-24T00:19:54","guid":{"rendered":"https:\/\/www.carlofrancio.net\/blog\/?p=2013"},"modified":"2009-05-24T01:19:54","modified_gmt":"2009-05-24T00:19:54","slug":"chiesa-s-antonio-di-padova-in-contrada-piana-di-capo-dorlando","status":"publish","type":"post","link":"https:\/\/www.carlofrancio.net\/?p=2013","title":{"rendered":"Chiesa S. Antonio di Padova &#8211; in Contrada Piana di Capo d&#039;Orlando &#8211;"},"content":{"rendered":"<p>\u00a0<a href=\"https:\/\/www.carlofrancio.net\/blog\/wp-content\/uploads\/2009\/05\/250420095941.jpg\"><img loading=\"lazy\" decoding=\"async\" class=\"alignright size-thumbnail wp-image-2027\" title=\"250420095941\" src=\"https:\/\/www.carlofrancio.net\/blog\/wp-content\/uploads\/2009\/05\/250420095941-150x150.jpg\" alt=\"250420095941\" width=\"150\" height=\"150\" \/><\/a>La <span style=\"color: #339966;\"><strong>Chiesa<\/strong><\/span>, ad unica navata \u00e8 stata costruita a met\u00e0 degli anni &#8217;50 su un terreno donato da A. Conforto. <a href=\"https:\/\/www.carlofrancio.net\/blog\/wp-content\/uploads\/2009\/05\/26042009622.jpg\"><img loading=\"lazy\" decoding=\"async\" class=\"size-thumbnail wp-image-2046 alignleft\" title=\"26042009622\" src=\"https:\/\/www.carlofrancio.net\/blog\/wp-content\/uploads\/2009\/05\/26042009622-150x150.jpg\" alt=\"26042009622\" width=\"150\" height=\"150\" \/><\/a>In seguito\u00a0\u00e8 stata poi ristrutturata ed abbellita con successivi interventi di restauro e manutenzione ed il 20 Novembre del 1994 \u00e8 stata consacrata e dedicata alla <span style=\"color: #ff0000;\"><strong>SS Trinit\u00e0<\/strong><\/span> in onore di <span style=\"color: #008000;\"><strong>S. Antonio di Padova<\/strong><\/span> da <span style=\"color: #0000ff;\"><strong>Mons. Ignazio Zambito <\/strong><\/span><span style=\"color: #800000;\">Vescovo di Patti <\/span>come recita l&#8217;iscrizione su lastra di marmo posta all&#8217;ingresso.\u00a0<a href=\"https:\/\/www.carlofrancio.net\/blog\/wp-content\/uploads\/2009\/05\/250420095931.jpg\"><img loading=\"lazy\" decoding=\"async\" class=\"size-medium wp-image-2026 alignleft\" title=\"250420095931\" src=\"https:\/\/www.carlofrancio.net\/blog\/wp-content\/uploads\/2009\/05\/250420095931-300x225.jpg\" alt=\"250420095931\" width=\"270\" height=\"203\" \/><\/a><\/p>\n<p>L&#8217;asse della Chiesa ha orientamento Est-Ovest, con l&#8217;ingresso principale che prospetta sulla via Consolare Antica illuminato dal Sole nascente ed un altro piccolo ingresso laterale dalla piazzetta limitrofa.<a href=\"https:\/\/www.carlofrancio.net\/blog\/wp-content\/uploads\/2009\/05\/250420095951.jpg\"><img loading=\"lazy\" decoding=\"async\" class=\"alignright size-thumbnail wp-image-2028\" title=\"250420095951\" src=\"https:\/\/www.carlofrancio.net\/blog\/wp-content\/uploads\/2009\/05\/250420095951-150x150.jpg\" alt=\"250420095951\" width=\"150\" height=\"150\" \/><\/a><\/p>\n<p>Ogni parete laterale prende luce da tre finestre fisse abbellite da mosaici colorati. Ogni mosaico rappresenta un diverso e significativo momento liturgico. Un Rosone centrale, attorniato da due strette finestre, dotate anch&#8217;esse di mosaici sovrasta il portone che da su un piccolo sagrato.<\/p>\n<p><a href=\"https:\/\/www.carlofrancio.net\/blog\/wp-content\/uploads\/2009\/05\/25042009608.jpg\"><span style=\"color: #000080;\"><img loading=\"lazy\" decoding=\"async\" src=\"https:\/\/www.carlofrancio.net\/blog\/wp-content\/uploads\/2009\/05\/25042009608-300x225.jpg\" border=\"1\" alt=\"25042009608\" width=\"300\" height=\"225\" align=\"right\" \/><\/span><\/a>L&#8217;interno costituito da un unico ambiente, si presenta \u00a0con i pavimenti in granito grigio e rosso, che indicano il cammino tra le due file di banchi.<br \/>\nL&#8217;altare rialzato in marmo bianco, \u00e8 sovrastato da un bellissimo Crocifisso in legno, che richiama gli occhi dei fedeli. Il fronte dell&#8217;altare ha un altorilievo che indica con un canestro con cinque pani e un grande e un piccolo pesce un &#8220;miracolo&#8221; di Ges\u00f9.<br \/>\n<a href=\"https:\/\/www.carlofrancio.net\/blog\/wp-content\/uploads\/2009\/05\/25042009621.jpg\"><span style=\"color: #000080;\"><img loading=\"lazy\" decoding=\"async\" src=\"https:\/\/www.carlofrancio.net\/blog\/wp-content\/uploads\/2009\/05\/25042009621-150x150.jpg\" border=\"1\" alt=\"25042009621\" width=\"150\" height=\"150\" align=\"left\" \/><\/span><\/a><br \/>\nA sinistra, entrando, troviamo il tabernacolo, dove \u00e8 custodito Ges\u00f9 Eucaristia. I raggi, che emanano dal tabernacolo sono formati da strisce di marmo e granito di vario colore, forma e qualit\u00e0; marmo bianco, rosa aurora , rosso san marco, per un non consueto effetto.<a href=\"https:\/\/www.carlofrancio.net\/blog\/wp-content\/uploads\/2009\/05\/25042009613.jpg\"><span style=\"color: #000080;\"><img loading=\"lazy\" decoding=\"async\" class=\"alignright\" style=\"border: black 1px solid;\" src=\"https:\/\/www.carlofrancio.net\/blog\/wp-content\/uploads\/2009\/05\/25042009613-300x225.jpg\" border=\"1\" alt=\"25042009613\" width=\"270\" height=\"203\" align=\"left\" \/><\/span><\/a><\/p>\n<p>A destra, da poco tempo, abbiamo invece una statua in legno raffigurante \u00abGes\u00f9 Risorto\u00bb, nel tempo ordinario la statua con l&#8217;effige della Madonna del Tindari.<\/p>\n<p>Responsabile della Comunit\u00e0 di San Antonio di Padova \u00e8 il Parroco Padre Antonino Cul\u00f2.<\/p>\n<p><span style=\"color: #000080;\"><a href=\"https:\/\/www.carlofrancio.net\/blog\/wp-content\/uploads\/2009\/05\/260420096331.jpg\"><img loading=\"lazy\" decoding=\"async\" class=\"size-thumbnail wp-image-2057 alignright\" title=\"260420096331\" src=\"https:\/\/www.carlofrancio.net\/blog\/wp-content\/uploads\/2009\/05\/260420096331-150x150.jpg\" alt=\"260420096331\" width=\"150\" height=\"150\" \/><\/a><a href=\"https:\/\/www.carlofrancio.net\/blog\/wp-content\/uploads\/2009\/05\/25042009618.jpg\"><img loading=\"lazy\" decoding=\"async\" src=\"https:\/\/www.carlofrancio.net\/blog\/wp-content\/uploads\/2009\/05\/25042009618-150x150.jpg\" border=\"1\" alt=\"25042009618\" width=\"150\" height=\"150\" align=\"left\" \/><br \/>\n<\/a><strong>3. VICARIATO FORANEO DI CAPO D&#8217;ORLANDO<\/strong><strong><span style=\"font-size: medium;\"><br \/>\n<\/span><\/strong><span style=\"font-size: x-small;\">(<\/span><em><span style=\"font-size: x-small;\"><span style=\"font-style: normal;\">Vicario Foraneo: <\/span><\/span><\/em><\/span><\/p>\n<p style=\"margin-bottom: 0.5cm;\"><em><span style=\"font-size: x-small;\"><span style=\"font-style: normal;\">Padre <\/span><\/span><\/em><em><span style=\"font-size: small;\"><span style=\"font-style: normal;\">Antonino Cul\u00f2<\/span><\/span><\/em><\/p>\n<p style=\"margin-bottom: 0.5cm;\"><!--more--><\/p>\n\n<p style=\"margin-bottom: 0.5cm;\"><!--more--><\/p>\n<p style=\"margin-bottom: 0cm; line-height: 100%;\"><span style=\"color: #0000ff;\">Capo d&#8217;Orlando:<\/span> <span style=\"font-size: small;\">Maria SS. di Porto Salvo (Parroco Luigi Santoro)<\/span><\/p>\n<p style=\"margin-bottom: 0cm; line-height: 100%;\"><span style=\"color: #0000ff;\">Capo d&#8217;Orlando<\/span><span style=\"color: #0000ff;\"><span style=\"font-size: small;\">:<\/span><\/span><span style=\"font-size: small;\"> S. Giuseppe &#8211; fraz. Malvicino (Parroco Sebastiano Triscari)<\/span><\/p>\n<p style=\"margin-bottom: 0cm; line-height: 100%;\"><span style=\"color: #0000ff;\">Capo d&#8217;Orlando<\/span><span style=\"color: #0000ff;\"><span style=\"font-size: small;\">:<\/span><\/span><span style=\"font-size: small;\"> S. Antonio &#8211; fraz. Piana (Parroco Antonino Cul\u00f2)<\/span><\/p>\n<p style=\"margin-bottom: 0cm; line-height: 100%;\">\u00a0<\/p>\n<p style=\"margin-bottom: 0cm; line-height: 100%;\"><span style=\"color: #800080;\">Naso<\/span><span style=\"color: #800080;\"><span style=\"font-size: small;\">: <\/span><\/span><span style=\"font-size: small;\">Ss. Filippo e Giacomo (Parroco Nicol\u00f2 Oriti)<\/span><\/p>\n<p style=\"margin-bottom: 0cm; line-height: 100%;\"><span style=\"color: #800080;\">Naso<\/span><span style=\"color: #800080;\"><span style=\"font-size: small;\">:<\/span><\/span><span style=\"font-size: small;\"> SS. Salvatore (Parroco Nicol\u00f2 Oriti)<\/span><\/p>\n<p style=\"margin-bottom: 0cm; line-height: 100%;\"><span style=\"color: #800080;\">Naso<\/span><span style=\"color: #800080;\"><span style=\"font-size: small;\">:<\/span><\/span><span style=\"font-size: small;\"> Maria SS. della Catena (Amm. Parroco Liborio Di Marco)<\/span><\/p>\n<p style=\"margin-bottom: 0cm; line-height: 100%;\"><span style=\"color: #800080;\">Naso<\/span><span style=\"color: #800080;\"><span style=\"font-size: small;\">:<\/span><\/span><span style=\"font-size: small;\"> Madonna del Buon Consiglio e S. Barbara (Amm. Parroco Salvatore Canciglia)<\/span><\/p>\n<p style=\"margin-bottom: 0cm; line-height: 100%;\">\u00a0<\/p>\n<p style=\"margin-bottom: 0cm; line-height: 100%;\"><span style=\"color: #339966;\">Castell&#8217;Umberto<\/span><span style=\"color: #339966;\"><span style=\"font-size: small;\">:<\/span><\/span><span style=\"font-size: small;\"> Maria SS. Assunta (Parroco Antonino Mastrolembo)<br \/>\n<\/span><span style=\"color: #339966;\">Castell&#8217;Umberto<\/span><span style=\"color: #339966;\"><span style=\"font-size: small;\">: <\/span><\/span><span style=\"color: #000000;\"><span style=\"font-size: small;\">Maria SS. Annunziata <\/span><\/span><span style=\"font-size: small;\">&#8211;<\/span><span style=\"font-size: xx-small;\"> fraz. Sfaranda<\/span><span style=\"font-size: small;\"> (Parroco Antonio Sambataro)<\/span>\n<\/p>\n<p style=\"margin-bottom: 0cm; line-height: 100%;\">\u00a0<\/p>\n<p style=\"margin-bottom: 0cm; line-height: 100%;\"><span style=\"color: #ff00ff;\"><span style=\"font-size: small;\">Tortorici:<\/span><\/span><span style=\"font-size: small;\"> Maria SS. Assunta (Parroco Giuseppe Calabrese)<br \/>\n<\/span><span style=\"color: #ff00ff;\">Tortorici<\/span><span style=\"color: #ff00ff;\"><span style=\"font-size: small;\">:<\/span><\/span> <span style=\"font-size: small;\">S. Nicol\u00f2 di Bari (Parroco Antonino Di Nuzzo)<br \/>\n<\/span><span style=\"color: #ff00ff;\"><span style=\"font-size: small;\">Tortorici: <\/span><\/span><span style=\"font-size: small;\">Maria SS. della Scala &#8211; fraz. Sceti (Parroco Antonio Sambataro)<\/span><br \/>\n<span style=\"color: #ff00ff;\"><span style=\"font-size: small;\">Tortorici:<\/span><\/span><span style=\"color: #000000;\"><span style=\"font-size: small;\"> <\/span><\/span><span style=\"font-size: small;\">Maria SS. Addolorata &#8211; fraz. Torre (Parroco Antonino Leanza)<\/span><\/p>\n<p style=\"margin-bottom: 0cm; line-height: 100%;\"><span style=\"font-size: small;\"><br \/>\n<\/span><span style=\"color: #333399;\">San Salvatore di Fitalia<\/span><span style=\"color: #333399;\"><span style=\"font-size: small;\">: <\/span><\/span><span style=\"font-size: small;\">SS Salvatore e S. Maria (Parroco Placido D&#8217;Omina)<\/span>\n<\/p>\n<p style=\"margin-bottom: 0.5cm; line-height: 150%;\">\u00a0<\/p>\n<p style=\"margin-bottom: 0cm;\">\u00a0<\/p>\n","protected":false},"excerpt":{"rendered":"<p>\u00a0La Chiesa, ad unica navata \u00e8 stata costruita a met\u00e0 degli anni &#8217;50 su un terreno donato da A. Conforto. In seguito\u00a0\u00e8 stata poi ristrutturata ed abbellita con successivi interventi &hellip; <\/p>\n","protected":false},"author":2,"featured_media":0,"comment_status":"open","ping_status":"open","sticky":false,"template":"","format":"standard","meta":{"footnotes":""},"categories":[54,6,13],"tags":[425,426],"class_list":["post-2013","post","type-post","status-publish","format-standard","hentry","category-arcidiocesi-di-messina","category-chiesa_cattolica","category-diocesi-di-patti","tag-chiesa_cattolica","tag-cultura"],"_links":{"self":[{"href":"https:\/\/www.carlofrancio.net\/index.php?rest_route=\/wp\/v2\/posts\/2013","targetHints":{"allow":["GET"]}}],"collection":[{"href":"https:\/\/www.carlofrancio.net\/index.php?rest_route=\/wp\/v2\/posts"}],"about":[{"href":"https:\/\/www.carlofrancio.net\/index.php?rest_route=\/wp\/v2\/types\/post"}],"author":[{"embeddable":true,"href":"https:\/\/www.carlofrancio.net\/index.php?rest_route=\/wp\/v2\/users\/2"}],"replies":[{"embeddable":true,"href":"https:\/\/www.carlofrancio.net\/index.php?rest_route=%2Fwp%2Fv2%2Fcomments&post=2013"}],"version-history":[{"count":0,"href":"https:\/\/www.carlofrancio.net\/index.php?rest_route=\/wp\/v2\/posts\/2013\/revisions"}],"wp:attachment":[{"href":"https:\/\/www.carlofrancio.net\/index.php?rest_route=%2Fwp%2Fv2%2Fmedia&parent=2013"}],"wp:term":[{"taxonomy":"category","embeddable":true,"href":"https:\/\/www.carlofrancio.net\/index.php?rest_route=%2Fwp%2Fv2%2Fcategories&post=2013"},{"taxonomy":"post_tag","embeddable":true,"href":"https:\/\/www.carlofrancio.net\/index.php?rest_route=%2Fwp%2Fv2%2Ftags&post=2013"}],"curies":[{"name":"wp","href":"https:\/\/api.w.org\/{rel}","templated":true}]}}