{"id":1991,"date":"2009-05-21T10:52:39","date_gmt":"2009-05-21T09:52:39","guid":{"rendered":"https:\/\/www.carlofrancio.net\/blog\/?p=1991"},"modified":"2009-05-21T10:52:39","modified_gmt":"2009-05-21T09:52:39","slug":"nino-ferrau-il-poeta-nella-scuola","status":"publish","type":"post","link":"https:\/\/www.carlofrancio.net\/?p=1991","title":{"rendered":"Una &#039;Buona occasione culturale: &quot;Nino Ferra\u00f9 &#8230; il Poeta nella scuola&quot;"},"content":{"rendered":"<p><a href=\"https:\/\/www.carlofrancio.net\/blog\/wp-content\/uploads\/2009\/05\/20052009734.jpg\"><img loading=\"lazy\" decoding=\"async\" class=\"alignleft size-medium wp-image-1994\" title=\"20052009734\" src=\"https:\/\/www.carlofrancio.net\/blog\/wp-content\/uploads\/2009\/05\/20052009734-300x225.jpg\" alt=\"20052009734\" width=\"300\" height=\"225\" \/><\/a>Si \u00e8 svolto ieri Mercoled\u00ec 20 maggio 2009 ore &#8211; 16.00 nel Salone delle Bandiere &#8211; Municipio di Messina<\/p>\n<h2><span style=\"color: #0000ff;\">Il Premio &#8220;Nino Ferra\u00f9&#8230; il poeta nella scuola&#8221; &#8211; XI Edizione<\/span><\/h2>\n<h5><span style=\"color: #3366ff;\">Folta la partecipazione di scolari e insegnanti.<\/span><\/h5>\n<p><a href=\"https:\/\/www.carlofrancio.net\/blog\/wp-content\/uploads\/2009\/05\/20052009752.jpg\"><img loading=\"lazy\" decoding=\"async\" class=\"alignright size-medium wp-image-1996\" title=\"20052009752\" src=\"https:\/\/www.carlofrancio.net\/blog\/wp-content\/uploads\/2009\/05\/20052009752-300x225.jpg\" alt=\"20052009752\" width=\"300\" height=\"225\" \/><\/a>Alle 16,00 era tutto pronto ma &#8230; Poi\u00a0\u00a0la speaker Angela Campo,\u00a0\u00a0con il suo usuale garbo,\u00a0scusandosi\u00a0del ritardo, ha dato inizio, verso le 17,\u00a0 alla manifestazione dando la parola al dirigente <span style=\"color: #0000ff;\">Enzo Trimarchi\u00a0\u00a0<\/span>autore di un breve e sentito intervento di saluto.<\/p>\n<p><a href=\"https:\/\/www.carlofrancio.net\/blog\/wp-content\/uploads\/2009\/05\/20052009761.jpg\"><img loading=\"lazy\" decoding=\"async\" class=\"size-medium wp-image-1999 alignleft\" title=\"20052009761\" src=\"https:\/\/www.carlofrancio.net\/blog\/wp-content\/uploads\/2009\/05\/20052009761-300x225.jpg\" alt=\"20052009761\" width=\"300\" height=\"225\" \/><\/a>Quando il <span style=\"color: #333399;\">dirigente <\/span>ha premiato le scuole aderenti al progetto; il maggiore e prolungato applauso \u00e8 stato appannaggio\u00a0della <span style=\"color: #008000;\">Scuola <\/span>di <span style=\"color: #800080;\">Galati Mamertino<\/span>, comune della costa tirrenica che ha dato\u00a0i natali al poeta <span style=\"color: #800080;\">Nino Ferra\u00f9<\/span>. Scuola che ha partecipato con il maggior numero di elaborati.<\/p>\n<p><a href=\"https:\/\/www.carlofrancio.net\/blog\/wp-content\/uploads\/2009\/05\/20052009738.jpg\"><img loading=\"lazy\" decoding=\"async\" class=\"alignright size-medium wp-image-1995\" title=\"20052009738\" src=\"https:\/\/www.carlofrancio.net\/blog\/wp-content\/uploads\/2009\/05\/20052009738-300x225.jpg\" alt=\"20052009738\" width=\"300\" height=\"225\" \/><\/a>Da segnalare l&#8217;introduzione musicale del pianista <span style=\"color: #333399;\">Daniele Macr\u00ec<\/span> la cui performance \u00e8 stata interrotta da applausi&#8230;<\/p>\n<p>Un premio anche <span style=\"color: #339966;\"><span style=\"color: #000000;\">all&#8217;<\/span>I.S. Minutoli<\/span>, che la conduttrice Angela Campo, stante la momentanea assenza del docente Giovanni Sajia Bisazza, ha voluto fosse ritirato dall&#8217;ing. Carlo Franci\u00f2, ex rappresentante nel <span style=\"color: #ff00ff;\">G.O.Z.<\/span> <span style=\"color: #008000;\">dell&#8217;Istituto Superiore per geometri <\/span>che insieme alla <span style=\"color: #339966;\">SM &#8220;Albino Luciani&#8221;<\/span>\u00a0 ed alla<span style=\"color: #339966;\"> SE <\/span><span style=\"color: #339966;\">&#8220;Nino Ferra\u00f9&#8221;<\/span> completa\u00a0il pool di scuole del territorio di<span style=\"color: #333399;\"> Villaggio Aldisio &#8211; Fondo Fucile <\/span>facenti parte del\u00a0 <span style=\"color: #ff00ff;\">Gruppo Operativo di Zona<\/span>.<\/p>\n<p>Nota di rilievo la vogliamo riservare agli sponsor di questo inte<a href=\"https:\/\/www.carlofrancio.net\/blog\/wp-content\/uploads\/2009\/05\/20052009753.jpg\"><img loading=\"lazy\" decoding=\"async\" class=\"alignright size-thumbnail wp-image-1997\" title=\"20052009753\" src=\"https:\/\/www.carlofrancio.net\/blog\/wp-content\/uploads\/2009\/05\/20052009753-150x150.jpg\" alt=\"20052009753\" width=\"150\" height=\"150\" \/><\/a>ressante appuntamento culturale<\/p>\n<p>Vedere le piccole realt\u00e0 imprenditoriali, commerciali del nostro territorio essere vicine ad una manifestazione in cui sono fruitori in prima persona i nostri piccoli scolari, le loro famiglie i loro insegnanti, ci incoraggia a credere ancora di pi\u00f9 nei valori\u00a0di socialit\u00e0 e di comunit\u00e0 che prediligono l&#8217;arte della poesia e della musica, che si contrappongono agli stereopiti dei vani e vacui\u00a0discorsi dei politici.<\/p>\n<p><a href=\"https:\/\/www.carlofrancio.net\/blog\/wp-content\/uploads\/2009\/05\/20052009736.jpg\"><img loading=\"lazy\" decoding=\"async\" class=\"alignright size-thumbnail wp-image-2000\" title=\"20052009736\" src=\"https:\/\/www.carlofrancio.net\/blog\/wp-content\/uploads\/2009\/05\/20052009736-150x150.jpg\" alt=\"20052009736\" width=\"150\" height=\"150\" \/><\/a>Ben rappresentato il territorio del Villaggio Aldisio capitanato dalla Premiata Merceria Nicolino.<\/p>\n<h4>Complimenti al <span style=\"color: #00ccff;\">Comitato organizzatore <\/span>del premio.<\/h4>\n<h4>\u00a0<\/h4>\n","protected":false},"excerpt":{"rendered":"<p>Si \u00e8 svolto ieri Mercoled\u00ec 20 maggio 2009 ore &#8211; 16.00 nel Salone delle Bandiere &#8211; Municipio di Messina Il Premio &#8220;Nino Ferra\u00f9&#8230; il poeta nella scuola&#8221; &#8211; XI Edizione &hellip; <\/p>\n","protected":false},"author":1,"featured_media":0,"comment_status":"open","ping_status":"open","sticky":false,"template":"","format":"standard","meta":{"footnotes":""},"categories":[46,48],"tags":[426,430,431],"class_list":["post-1991","post","type-post","status-publish","format-standard","hentry","category-scuola","category-sociale","tag-cultura","tag-scuola","tag-sociale"],"_links":{"self":[{"href":"https:\/\/www.carlofrancio.net\/index.php?rest_route=\/wp\/v2\/posts\/1991","targetHints":{"allow":["GET"]}}],"collection":[{"href":"https:\/\/www.carlofrancio.net\/index.php?rest_route=\/wp\/v2\/posts"}],"about":[{"href":"https:\/\/www.carlofrancio.net\/index.php?rest_route=\/wp\/v2\/types\/post"}],"author":[{"embeddable":true,"href":"https:\/\/www.carlofrancio.net\/index.php?rest_route=\/wp\/v2\/users\/1"}],"replies":[{"embeddable":true,"href":"https:\/\/www.carlofrancio.net\/index.php?rest_route=%2Fwp%2Fv2%2Fcomments&post=1991"}],"version-history":[{"count":0,"href":"https:\/\/www.carlofrancio.net\/index.php?rest_route=\/wp\/v2\/posts\/1991\/revisions"}],"wp:attachment":[{"href":"https:\/\/www.carlofrancio.net\/index.php?rest_route=%2Fwp%2Fv2%2Fmedia&parent=1991"}],"wp:term":[{"taxonomy":"category","embeddable":true,"href":"https:\/\/www.carlofrancio.net\/index.php?rest_route=%2Fwp%2Fv2%2Fcategories&post=1991"},{"taxonomy":"post_tag","embeddable":true,"href":"https:\/\/www.carlofrancio.net\/index.php?rest_route=%2Fwp%2Fv2%2Ftags&post=1991"}],"curies":[{"name":"wp","href":"https:\/\/api.w.org\/{rel}","templated":true}]}}